{"id":122251,"date":"2023-09-01T08:51:08","date_gmt":"2023-09-01T08:51:08","guid":{"rendered":"https:\/\/haberulus.net\/?p=122251"},"modified":"2023-09-01T08:51:08","modified_gmt":"2023-09-01T08:51:08","slug":"guney-kore-lideri-ulkemiz-komunizm-tehdidi-altinda","status":"publish","type":"post","link":"https:\/\/haberulus.net\/?p=122251","title":{"rendered":"G\u00fcney Kore lideri: \u00dclkemiz \u201ckom\u00fcnizm\u201d tehdidi alt\u0131nda"},"content":{"rendered":"<p>G\u00fcney Kore Devlet Ba\u015fkan\u0131 Yoon Suk-Yeol, \u00fclkesinin ABD ve Japonya aras\u0131nda ilerleyen i\u015fbirli\u011fini risk olarak g\u00f6ren \u201ckom\u00fcnist totaliter g\u00fc\u00e7ler\u201din tehdidi alt\u0131nda oldu\u011funu savundu.<\/p>\n<p>Yonhap\u2019\u0131n haberine g\u00f6re, G\u00fcney Kore D\u0131\u015fi\u015fleri Bakanl\u0131\u011f\u0131na ba\u011fl\u0131 Kore Ulusal Diplomasi Akademisi&#8217;nin 60. y\u0131l\u0131nda konu\u015fan Yoon, \u00fclkedeki liberal demokrasinin \u201ckom\u00fcnizm\u201d tehlikesi alt\u0131nda oldu\u011fu uyar\u0131s\u0131nda bulundu. Yoon, \u201cLiberal demokrasi ve piyasa ekonomisi, G\u00fcney Kore Cumhuriyeti&#8217;nin bar\u0131\u015f ve refah\u0131n\u0131 destekleyen g\u00fc\u00e7lerdir.\u201d ifadesini kulland\u0131.<\/p>\n<p>\u00dclke \u00f6zg\u00fcrl\u00fc\u011f\u00fcn\u00fcn tehdit alt\u0131nda oldu\u011funu belirten Yoon, \u201cHala kom\u00fcnist totaliter g\u00fc\u00e7ler ve onlar\u0131n f\u0131rsat\u00e7\u0131 takip\u00e7ileri ile devlet kar\u015f\u0131t\u0131 g\u00fc\u00e7ler, Japon kar\u015f\u0131t\u0131 hassasiyetleri k\u0131\u015fk\u0131rt\u0131yor.\u201d dedi.<\/p>\n<p>\u00c7in, ABD, G\u00fcney Kore ve Japonya\u2019n\u0131n Camp David\u2019de yapt\u0131\u011f\u0131 \u00fc\u00e7l\u00fc zirveye i\u015faret eden Yoon, \u201c(Kom\u00fcnist totaliter g\u00fc\u00e7ler) Camp David\u2019de G\u00fcney Kore, ABD ve Japonya i\u015fbirli\u011fi mekanizmalar\u0131n\u0131n G\u00fcney Kore Cumhuriyetini ve halk\u0131n\u0131 tehlikeye ataca\u011f\u0131 gibi yanl\u0131\u015f y\u00f6nlendirmelerde bulunuyor.\u201d diye konu\u015ftu.<\/p>\n<p>ABD, G\u00fcney Kore ve Japonya devlet ba\u015fkanlar\u0131, ABD\u2019nin Maryland eyaletindeki Camp David\u2019de, Kuzey Kore\u2019nin olu\u015fturdu\u011fu tehdide kar\u015f\u0131 18 A\u011fustos\u2019ta d\u00fczenlenen \u00fc\u00e7l\u00fc zirvede bir araya gelmi\u015fti. Zirve sonras\u0131nda, Pasifik\u2019teki g\u00fcvenlik tehditlerine kar\u015f\u0131 ABD, Japonya ve G\u00fcney Kore\u2019nin \u00e7e\u015fitli alanlarda \u00fc\u00e7l\u00fc i\u015fbirliklerini geni\u015fletme taahh\u00fcd\u00fc verilmi\u015fti. (AA)<\/p>\n","protected":false},"excerpt":{"rendered":"<p>G\u00fcney Kore Devlet Ba\u015fkan\u0131 Yoon, \u00fclkenin &#8220;kom\u00fcnist totaliter g\u00fc\u00e7lerin&#8221; tehdidi alt\u0131nda oldu\u011funu s\u00f6yledi.<\/p>\n","protected":false},"author":1,"featured_media":122252,"comment_status":"closed","ping_status":"open","sticky":false,"template":"","format":"standard","meta":{"footnotes":""},"categories":[24],"tags":[11,3013,4087,1035,5692],"class_list":["post-122251","post","type-post","status-publish","format-standard","has-post-thumbnail","hentry","category-dunya","tag-abd","tag-gucler","tag-guney-kore","tag-japonya","tag-yoon"],"_links":{"self":[{"href":"https:\/\/haberulus.net\/index.php?rest_route=\/wp\/v2\/posts\/122251","targetHints":{"allow":["GET"]}}],"collection":[{"href":"https:\/\/haberulus.net\/index.php?rest_route=\/wp\/v2\/posts"}],"about":[{"href":"https:\/\/haberulus.net\/index.php?rest_route=\/wp\/v2\/types\/post"}],"author":[{"embeddable":true,"href":"https:\/\/haberulus.net\/index.php?rest_route=\/wp\/v2\/users\/1"}],"replies":[{"embeddable":true,"href":"https:\/\/haberulus.net\/index.php?rest_route=%2Fwp%2Fv2%2Fcomments&post=122251"}],"version-history":[{"count":1,"href":"https:\/\/haberulus.net\/index.php?rest_route=\/wp\/v2\/posts\/122251\/revisions"}],"predecessor-version":[{"id":122253,"href":"https:\/\/haberulus.net\/index.php?rest_route=\/wp\/v2\/posts\/122251\/revisions\/122253"}],"wp:featuredmedia":[{"embeddable":true,"href":"https:\/\/haberulus.net\/index.php?rest_route=\/wp\/v2\/media\/122252"}],"wp:attachment":[{"href":"https:\/\/haberulus.net\/index.php?rest_route=%2Fwp%2Fv2%2Fmedia&parent=122251"}],"wp:term":[{"taxonomy":"category","embeddable":true,"href":"https:\/\/haberulus.net\/index.php?rest_route=%2Fwp%2Fv2%2Fcategories&post=122251"},{"taxonomy":"post_tag","embeddable":true,"href":"https:\/\/haberulus.net\/index.php?rest_route=%2Fwp%2Fv2%2Ftags&post=122251"}],"curies":[{"name":"wp","href":"https:\/\/api.w.org\/{rel}","templated":true}]}}