{"id":122254,"date":"2023-09-01T08:51:09","date_gmt":"2023-09-01T08:51:09","guid":{"rendered":"https:\/\/haberulus.net\/?p=122254"},"modified":"2023-09-01T08:51:09","modified_gmt":"2023-09-01T08:51:09","slug":"selena-gomezin-paylasimi-tartisma-yaratti-kurallari-cignedi","status":"publish","type":"post","link":"https:\/\/haberulus.net\/?p=122254","title":{"rendered":"Selena Gomez\u2019in payla\u015f\u0131m\u0131 tart\u0131\u015fma yaratt\u0131\u2026 Kurallar\u0131 \u00e7i\u011fnedi"},"content":{"rendered":"<p>G\u00f6steri d\u00fcnyas\u0131 bir s\u00fcredir oyuncular\u0131n ve yazarlar\u0131n greviyle sars\u0131l\u0131yor. Breaking Bad&#8217;den Bryan Cranston, Matilda&#8217;n\u0131n \u00e7ocuk y\u0131ld\u0131z\u0131 Mara Wilson, romantik komedi y\u0131ld\u0131z\u0131 John Cusack, Jessica Chastain ve This Is Us&#8217;tan Mandy Moore gibi birbirinden \u00fcnl\u00fc isim ve pek \u00e7ok yazar haklar\u0131n\u0131 ararken t\u00fcm d\u00fcnyada sab\u0131rs\u0131zl\u0131kla beklenen bir\u00e7ok yap\u0131m da vizyon tarihlerini erteleme karar\u0131 almak zorunda kald\u0131.<\/p>\n<p>Ge\u00e7ti\u011fimiz aylarda SAG-AFTRA&#8217;n\u0131n internet sitesinde yay\u0131mlanan ortak mesajda, AMPTP ile sanat\u00e7\u0131lar\u0131n, maa\u015f ve yapay zekaya kar\u015f\u0131 i\u015f g\u00fcvencesi konusunda yap\u0131lan g\u00f6r\u00fc\u015fmelerin sonu\u00e7suz kalmas\u0131 nedeniyle grev karar\u0131 verilmesi i\u00e7in ad\u0131m at\u0131ld\u0131\u011f\u0131 duyurulmu\u015ftu.<\/p>\n<p><img decoding=\"async\" src=\"https:\/\/i01.sozcucdn.com\/wp-content\/uploads\/2023\/09\/01\/onlymurders.jpg\" alt=\"\" title=\"\"><\/p>\n<p>Grev karar\u0131ndan sonra da pek \u00e7ok yap\u0131m ertelenirken, vizyona girenler ya da ak\u0131\u015f platformlar\u0131 ve televizyon kanallar\u0131nda yay\u0131nlanan yap\u0131mlar i\u00e7in ise oyunculardan destek al\u0131namayacakt\u0131. Yani bir oyuncu sosyal medya hesab\u0131ndan yap\u0131mla ilgili herhangi bir payla\u015f\u0131m yapamayacak ve ayn\u0131 zamanda tan\u0131t\u0131mlar kapsam\u0131ndaki etkinliklere kat\u0131lamayacakt\u0131.<\/p>\n<p><b>GREV KURALLARINA AYKIRI DAVRANDI<\/b><\/p>\n<p>Selena Gomez\u2019in payla\u015f\u0131m\u0131 da bu y\u00fczden tart\u0131\u015fma yaratt\u0131. G\u00fczel oyuncu bir s\u00fcredir Steve Martin, Martin Short gibi iki dev isimle \u201cOnly Murders in The Building\u201dde beraber rol al\u0131yor. Gomez \u00fc\u00e7\u00fcnc\u00fc sezonu yay\u0131nlanmaya ba\u015flayan dizinin \u00e7ekimlerinden siyah-beyaz bir video payla\u015ft\u0131.\u00a0Gomez\u2019in payla\u015f\u0131m\u0131 15 saat boyunca yay\u0131nda kald\u0131 ve kald\u0131r\u0131lmadan \u00f6nce 1,1 milyondan fazla be\u011feni ald\u0131.<\/p>\n<p><img decoding=\"async\" src=\"https:\/\/i01.sozcucdn.com\/wp-content\/uploads\/2023\/09\/01\/onlymurdersin.jpg\" alt=\"\" title=\"\"><\/p>\n<p>Ancak bu payla\u015f\u0131m\u0131 grev kurallar\u0131n\u0131 da ihlal etti. Asl\u0131nda Gomez, takip\u00e7ilerini g\u00f6steriyi izlemeye te\u015fvik etmese de resmi Only Murders in The Building Instagram hesab\u0131n\u0131 etiketledi\u011fi i\u00e7in durum biraz kar\u0131\u015f\u0131k bir hal ald\u0131. SAG-AFTRA yorum yapmaktan ka\u00e7\u0131nsa da Gomez bir s\u00fcre sonra payla\u015f\u0131m\u0131n\u0131 kald\u0131rd\u0131.<\/p>\n<p>Only Murders in The Building dizisinin \u00fc\u00e7\u00fcnc\u00fc sezonu 8 A\u011fustos\u2019ta yay\u0131nlamaya ba\u015flad\u0131 ve 3 Ekim\u2019e kadar da devam edecek. Ayr\u0131ca dizi daha \u00f6nce oldu\u011fu gibi konuk oyuncular\u0131yla da dikkat \u00e7ekiyor. Bu sezon Jesse Williams, Meryl Streep ve Paul Rudd gibi isimler de yer al\u0131yor.<\/p>\n<p>Ancak SAG-AFTRA grevi ba\u015flad\u0131\u011f\u0131ndan beri oyunculardan hi\u00e7biri 3. sezon hakk\u0131nda r\u00f6portaj vermedi veya herhangi bir bilgi payla\u015fmad\u0131.<\/p>\n","protected":false},"excerpt":{"rendered":"<p>Hollywood&#8217;da oyuncular\u0131n ve yazarlar\u0131n grevi devam ederken g\u00fczel y\u0131ld\u0131z Selena Gomez&#8217;den tart\u0131\u015fma yaratan bir hamle geldi.\u00a0<\/p>\n","protected":false},"author":1,"featured_media":122255,"comment_status":"closed","ping_status":"open","sticky":false,"template":"","format":"standard","meta":{"footnotes":""},"categories":[27],"tags":[4936,522,197,403],"class_list":["post-122254","post","type-post","status-publish","format-standard","has-post-thumbnail","hentry","category-kultur-sanat","tag-gomez","tag-grev","tag-oyuncu","tag-paylasim"],"_links":{"self":[{"href":"https:\/\/haberulus.net\/index.php?rest_route=\/wp\/v2\/posts\/122254","targetHints":{"allow":["GET"]}}],"collection":[{"href":"https:\/\/haberulus.net\/index.php?rest_route=\/wp\/v2\/posts"}],"about":[{"href":"https:\/\/haberulus.net\/index.php?rest_route=\/wp\/v2\/types\/post"}],"author":[{"embeddable":true,"href":"https:\/\/haberulus.net\/index.php?rest_route=\/wp\/v2\/users\/1"}],"replies":[{"embeddable":true,"href":"https:\/\/haberulus.net\/index.php?rest_route=%2Fwp%2Fv2%2Fcomments&post=122254"}],"version-history":[{"count":1,"href":"https:\/\/haberulus.net\/index.php?rest_route=\/wp\/v2\/posts\/122254\/revisions"}],"predecessor-version":[{"id":122256,"href":"https:\/\/haberulus.net\/index.php?rest_route=\/wp\/v2\/posts\/122254\/revisions\/122256"}],"wp:featuredmedia":[{"embeddable":true,"href":"https:\/\/haberulus.net\/index.php?rest_route=\/wp\/v2\/media\/122255"}],"wp:attachment":[{"href":"https:\/\/haberulus.net\/index.php?rest_route=%2Fwp%2Fv2%2Fmedia&parent=122254"}],"wp:term":[{"taxonomy":"category","embeddable":true,"href":"https:\/\/haberulus.net\/index.php?rest_route=%2Fwp%2Fv2%2Fcategories&post=122254"},{"taxonomy":"post_tag","embeddable":true,"href":"https:\/\/haberulus.net\/index.php?rest_route=%2Fwp%2Fv2%2Ftags&post=122254"}],"curies":[{"name":"wp","href":"https:\/\/api.w.org\/{rel}","templated":true}]}}