{"id":122269,"date":"2023-09-01T09:05:07","date_gmt":"2023-09-01T09:05:07","guid":{"rendered":"https:\/\/haberulus.net\/?p=122269"},"modified":"2023-09-01T09:05:07","modified_gmt":"2023-09-01T09:05:07","slug":"fenerbahce-baskani-ali-koc-altay-bayindir-hakkinda-aciklama-yapti","status":"publish","type":"post","link":"https:\/\/haberulus.net\/?p=122269","title":{"rendered":"Fenerbah\u00e7e Ba\u015fkan\u0131 Ali Ko\u00e7, Altay Bay\u0131nd\u0131r hakk\u0131nda a\u00e7\u0131klama yapt\u0131"},"content":{"rendered":"<p>Fenerbah\u00e7e Ba\u015fkan\u0131 Ali Ko\u00e7 Premier Lig ekiplerinden Manchester United&#8217;a transfer olan milli kaleci Altay Bay\u0131nd\u0131r&#8217;\u0131 \u0130ngiltere&#8217;ye u\u011furlad\u0131.<\/p>\n<p>Atat\u00fcrk Havaliman\u0131\u2019na giderek Altay Bay\u0131nd\u0131r&#8217;a veda eden Ba\u015fkan Ali Ko\u00e7 transfer s\u00fcrecine ve Fenerbah\u00e7e an\u0131lar\u0131na ili\u015fkin samimi a\u00e7\u0131klamalarda bulundu.<\/p>\n<p>Altay Bay\u0131nd\u0131r\u2019\u0131n profesyonelli\u011finden, serbest oyuncu konumuna d\u00fc\u015fmesine ra\u011fmen Fenerbah\u00e7e ile s\u00f6zle\u015fme yenilemesine kadar bir\u00e7ok konuya de\u011finen Ali Ko\u00e7, \u015fu ifadeleri kulland\u0131:<\/p>\n<p>\u201cAltay, her zaman kariyer planlamas\u0131 olan ve kendine yat\u0131r\u0131m yapan bir futbolcu. Birka\u00e7 r\u00f6portaj\u0131mda da herkesin kul\u00fcb\u00fcnde istedi\u011fi bir profil olarak anlatm\u0131\u015ft\u0131m. Gencecik ya\u015f\u0131nda Fenerbah\u00e7e kalesini teslim ettik. O zaman da \u015fa\u015f\u0131rm\u0131\u015flard\u0131, tabii Fenerbah\u00e7e&#8217;nin T\u00fcrk kaleci gelene\u011fi do\u011frultusunda zaten Ankarag\u00fcc\u00fc&#8217;nden de kaptan gelmi\u015fti. K\u0131sa bir s\u00fcrede de Fenerbah\u00e7e&#8217;de kaptan oldu.\u201d<\/p>\n<p><b>\u201c\u015e\u00dcKRETMEY\u0130 B\u0130L\u0130YOR\u201d<\/b><\/p>\n<p>\u201cHer kul\u00fcb\u00fcn, her ba\u015fkan\u0131n, her hocan\u0131n isteyece\u011fi bir sporcu diyelim. Kaleci demiyorum, sporcu diyorum \u00f6zellikle. Allah&#8217;\u0131n verdi\u011fi yetenekler var. Bir kere \u015f\u00fckretmeyi biliyor. Bulundu\u011fu pozisyonu hafife alm\u0131yor. Hafife almamak ne demek? Profesyonel bilin\u00e7le ve disiplinle hayattan yeri geldi\u011fi zaman fedak\u00e2rl\u0131k yap\u0131p, kendine yat\u0131r\u0131m yapmak.\u201d<\/p>\n<p><b>\u201cCEFA \u00c7EKMEYEN FUTBOLCU DOLU\u201d<\/b><\/p>\n<p>\u201cYemesi, i\u00e7mesi, uykusu, tak\u0131m idmanlar\u0131 d\u0131\u015f\u0131nda yapt\u0131\u011f\u0131 idmanlar ve kendine bakma bilincinde olmas\u0131. Sonu\u00e7ta 15-17 senelik bir kariyer bu. Son d\u00f6nemlerde \u00e7ok futbolcu g\u00f6r\u00fcyoruz sadece T\u00fcrkiye&#8217;de de\u011fil, futbolun getirdi\u011fi nimetlerden faydalan\u0131p ama futbolun beklentilerini yeterince kar\u015f\u0131lamayan, kar\u015f\u0131lama sorumlulu\u011funda olmayan k\u0131sacas\u0131 futbolun keyfine varan ama cefas\u0131n\u0131 yeterince \u00e7ekmeyen futbolcu dolu etrafta.\u201d<\/p>\n<p><b>\u201cALTAY 10 NUMARA 5 YILDIZ B\u0130R FUTBOLCU\u201d<\/b><\/p>\n<p>\u201cAltay&#8217;\u0131 \u00e7ok \u00e7ok iyi bildi\u011fimiz i\u00e7in Selahattin Bey daha da iyi biliyor. Dolay\u0131s\u0131yla profesyonellik a\u00e7\u0131s\u0131ndan, ciddiyet a\u00e7\u0131s\u0131ndan, ta\u015f\u0131d\u0131\u011f\u0131 formay\u0131 armay\u0131 temsiliyet a\u00e7\u0131s\u0131ndan, zekas\u0131 a\u00e7\u0131s\u0131ndan, Fenerbah\u00e7e&#8217;ye duydu\u011fu aidiyet a\u00e7\u0131s\u0131ndan her tak\u0131m b\u00f6yle bir futbolcusu de\u011fil bir\u00e7ok futbolcusu olsun ister. S\u00f6ylemek kolay, elde etmek zor. Dolay\u0131s\u0131yla o a\u00e7\u0131dan bakt\u0131\u011f\u0131n zaman Altay komple birinci s\u0131n\u0131f, \u2018on numara be\u015f y\u0131ld\u0131z&#8217; derler ya \u00f6yle bir futbolcu, sporcu, kaptan, insan. \u0130nsanl\u0131k \u00e7ok \u00e7ok \u00f6nemli.\u201d<\/p>\n<p><img decoding=\"async\" src=\"https:\/\/i01.sozcucdn.com\/wp-content\/uploads\/2023\/09\/01\/ali-koc-altay-bayindir.jpg\" alt=\"\" title=\"\"><\/p>\n<p><b>\u201cMANU\u2019DAN DAHA \u0130LER\u0130S\u0130 \u00c7OK FAZLA YOK\u201d<\/b><\/p>\n<p>\u201cTabii buruk bir veda. O her zaman kariyerini Avrupa&#8217;da s\u00fcrd\u00fcrmek istiyordu ama herkese nasip olmaz. D\u00fcnya&#8217;n\u0131n en iyi liginde d\u00fcnyan\u0131n en iyi tak\u0131mlar\u0131ndan birine transfer olmak. \u015eimdi ne d\u00fc\u015f\u00fcyor Altay&#8217;a. \u00d6nce T\u00fcrk bayra\u011f\u0131n\u0131 sonra Fenerbah\u00e7e&#8217;sini orada en iyi \u015fekilde temsil etmek. Daha da ilerlesin diyece\u011fim de Manchester United&#8217;tan daha ilerisi \u00e7ok fazla yok.\u201d<\/p>\n<p><b>\u201c\u00d6NEML\u0130 OLAN Z\u0130RVEDE TUTUNMAK\u201d<\/b><\/p>\n<p>\u201c\u015eu an Manchester United&#8217;\u0131n tarihine, takip\u00e7isine, marka de\u011ferine ve ba\u015far\u0131lar\u0131na bakt\u0131\u011f\u0131n\u0131z zaman zaten b\u00f6yle elle say\u0131l\u0131r \u00fc\u00e7 be\u015f tane kul\u00fcp var. Altay&#8217;a \u015fey de diyemiyorum, \u2018G\u00f6z\u00fcn zirvelerde olsun&#8217; \u00e7\u00fcnk\u00fc en zirveye geldi. \u00d6nemli olan bu zirvede bu saatten sonra tutunmak. \u015eahs\u0131m, kul\u00fcb\u00fcm, y\u00f6netim kurulum ama daha \u00f6nemlisi Fenerbah\u00e7e taraftarlar\u0131na te\u015fekk\u00fcr ediyorum. Geldi, bize b\u00fcy\u00fck hizmetleri oldu, hem de giderken bize kazand\u0131r\u0131yor.\u201d<\/p>\n<p><b>\u201cALTAY \u0130LE VAKT\u0130NDE ANLA\u015eAMADIK\u201d<\/b><\/p>\n<p>\u201cBir konuya parantez a\u00e7mak istiyorum. Demin profili tarif ettim ya, biz Altay ile vaktinde anla\u015famad\u0131k. Anla\u015famad\u0131k, pazarl\u0131klar uzun s\u00fcrd\u00fc falan diye de\u011fil, bizim \u00e7ocu\u011fumuz bizim evlad\u0131m\u0131z nas\u0131l olsa zaman\u0131 geldi\u011finde orta yolda bulu\u015furuz diye. Tabii ocak ay\u0131n\u0131 ge\u00e7mi\u015fti. Oca\u011f\u0131 ge\u00e7ince ne demek, Altay serbest transfer yani bonservisi olmayan bir oyuncu konumuna geldi. Do\u011fal olarak da teklifler geldi. Tekliflere de a\u00e7\u0131kt\u0131.\u201d<\/p>\n<p><img decoding=\"async\" src=\"https:\/\/i01.sozcucdn.com\/wp-content\/uploads\/2023\/09\/01\/altay-bayindir-ali-koc-1.jpg\" alt=\"\" title=\"\"><\/p>\n<p><b>\u201cALTAY\u2019IN MECBUR\u0130YET\u0130 YOKKEN S\u00d6ZLE\u015eME UZATTI\u201d<\/b><\/p>\n<p>\u201cKul\u00fcpten hi\u00e7bir \u015fekilde m\u00fcsaade almas\u0131 gereken bir durum da yoktu. Dolay\u0131s\u0131yla elini kolunu sallayarak ba\u015fka bir kul\u00fcbe gitmesi i\u00e7in yolu tamamen a\u00e7\u0131kt\u0131. Sa\u011f olsun kendisi de Sefa da gelen teklifleri, ad\u0131m ad\u0131m her \u015feyi anlatt\u0131lar. Manchester United&#8217;tan \u00e7ok b\u00fcy\u00fck bir teklif geldi. Bu teklifte serbest oyuncu oldu\u011fu i\u00e7in asl\u0131nda Fenerbah\u00e7e&#8217;yi de ilgilendiren bir durum yoktu ama Altay hi\u00e7bir mecburiyeti yokken, hi\u00e7bir zorunlulu\u011fu yokken, Fenerbah\u00e7e ile s\u00f6zle\u015fme uzatt\u0131.\u201d<\/p>\n<p><b>\u201cTEKL\u0130FLER\u0130 KAYBETME R\u0130SK\u0130N\u0130 ALDI\u201d<\/b><\/p>\n<p>\u201cFenerbah\u00e7e&#8217;ye de kazand\u0131rmadan gitmem d\u00fc\u015f\u00fcncesiyle i\u015fte aidiyet duygusunun, ba\u011fl\u0131l\u0131\u011f\u0131n par\u00e7as\u0131, kaptanl\u0131\u011f\u0131n getirdi\u011fi, insanl\u0131\u011f\u0131n\u0131n par\u00e7as\u0131. Bizle hi\u00e7bir mecburiyeti yokken bu s\u00f6zle\u015fmeyi uzatt\u0131. B\u00f6yle oldu\u011fu zaman bir oyuncu serbest transfer ise kul\u00fcplerin ilgisi, konsantrasyonu, arzusu ba\u015fka oluyor. \u0130\u015fin i\u00e7inde bonservis bedeli var iken ba\u015fka oluyor. O gelen teklifleri kaybetme riskini de alarak Fenerbah\u00e7e&#8217;si ile s\u00f6zle\u015fmesini uzatt\u0131.\u201d<\/p>\n<p><b>\u201cARZU ETT\u0130\u011e\u0130 YERE G\u0130D\u0130YOR\u201d<\/b><\/p>\n<p>\u201cAllah&#8217;a \u00e7ok \u015f\u00fck\u00fcr ki buna ra\u011fmen yine de Manchester United, oldu. Selahattin Bey, Altay, Sefa biliyor. Kul\u00fcpte biraz insan biliyor. Ama hi\u00e7bir mecburiyeti yokken Altay Fenerbah\u00e7e ile s\u00f6zle\u015fmesini uzatt\u0131 ve bu sayede ilgililerin gelen tekliflerin bozulma riskini de alarak yapt\u0131. \u00c7ok \u015f\u00fck\u00fcr ki arzu etti\u011fi yere gidiyor. \u00c7ok \u015f\u00fck\u00fcr ki Fenerbah\u00e7e&#8217;de Altay \u00fczerinden hem bug\u00fcn hem de yar\u0131n olas\u0131 bir transferinde bir ekonomik fayda, gelir elde edecektir.\u201d<\/p>\n<p>\u201cDolay\u0131s\u0131yla \u00e7ok az oyuncu bunu yapar. \u00c7ok \u00e7ok az oyuncu yapar. Ba\u015fkanl\u0131\u011f\u0131m bitince in\u015fallah bir g\u00fcn son 5-6 y\u0131l\u0131m\u0131 anlatt\u0131\u011f\u0131m zaman bu tip konularda da testiyi ta\u015f\u0131yanla k\u0131ran\u0131n ne kadar farkl\u0131 oldu\u011funu ne kadar faydal\u0131 ve zararl\u0131 oldu\u011funu da anlat\u0131r\u0131m ama o g\u00fcnler geldi\u011fi zaman da verece\u011fimiz en b\u00fcy\u00fck \u00f6rnekte bu arkada\u015f\u0131m\u0131z olacak. Bunun i\u00e7in ona te\u015fekk\u00fcr ediyorum.\u201d<\/p>\n<p><b>\u201cONU \u0130ZLEMEYE G\u0130DECE\u011e\u0130Z\u201d<\/b><\/p>\n<p>\u201cBu k\u00fc\u00e7\u00fck bir veda. Manchester United&#8217;a onu izlemeye gidece\u011fiz. \u0130n\u015fallah yak\u0131n zamanda orada kal\u0131c\u0131 bir \u015fekilde de olur ama unutmay\u0131n ki, tekrar s\u00f6yl\u00fcyorum. D\u00fcnyan\u0131n en b\u00fcy\u00fck kul\u00fcplerinden birinin kalecisi olarak Fenerbah\u00e7emizden Premier Lig&#8217;e transfer oluyor. Bu sene Bundesliga&#8217;ya, La Liga&#8217;ya, Premier Lig&#8217;e, Portekiz Ligi&#8217;ne ve bir s\u00fcr\u00fc ba\u015fka lige transferlerimiz oldu.\u201d<\/p>\n<p>\u201cBu a\u00e7\u0131dan da do\u011fru yolda oldu\u011fumuzu d\u00fc\u015f\u00fcn\u00fcyorum. Bir kaleci i\u00e7in hala ya\u015f\u0131 \u00e7ok \u00e7ok gen\u00e7. Dolay\u0131s\u0131yla \u00f6n\u00fc \u00e7ok \u00e7ok a\u00e7\u0131k. Allah kazadan, beladan, sakatl\u0131ktan korusun. Hem \u00fclkemizi hem Fenerbah\u00e7emizi in\u015fallah en iyi \u015fekilde temsil edecek. Allah yar ve yard\u0131mc\u0131s\u0131 olsun. \u015eans\u0131 bol, yolu a\u00e7\u0131k olsun.\u201d<\/p>\n","protected":false},"excerpt":{"rendered":"<p>Manchester United&#8217;\u0131n yeni transferi Altay Bay\u0131nd\u0131r i\u00e7in Atat\u00fcrk Havaliman\u0131&#8217;nda d\u00fczenlenen veda t\u00f6reninde Fenerbah\u00e7e Ba\u015fkan\u0131 Ali Ko\u00e7, gen\u00e7 kalecinin profesyonelli\u011fini ve Fenerbah\u00e7e&#8217;ye olan ba\u011fl\u0131l\u0131\u011f\u0131n\u0131 \u00f6vg\u00fcyle anlatt\u0131.<\/p>\n","protected":false},"author":1,"featured_media":122270,"comment_status":"closed","ping_status":"open","sticky":false,"template":"","format":"standard","meta":{"footnotes":""},"categories":[31],"tags":[872,346,905,438,289],"class_list":["post-122269","post","type-post","status-publish","format-standard","has-post-thumbnail","hentry","category-spor","tag-altay","tag-fenerbahce","tag-futbolcu","tag-transfer","tag-zaman"],"_links":{"self":[{"href":"https:\/\/haberulus.net\/index.php?rest_route=\/wp\/v2\/posts\/122269","targetHints":{"allow":["GET"]}}],"collection":[{"href":"https:\/\/haberulus.net\/index.php?rest_route=\/wp\/v2\/posts"}],"about":[{"href":"https:\/\/haberulus.net\/index.php?rest_route=\/wp\/v2\/types\/post"}],"author":[{"embeddable":true,"href":"https:\/\/haberulus.net\/index.php?rest_route=\/wp\/v2\/users\/1"}],"replies":[{"embeddable":true,"href":"https:\/\/haberulus.net\/index.php?rest_route=%2Fwp%2Fv2%2Fcomments&post=122269"}],"version-history":[{"count":1,"href":"https:\/\/haberulus.net\/index.php?rest_route=\/wp\/v2\/posts\/122269\/revisions"}],"predecessor-version":[{"id":122271,"href":"https:\/\/haberulus.net\/index.php?rest_route=\/wp\/v2\/posts\/122269\/revisions\/122271"}],"wp:featuredmedia":[{"embeddable":true,"href":"https:\/\/haberulus.net\/index.php?rest_route=\/wp\/v2\/media\/122270"}],"wp:attachment":[{"href":"https:\/\/haberulus.net\/index.php?rest_route=%2Fwp%2Fv2%2Fmedia&parent=122269"}],"wp:term":[{"taxonomy":"category","embeddable":true,"href":"https:\/\/haberulus.net\/index.php?rest_route=%2Fwp%2Fv2%2Fcategories&post=122269"},{"taxonomy":"post_tag","embeddable":true,"href":"https:\/\/haberulus.net\/index.php?rest_route=%2Fwp%2Fv2%2Ftags&post=122269"}],"curies":[{"name":"wp","href":"https:\/\/api.w.org\/{rel}","templated":true}]}}