{"id":122341,"date":"2023-09-01T10:51:05","date_gmt":"2023-09-01T10:51:05","guid":{"rendered":"https:\/\/haberulus.net\/?p=122341"},"modified":"2023-09-01T10:51:05","modified_gmt":"2023-09-01T10:51:05","slug":"birlesik-krallikta-imalat-sanayi-aktivitesi-salgindan-bu-yana-en-dusuk-seviyede","status":"publish","type":"post","link":"https:\/\/haberulus.net\/?p=122341","title":{"rendered":"Birle\u015fik Krall\u0131k\u2019ta imalat sanayi aktivitesi salg\u0131ndan bu yana en d\u00fc\u015f\u00fck seviyede"},"content":{"rendered":"<p>S&#038;P Global\/CIPS taraf\u0131ndan yap\u0131lan a\u00e7\u0131klamada, \u00fclkede bu y\u0131l\u0131n a\u011fustos ay\u0131nda imalat sanayi Sat\u0131n Al\u0131m Y\u00f6neticileri Endeksi (PMI) verisinin 43 seviyesine geriledi\u011fi bildirildi.<\/p>\n<p>Beklenti, imalat sanayi PMI verisinin 42,5 seviyesinde ger\u00e7ekle\u015fmesi y\u00f6n\u00fcndeydi.<\/p>\n<p>\u00dclkede bir \u00f6nceki ayda (temmuz) imalat sanayi PMI verisi 45,3 olarak tespit edilmi\u015fti.<\/p>\n<p>PMI verilerinde 50 seviyesinin \u00fcst\u00fc sekt\u00f6r b\u00fcy\u00fcmeyesine, alt\u0131 ise sekt\u00f6r daralmas\u0131na i\u015faret ediyor.<\/p>\n<p>A\u00e7\u0131klamada a\u011fustosta imalat sanayisi aktivitesinin, salg\u0131n kapanmalar\u0131n\u0131n ya\u015fand\u0131\u011f\u0131 2020 y\u0131l\u0131 bahar d\u00f6neminden bu yana en d\u00fc\u015f\u00fck performans\u0131n\u0131 g\u00f6sterdi\u011fi kaydedildi.<\/p>\n<p><b>EKONOM\u0130 ZAYIFLADI<\/b><\/p>\n<p>Konuya ili\u015fkin de\u011ferlendirmelerine yer verilen S&#038;P Global Piyasa Ara\u015ft\u0131rmalar\u0131 Direkt\u00f6r\u00fc Rob Dobson, \u00fcreticilerin ekonominin artan faiz oranlar\u0131, ya\u015fam maliyeti ve ihracat kay\u0131plar\u0131 nedeniyle zay\u0131flad\u0131\u011f\u0131 g\u00f6r\u00fc\u015f\u00fcnde oldu\u011funu belirtti.<\/p>\n<p>Ge\u00e7en ay, \u0130ngiltere Merkez Bankas\u0131 (BoE), politika faizinin 25 baz puan art\u0131r\u0131larak y\u00fczde 5,25 seviyesine y\u00fckseltildi\u011fini duyurmu\u015ftu. B\u00f6ylece politika faizi son 15 y\u0131l\u0131n en y\u00fcksek seviyesine ula\u015fm\u0131\u015ft\u0131.<\/p>\n<p>\u0130ngiltere Merkez Bankas\u0131, enflasyon hedefini y\u00fczde 2 seviyesinde tutmaya devam ediyor.<\/p>\n<p>Ulusal \u0130statistik Ofisi verilerine g\u00f6re, y\u0131ll\u0131k enflasyon temmuzda y\u00fczde 6,8 ile hazirandaki y\u00fczde 7,9 seviyesine gerilemi\u015fti. (AA)<\/p>\n","protected":false},"excerpt":{"rendered":"<p>Birle\u015fik Krall\u0131k&#8217;ta imalat sanayi aktivitesi a\u011fustos ay\u0131nda, salg\u0131ndan bu yana en d\u00fc\u015f\u00fck seviyesine geriledi.<\/p>\n","protected":false},"author":1,"featured_media":122342,"comment_status":"closed","ping_status":"open","sticky":false,"template":"","format":"standard","meta":{"footnotes":""},"categories":[25],"tags":[],"class_list":["post-122341","post","type-post","status-publish","format-standard","has-post-thumbnail","hentry","category-ekonomi"],"_links":{"self":[{"href":"https:\/\/haberulus.net\/index.php?rest_route=\/wp\/v2\/posts\/122341","targetHints":{"allow":["GET"]}}],"collection":[{"href":"https:\/\/haberulus.net\/index.php?rest_route=\/wp\/v2\/posts"}],"about":[{"href":"https:\/\/haberulus.net\/index.php?rest_route=\/wp\/v2\/types\/post"}],"author":[{"embeddable":true,"href":"https:\/\/haberulus.net\/index.php?rest_route=\/wp\/v2\/users\/1"}],"replies":[{"embeddable":true,"href":"https:\/\/haberulus.net\/index.php?rest_route=%2Fwp%2Fv2%2Fcomments&post=122341"}],"version-history":[{"count":1,"href":"https:\/\/haberulus.net\/index.php?rest_route=\/wp\/v2\/posts\/122341\/revisions"}],"predecessor-version":[{"id":122343,"href":"https:\/\/haberulus.net\/index.php?rest_route=\/wp\/v2\/posts\/122341\/revisions\/122343"}],"wp:featuredmedia":[{"embeddable":true,"href":"https:\/\/haberulus.net\/index.php?rest_route=\/wp\/v2\/media\/122342"}],"wp:attachment":[{"href":"https:\/\/haberulus.net\/index.php?rest_route=%2Fwp%2Fv2%2Fmedia&parent=122341"}],"wp:term":[{"taxonomy":"category","embeddable":true,"href":"https:\/\/haberulus.net\/index.php?rest_route=%2Fwp%2Fv2%2Fcategories&post=122341"},{"taxonomy":"post_tag","embeddable":true,"href":"https:\/\/haberulus.net\/index.php?rest_route=%2Fwp%2Fv2%2Ftags&post=122341"}],"curies":[{"name":"wp","href":"https:\/\/api.w.org\/{rel}","templated":true}]}}