{"id":122347,"date":"2023-09-01T10:51:07","date_gmt":"2023-09-01T10:51:07","guid":{"rendered":"https:\/\/haberulus.net\/?p=122347"},"modified":"2023-09-01T10:51:07","modified_gmt":"2023-09-01T10:51:07","slug":"avcilardaki-kazilarda-heyecan-verici-gelisme","status":"publish","type":"post","link":"https:\/\/haberulus.net\/?p=122347","title":{"rendered":"Avc\u0131lar\u2019daki kaz\u0131larda heyecan verici geli\u015fme"},"content":{"rendered":"<p>Amerikan Arkeoloji Enstit\u00fcs\u00fc Dergisi, \u0130ngiliz Independent Gazetesi ile Heritage Key adl\u0131 yay\u0131n organlar\u0131 taraf\u0131ndan \u2018D\u00fcnyan\u0131n En \u00d6nemli Arkeolojik Ke\u015fiflerinin \u0130lk On Listesi\u2019nde g\u00f6sterilen Bathonea Antik Liman kenti kaz\u0131lar\u0131nda b\u00fcy\u00fck bir karbon tabakas\u0131 bulundu.<\/p>\n<p>K\u00fclt\u00fcr ve Turizm Bakanl\u0131\u011f\u0131 ile Kocaeli \u00dcniversitesi taraf\u0131ndan s\u00fcrd\u00fcr\u00fclen kaz\u0131lardaki karbon tabakas\u0131 bilim insanlar\u0131 taraf\u0131ndan incelemeye al\u0131nd\u0131.<\/p>\n<p>Prof. Dr. \u015eeng\u00fcl Ayd\u0131ng\u00fcn\u2019\u00fcn ba\u015fkanl\u0131\u011f\u0131ndaki kaz\u0131larda bulunan tabakada \u00e7ok say\u0131da sikkeye de ula\u015f\u0131ld\u0131.<\/p>\n<p>Kocaeli \u00dcniversitesi Yer Fizi\u011fi Anabilim Dal\u0131 Ba\u015fkan\u0131 Prof. Dr. \u015eerif Bar\u0131\u015f, karbon tabakas\u0131n\u0131 yerinde inceleyerek Prof. Dr. Ayd\u0131ng\u00fcn\u2019den bilgiler ald\u0131.<\/p>\n<p>Prof. Dr. Bar\u0131\u015f karbon tabakas\u0131yla ilgili bilgi verirken, 1900\u2019l\u00fc y\u0131llardan \u00f6ncesi depremlerin sismolojide \u2018Tarihsel Depremler\u2019 olarak nitelendirildi\u011fini, bunlardan \u00f6zellikle 1500\u2019l\u00fc y\u0131llardan \u00f6nce \u00e7ok keskinlik bulunmad\u0131\u011f\u0131n\u0131 s\u00f6yledi.<\/p>\n<p>Prof. Dr. Bar\u0131\u015f, \u2018Katalog\u2019 olarak adland\u0131r\u0131lan depremlerin listesi incelendi\u011finde \u0130stanbul\u2019da \u00e7ok fazla konu\u015fulmayan 611, 601 ve 677\u2019de hasar yapan 3 tane deprem oldu\u011funu ifade etti.<\/p>\n<p>Prof. Dr. \u015eerif Bar\u0131\u015f \u201cBurada g\u00f6r\u00fclen hasar da\u011f\u0131l\u0131m\u0131 ve hasar\u0131n yo\u011funlu\u011fu ile olu\u015fan yang\u0131n, muhtemelen bu depremin etkisiyle sonu\u00e7 olarak olu\u015fmu\u015f. Bunun i\u00e7in detayl\u0131 ara\u015ft\u0131rmalar yapmak gerekiyor. Arkeologlar\u0131n buldu\u011fu sikke ve di\u011fer bulgular bize deprem tarihiyle ilgili \u00f6nemli bulgular verebilir. Bunun i\u00e7in detayl\u0131 inceleme ve ara\u015ft\u0131rma yapmak gerekir. Benzer \u015feyi 557 y\u0131l\u0131ndaki depremde \u015fu mekan\u0131n biraz ilerisinde hasar\u0131 bulduk. Dolay\u0131s\u0131yla bunu tarihlendirerek, \u2018Evet bu kesin bir deprem etkisiyle olu\u015fmu\u015ftur\u2019 \u00a0deriz. E\u011fer bu ger\u00e7ekten bir deprem sonucu olu\u015fmu\u015fsa bu bizim ve \u0130stanbul\u2019un deprem riski a\u00e7\u0131s\u0131ndan \u00f6nemli bulgu olacak\u201d diye konu\u015ftu.<\/p>\n<p>B\u00f6lgede y\u0131llardan bu yana kaz\u0131 alan sorumlusu olarak g\u00f6rev yapan Arkeolog Ayberk Enez de, \u201c2 ayd\u0131r s\u00fcrd\u00fcrd\u00fc\u011f\u00fcm\u00fcz arkeolojik \u00e7al\u0131\u015fmalarda M.S. 610 ve 640 y\u0131llar\u0131na tarihlenen bir\u00e7ok sikke buluntusuna ula\u015ft\u0131k\u201d diye konu\u015ftu. (DHA)<\/p>\n","protected":false},"excerpt":{"rendered":"<p>\u0130stanbul Avc\u0131lar&#8217;da K\u00fc\u00e7\u00fck\u00e7ekmece G\u00f6l\u00fc havzas\u0131 i\u00e7inde s\u00fcrd\u00fcr\u00fclen Bathonea Antik Kenti kaz\u0131lar\u0131nda, M.S. 600&#8217;l\u00fc y\u0131llarda \u00e7\u0131kan b\u00fcy\u00fck bir yang\u0131n\u0131n karbon tabakas\u0131 izleri ortaya \u00e7\u0131kar\u0131ld\u0131.<\/p>\n","protected":false},"author":1,"featured_media":122348,"comment_status":"closed","ping_status":"open","sticky":false,"template":"","format":"standard","meta":{"footnotes":""},"categories":[27],"tags":[1958,3081],"class_list":["post-122347","post","type-post","status-publish","format-standard","has-post-thumbnail","hentry","category-kultur-sanat","tag-deprem","tag-prof-dr"],"_links":{"self":[{"href":"https:\/\/haberulus.net\/index.php?rest_route=\/wp\/v2\/posts\/122347","targetHints":{"allow":["GET"]}}],"collection":[{"href":"https:\/\/haberulus.net\/index.php?rest_route=\/wp\/v2\/posts"}],"about":[{"href":"https:\/\/haberulus.net\/index.php?rest_route=\/wp\/v2\/types\/post"}],"author":[{"embeddable":true,"href":"https:\/\/haberulus.net\/index.php?rest_route=\/wp\/v2\/users\/1"}],"replies":[{"embeddable":true,"href":"https:\/\/haberulus.net\/index.php?rest_route=%2Fwp%2Fv2%2Fcomments&post=122347"}],"version-history":[{"count":1,"href":"https:\/\/haberulus.net\/index.php?rest_route=\/wp\/v2\/posts\/122347\/revisions"}],"predecessor-version":[{"id":122349,"href":"https:\/\/haberulus.net\/index.php?rest_route=\/wp\/v2\/posts\/122347\/revisions\/122349"}],"wp:featuredmedia":[{"embeddable":true,"href":"https:\/\/haberulus.net\/index.php?rest_route=\/wp\/v2\/media\/122348"}],"wp:attachment":[{"href":"https:\/\/haberulus.net\/index.php?rest_route=%2Fwp%2Fv2%2Fmedia&parent=122347"}],"wp:term":[{"taxonomy":"category","embeddable":true,"href":"https:\/\/haberulus.net\/index.php?rest_route=%2Fwp%2Fv2%2Fcategories&post=122347"},{"taxonomy":"post_tag","embeddable":true,"href":"https:\/\/haberulus.net\/index.php?rest_route=%2Fwp%2Fv2%2Ftags&post=122347"}],"curies":[{"name":"wp","href":"https:\/\/api.w.org\/{rel}","templated":true}]}}