{"id":122363,"date":"2023-09-01T11:05:05","date_gmt":"2023-09-01T11:05:05","guid":{"rendered":"https:\/\/haberulus.net\/?p=122363"},"modified":"2023-09-01T11:05:05","modified_gmt":"2023-09-01T11:05:05","slug":"trabzonspor-baskani-ertugrul-dogandan-ekonomik-zorluklar-ve-yeni-sezon-hedefleri-uzerine-aciklamalar","status":"publish","type":"post","link":"https:\/\/haberulus.net\/?p=122363","title":{"rendered":"Trabzonspor Ba\u015fkan\u0131 Ertu\u011frul Do\u011fan\u2019dan ekonomik zorluklar ve yeni sezon hedefleri \u00fczerine a\u00e7\u0131klamalar"},"content":{"rendered":"<p>Trabzonspor Ba\u015fkan\u0131 Ertu\u011frul Do\u011fan, kul\u00fcp dergisinin 209. say\u0131s\u0131na a\u00e7\u0131klamalarda bulundu. Bordo-mavili kul\u00fcb\u00fcn 56. kurulu\u015f y\u0131l d\u00f6n\u00fcm\u00fcn\u00fc kutlayan Do\u011fan, ya\u015fanan ekonomik zorluklar\u0131n \u00f6nceki d\u00f6nem y\u00f6netiminde yap\u0131lan hatalar nedeniyle oldu\u011funu savundu.<\/p>\n<p>Trabzon\u2019un k\u00f6kl\u00fc bir futbol tarihine sahip oldu\u011funu belirten Do\u011fan, \u201cKul\u00fcb\u00fcm\u00fcz\u00fcn 56. kurulu\u015f y\u0131l d\u00f6n\u00fcm\u00fcn\u00fc b\u00fcy\u00fck bir gurur ve co\u015fkuyla kutlad\u0131k. Trabzonspor kurulal\u0131 56 y\u0131l ge\u00e7se de mazimiz 1900\u2019l\u00fc y\u0131llara dayanmaktad\u0131r. Trabzon, d\u00fcn oldu\u011fu gibi bug\u00fcn de \u00f6\u011freten ve \u00f6nc\u00fcl\u00fck eden kadim bir \u015fehirdir. Ortaya koydu\u011fumuz bu irade ve g\u00fc\u00e7l\u00fc iddia, 1967\u2019de Trabzonspor\u2019u kurmu\u015f, tarihler 1976\u2019y\u0131 g\u00f6sterdi\u011finde Anadolu\u2019ya \u015fampiyonlu\u011fu getiren ilk kul\u00fcp olmakla ta\u00e7lanm\u0131\u015ft\u0131r.\u201d dedi.<\/p>\n<p><b>\u201cHATALI Y\u00d6NET\u0130M C\u0130DD\u0130 MAL\u0130YETLER \u00c7IKARDI\u201d<\/b><\/p>\n<p>Trabzonspor\u2019un ge\u00e7mi\u015ften bug\u00fcne \u00f6rnek ve \u00f6nder olma de\u011ferlerini ta\u015f\u0131d\u0131\u011f\u0131n\u0131 ifade eden Do\u011fan, kul\u00fcp tarihinde yeri ve izi olanlardan ald\u0131klar\u0131 emaneti sorumlulukla ta\u015f\u0131yacaklar\u0131n\u0131 belirtti.<\/p>\n<p>S\u00fcrd\u00fcr\u00fclebilir ba\u015far\u0131 i\u00e7in ekonomik yap\u0131n\u0131n \u00f6nemli oldu\u011funu kaydeden Do\u011fan, \u201cHer sezon tak\u0131m\u0131 yeniden y\u0131k\u0131p yapmak ekonominize b\u00fcy\u00fck zararlar verirken sahada da ba\u015far\u0131s\u0131z olabiliyorsunuz. Ge\u00e7en sezon baz\u0131 hatalar\u0131 i\u00e7eren y\u00f6netim \u015fekli bug\u00fcn kar\u015f\u0131m\u0131za maalesef ciddi maliyetler \u00e7\u0131kartm\u0131\u015ft\u0131r. Bunu ortadan kald\u0131rmak ya da hemen kurtulmak ne yaz\u0131k ki kolay de\u011fildir.\u201d ifadelerini kulland\u0131.<\/p>\n<p><b>\u201c1,4 M\u0130LYAR TL \u00d6DED\u0130K, BORCUMUZ 1 TL AZALMADI\u201d<\/b><\/p>\n<p>Ba\u015fkan Do\u011fan, y\u00f6netime geldikleri g\u00fcnden bu yana bor\u00e7 \u00f6dediklerini belirterek, \u201cGeldi\u011fimiz g\u00fcnden bu yana 1,4 milyar TL\u2019lik \u00f6deme ger\u00e7ekle\u015ftirdik. Bu miktardaki \u00f6demeye ra\u011fmen borcumuz 1 lira azalmad\u0131. D\u00f6viz kuru ve faizde ya\u015fanan y\u00fckseli\u015fler b\u00fct\u00fcn kul\u00fcpleri oldu\u011fu gibi bizi de olumsuz etkilemektedir. Buradan \u00e7\u0131k\u0131\u015f\u0131m\u0131z\u0131n yolu tak\u0131m\u0131m\u0131z\u0131n maa\u015f b\u00fct\u00e7esini dengelemek, oyuncu sat\u0131\u015f\u0131 ve sponsorluklard\u0131r. Maa\u015f b\u00fct\u00e7esini dengeleyecek hamleler yapsak da baz\u0131 oyuncularda ya\u015fad\u0131\u011f\u0131m\u0131z s\u0131k\u0131nt\u0131lar halen devam etmektedir. Yabanc\u0131 say\u0131m\u0131z\u0131n fazlal\u0131\u011f\u0131ndan dolay\u0131 oyuncu g\u00f6ndermeden alam\u0131yoruz. S\u00fcre\u00e7 zor; ancak, \u00e7al\u0131\u015fmalar\u0131m\u0131z\u0131 s\u00fcrd\u00fcr\u00fcyoruz.\u201d dedi.<\/p>\n<p><b>\u201cBEDEL \u00d6D\u00dcYORUZ\u201d<\/b><\/p>\n<p>Ba\u015fkan Do\u011fan, kul\u00fcb\u00fcn ekonomisini d\u00fczeltmek i\u00e7in y\u00fcksek maliyetli transferler yapmamakta kararl\u0131 olduklar\u0131n\u0131 belirterek \u015funlar\u0131 s\u00f6yledi:<\/p>\n<p>\u201cCamiam\u0131z \u015funu bilsin ki; ge\u00e7mi\u015f d\u00f6nemlerdeki gibi ne y\u00fcksek bonservisli oyuncu alaca\u011f\u0131z ne de ald\u0131klar\u0131m\u0131za astronomik maa\u015f \u00f6deyece\u011fiz. D\u00fcn \u00f6dedik, bug\u00fcn bedel \u00f6d\u00fcyoruz. Yar\u0131nlar\u0131m\u0131zda ayn\u0131 bedeli \u00f6dememek i\u00e7in dengeli ve seviyeli ilerleyece\u011fiz. Bu konuda kesin kararl\u0131y\u0131z. Tak\u0131m\u0131m\u0131z\u0131n yeniden yap\u0131land\u0131r\u0131lmas\u0131 kapsam\u0131nda transferleri ger\u00e7ekle\u015ftirece\u011fiz. Gerek altyap\u0131m\u0131z gerekse A Tak\u0131m\u2019\u0131n s\u00fcrekli \u00fcretece\u011fi, yar\u0131\u015faca\u011f\u0131 ve ba\u015far\u0131ya ula\u015faca\u011f\u0131 organizasyona sahip bir yap\u0131ya orta vadede kavu\u015faca\u011f\u0131m\u0131za inan\u0131yorum. Sizler de inan\u0131n.\u201d<\/p>\n<p>Stadyum i\u00e7in yap\u0131lan isim sponsorluk anla\u015fmas\u0131n\u0131n hedefleri ger\u00e7ekle\u015ftirmede itici g\u00fc\u00e7 olaca\u011f\u0131n\u0131 s\u00f6yleyen Do\u011fan, yeni sponsorluk anla\u015fmalar\u0131 i\u00e7in de \u00e7al\u0131\u015ft\u0131klar\u0131n\u0131 a\u00e7\u0131klad\u0131.<\/p>\n<p><b>\u201cTAKIMINIZA SAH\u0130P \u00c7IKIN\u201d<\/b><\/p>\n<p>Taraftarlardan destek isteyen Do\u011fan, \u201cHer yeni sezon yeni bir umut demektir. Sizlerden ricam; tak\u0131m\u0131n\u0131za destek olman\u0131z, kul\u00fcb\u00fcn\u00fcze sahip \u00e7\u0131kman\u0131zd\u0131r. Birlikte her t\u00fcrl\u00fc zorlu\u011fun alt\u0131ndan kalkt\u0131\u011f\u0131m\u0131z\u0131 defalarca g\u00f6sterdik. Bug\u00fcnler de o g\u00fcnlerdir. Gerek forma gerek kombine alarak desteklerinizi bekliyorum.\u201d diyerek s\u00f6zlerini tamamlad\u0131. (DHA)<\/p>\n","protected":false},"excerpt":{"rendered":"<p>Trabzonspor Ba\u015fkan\u0131 Ertu\u011frul Do\u011fan, kul\u00fcb\u00fcn 56. kurulu\u015f y\u0131l d\u00f6n\u00fcm\u00fcnde yapt\u0131\u011f\u0131 a\u00e7\u0131klamada, ekonomik zorluklar\u0131n \u00f6nceki d\u00f6nem y\u00f6netiminin hatalar\u0131 nedeniyle ya\u015fand\u0131\u011f\u0131n\u0131 s\u00f6yledi. Do\u011fan, &#8220;Ge\u00e7mi\u015f sezon baz\u0131 hatalar\u0131 i\u00e7eren y\u00f6netim \u015fekli bug\u00fcn kar\u015f\u0131m\u0131za maalesef ciddi maliyetler \u00e7\u0131kartm\u0131\u015ft\u0131r&#8221; dedi.<\/p>\n","protected":false},"author":1,"featured_media":122364,"comment_status":"closed","ping_status":"open","sticky":false,"template":"","format":"standard","meta":{"footnotes":""},"categories":[31],"tags":[4145,2733],"class_list":["post-122363","post","type-post","status-publish","format-standard","has-post-thumbnail","hentry","category-spor","tag-dogan","tag-takimi"],"_links":{"self":[{"href":"https:\/\/haberulus.net\/index.php?rest_route=\/wp\/v2\/posts\/122363","targetHints":{"allow":["GET"]}}],"collection":[{"href":"https:\/\/haberulus.net\/index.php?rest_route=\/wp\/v2\/posts"}],"about":[{"href":"https:\/\/haberulus.net\/index.php?rest_route=\/wp\/v2\/types\/post"}],"author":[{"embeddable":true,"href":"https:\/\/haberulus.net\/index.php?rest_route=\/wp\/v2\/users\/1"}],"replies":[{"embeddable":true,"href":"https:\/\/haberulus.net\/index.php?rest_route=%2Fwp%2Fv2%2Fcomments&post=122363"}],"version-history":[{"count":1,"href":"https:\/\/haberulus.net\/index.php?rest_route=\/wp\/v2\/posts\/122363\/revisions"}],"predecessor-version":[{"id":122365,"href":"https:\/\/haberulus.net\/index.php?rest_route=\/wp\/v2\/posts\/122363\/revisions\/122365"}],"wp:featuredmedia":[{"embeddable":true,"href":"https:\/\/haberulus.net\/index.php?rest_route=\/wp\/v2\/media\/122364"}],"wp:attachment":[{"href":"https:\/\/haberulus.net\/index.php?rest_route=%2Fwp%2Fv2%2Fmedia&parent=122363"}],"wp:term":[{"taxonomy":"category","embeddable":true,"href":"https:\/\/haberulus.net\/index.php?rest_route=%2Fwp%2Fv2%2Fcategories&post=122363"},{"taxonomy":"post_tag","embeddable":true,"href":"https:\/\/haberulus.net\/index.php?rest_route=%2Fwp%2Fv2%2Ftags&post=122363"}],"curies":[{"name":"wp","href":"https:\/\/api.w.org\/{rel}","templated":true}]}}