{"id":122369,"date":"2023-09-01T11:21:03","date_gmt":"2023-09-01T11:21:03","guid":{"rendered":"https:\/\/haberulus.net\/?p=122369"},"modified":"2023-09-01T11:21:03","modified_gmt":"2023-09-01T11:21:03","slug":"a-milli-takimin-euro-2024-elemeleri-ve-ozel-mac-aday-kadrosu-aciklandi","status":"publish","type":"post","link":"https:\/\/haberulus.net\/?p=122369","title":{"rendered":"A Milli Tak\u0131m\u2019\u0131n EURO 2024 elemeleri ve \u00f6zel ma\u00e7 aday kadrosu a\u00e7\u0131kland\u0131"},"content":{"rendered":"<p>UEFA EURO 2024 Elemeleri\u2019nde 8 Eyl\u00fcl\u2019de Ermenistan ve 12 Eyl\u00fcl\u2019de \u00f6zel ma\u00e7ta Japonya ile kar\u015f\u0131la\u015facak A Mill\u00ee Tak\u0131m\u0131m\u0131z\u0131n aday kadrosu a\u00e7\u0131kland\u0131.<\/p>\n<p>A Mill\u00ee Tak\u0131m\u2019a davet edilen oyuncular, 3 Eyl\u00fcl Pazar g\u00fcn\u00fc saat 18.00\u2019den itibaren TFF\u2019nin Riva\u2019daki Hasan Do\u011fan Mill\u00ee Tak\u0131mlar Kamp ve E\u011fitim Tesisleri\u2019nde toplanmaya ba\u015flayacak.<\/p>\n<p>Eski\u015fehir\u2019de oynanacak Ermenistan ma\u00e7\u0131na bu tesiste haz\u0131rlanacak Ay-Y\u0131ld\u0131zl\u0131lar, ilk \u00e7al\u0131\u015fmas\u0131n\u0131 da 4 Eyl\u00fcl Pazartesi g\u00fcn\u00fc saat 18.00\u2019de ger\u00e7ekle\u015ftirecek. Bu antrenman\u0131n ilk 15 dakikal\u0131k b\u00f6l\u00fcm\u00fc medyaya a\u00e7\u0131k olacak.<\/p>\n<ul>\n<li><strong>Kaleciler:<\/strong> Altay Bay\u0131nd\u0131r, Mert G\u00fcnok, U\u011furcan \u00c7ak\u0131r.<\/li>\n<li><strong>Savunmac\u0131lar:<\/strong> Onur Bulut, Zeki \u00c7elik, Abd\u00fclkerim Bardakc\u0131, Cenk \u00d6zkacar, \u00c7a\u011flar S\u00f6y\u00fcnc\u00fc, Merih Demiral, Ozan Kabak, Kaz\u0131mcan Karata\u015f, Mert M\u00fcld\u00fcr.<\/li>\n<li><strong>Orta sahalar:<\/strong> Cengiz \u00dcnder, Yusuf Sar\u0131, Hakan \u00c7alhano\u011flu, \u0130smail Y\u00fcksek, Orkun K\u00f6k\u00e7\u00fc, Salih \u00d6zcan, Salih U\u00e7an, \u0130rfan Can Kahveci, Kerem Akt\u00fcrko\u011flu.<\/li>\n<li><strong>Forvetler:<\/strong> Bar\u0131\u015f Alper Y\u0131lmaz, Bertu\u011f Y\u0131ld\u0131r\u0131m, Umut Nayir<\/li>\n<\/ul>\n<p><b>A M\u0130LL\u0130 TAKIMIN PROGRAMI<\/b><\/p>\n<p>A Mill\u00ee Tak\u0131m kafilesi, 6 Eyl\u00fcl \u00c7ar\u015famba g\u00fcn\u00fc saat 15.00\u2019te T\u00fcrk Hava Yollar\u0131\u2019na (THY) ait u\u00e7akla Eski\u015fehir\u2019e gidecek.<\/p>\n<p>A Mill\u00ee Tak\u0131m Teknik Direkt\u00f6r\u00fcm\u00fcz Stefan Kuntz ve bir futbolcumuz, 7 Eyl\u00fcl Per\u015fembe g\u00fcn\u00fc saat 19.15\u2019te Ermenistan ma\u00e7\u0131na ev sahipli\u011fi yapacak Eski\u015fehir Yeni Stadyum\u2019da bir bas\u0131n toplant\u0131s\u0131 d\u00fczenleyecek. Ay-Y\u0131ld\u0131zl\u0131lar, ma\u00e7 \u00f6ncesindeki resm\u00ee idman\u0131n\u0131 toplant\u0131n\u0131n ard\u0131ndan 20.00\u2019de bu tesiste ger\u00e7ekle\u015ftirecek.<\/p>\n<p><img decoding=\"async\" src=\"https:\/\/i01.sozcucdn.com\/wp-content\/uploads\/2023\/09\/01\/f47xy2uweaa314c.jpg\" alt=\"\" title=\"\"><\/p>\n<p>T\u00fcrkiye \u2013 Ermenistan m\u00fcsabakas\u0131, 8 Eyl\u00fcl Cuma g\u00fcn\u00fc 21.45\u2019te ba\u015flayacak ve TRT 1\u2019den naklen yay\u0131nlanacak.<\/p>\n<p>A Mill\u00ee Tak\u0131m\u0131m\u0131z, Japonya ile Bel\u00e7ika\u2019n\u0131n Genk kentinde oynayaca\u011f\u0131 \u00f6zel ma\u00e7 i\u00e7in 10 Eyl\u00fcl Pazar g\u00fcn\u00fc saat 15.00\u2019te THY\u2019ye ait u\u00e7akla Eski\u015fehir\u2019den Hollanda\u2019n\u0131n Maastricht kentine gidecek; ard\u0131ndan da kamp yapaca\u011f\u0131 Sittard kentine ge\u00e7ecek.<\/p>\n<p>A Mill\u00ee Tak\u0131m Teknik Direkt\u00f6r\u00fcm\u00fcz Stefan Kuntz ve aday kadrodan bir oyuncumuz, 11 Eyl\u00fcl Pazartesi g\u00fcn\u00fc TS\u0130 17.15\u2019te ma\u00e7\u0131n oynanaca\u011f\u0131 Cegeka Arena\u2019da bir bas\u0131n toplant\u0131s\u0131 d\u00fczenleyecek. A Mill\u00eeler, kar\u015f\u0131la\u015fma \u00f6ncesindeki resm\u00ee antrenman\u0131n\u0131 da bu statta saat TS\u0130 18.00\u2019de yapacak.<\/p>\n<p>12 Eyl\u00fcl Sal\u0131 g\u00fcn\u00fc oynanacak Japonya \u2013 T\u00fcrkiye ma\u00e7\u0131 TS\u0130 15.20\u2019de ba\u015flayacak ve TRT 1\u2019den canl\u0131 olarak yay\u0131nlanacak.<\/p>\n","protected":false},"excerpt":{"rendered":"<p>A Milli Tak\u0131m, UEFA EURO 2024 Elemeleri&#8217;nde Ermenistan ve \u00f6zel ma\u00e7ta Japonya ile kar\u015f\u0131 kar\u015f\u0131ya gelecek. Stefan Kuntz&#8217;un \u00f6\u011frencileri, iki \u00f6nemli ma\u00e7 i\u00e7in kadrosunu belirledi.<\/p>\n","protected":false},"author":1,"featured_media":122370,"comment_status":"closed","ping_status":"open","sticky":false,"template":"","format":"standard","meta":{"footnotes":""},"categories":[31],"tags":[7074,3462,290],"class_list":["post-122369","post","type-post","status-publish","format-standard","has-post-thumbnail","hentry","category-spor","tag-a-milli-takim","tag-eylul","tag-mac"],"_links":{"self":[{"href":"https:\/\/haberulus.net\/index.php?rest_route=\/wp\/v2\/posts\/122369","targetHints":{"allow":["GET"]}}],"collection":[{"href":"https:\/\/haberulus.net\/index.php?rest_route=\/wp\/v2\/posts"}],"about":[{"href":"https:\/\/haberulus.net\/index.php?rest_route=\/wp\/v2\/types\/post"}],"author":[{"embeddable":true,"href":"https:\/\/haberulus.net\/index.php?rest_route=\/wp\/v2\/users\/1"}],"replies":[{"embeddable":true,"href":"https:\/\/haberulus.net\/index.php?rest_route=%2Fwp%2Fv2%2Fcomments&post=122369"}],"version-history":[{"count":1,"href":"https:\/\/haberulus.net\/index.php?rest_route=\/wp\/v2\/posts\/122369\/revisions"}],"predecessor-version":[{"id":122371,"href":"https:\/\/haberulus.net\/index.php?rest_route=\/wp\/v2\/posts\/122369\/revisions\/122371"}],"wp:featuredmedia":[{"embeddable":true,"href":"https:\/\/haberulus.net\/index.php?rest_route=\/wp\/v2\/media\/122370"}],"wp:attachment":[{"href":"https:\/\/haberulus.net\/index.php?rest_route=%2Fwp%2Fv2%2Fmedia&parent=122369"}],"wp:term":[{"taxonomy":"category","embeddable":true,"href":"https:\/\/haberulus.net\/index.php?rest_route=%2Fwp%2Fv2%2Fcategories&post=122369"},{"taxonomy":"post_tag","embeddable":true,"href":"https:\/\/haberulus.net\/index.php?rest_route=%2Fwp%2Fv2%2Ftags&post=122369"}],"curies":[{"name":"wp","href":"https:\/\/api.w.org\/{rel}","templated":true}]}}