{"id":122378,"date":"2023-09-01T11:37:09","date_gmt":"2023-09-01T11:37:09","guid":{"rendered":"https:\/\/haberulus.net\/?p=122378"},"modified":"2023-09-01T11:37:09","modified_gmt":"2023-09-01T11:37:09","slug":"arabuluculuk-burolarinda-ilk-gun-yogunlugu","status":"publish","type":"post","link":"https:\/\/haberulus.net\/?p=122378","title":{"rendered":"Arabuluculuk b\u00fcrolar\u0131nda ilk g\u00fcn yo\u011funlu\u011fu"},"content":{"rendered":"<p>Kira, kat m\u00fclkiyeti, kom\u015fu hakk\u0131 ve ortakl\u0131\u011f\u0131n giderilmesinden kaynakl\u0131 uyu\u015fmazl\u0131klarda dava \u015fart\u0131 arabuluculuk uygulamas\u0131 bug\u00fcn itibar\u0131yla ba\u015flad\u0131.<\/p>\n<p>Kirac\u0131 ve ev sahipleri aras\u0131nda mahkemelerde olu\u015fan dava y\u00fck\u00fcn\u00fc hafifletmek i\u00e7in y\u00fcr\u00fcrl\u00fc\u011fe giren arabuluculuk sisteminde ilk g\u00fcn yo\u011funluk ya\u015fand\u0131.<\/p>\n<p>Anla\u015fmazl\u0131k ya\u015fayan kirac\u0131 ve ev sahibi ilk \u00f6nce bulunduklar\u0131 b\u00f6lgedeki adliyelere giderek arabuluculuk b\u00fcrosuna ba\u015fvuruda bulunacak. Ba\u015fvuru sonras\u0131 sistem otomatik olarak bir g\u00fcn sonra taraflara arabulucu at\u0131yor. Sistemde taraflara 3 hafta s\u00fcre tan\u0131n\u0131yor. Bu s\u00fcre zarf\u0131nda anla\u015fma sa\u011flanamaz ise bir haftada ek s\u00fcre veriliyor. Toplamda 4 hafta i\u00e7erisinde taraflar anla\u015famaz ise dava yoluna ba\u015fvuracak.<\/p>\n<p><img decoding=\"async\" src=\"https:\/\/i01.sozcucdn.com\/wp-content\/uploads\/2023\/09\/01\/resimid_236355841_23635584.jpg\" alt=\"\" title=\"\"><\/p>\n<p><b>BA\u015eVURULARIN \u00c7O\u011eU K\u0130RA UYU\u015eMAZLI\u011eI<\/b><\/p>\n<p>\u00d6te yandan \u00c7a\u011flayan\u2019daki \u0130stanbul Adalet Saray\u0131\u2019nda da 11\u2019i zab\u0131t katibi 13 ki\u015finin g\u00f6revlendirildi\u011fi Arabuluculuk Merkezi\u2019ne ba\u015fvurular al\u0131nmaya ba\u015fland\u0131.<\/p>\n<p>B\u00fcroya gelen vatanda\u015flar, ba\u015fvuru formuyla birlikte kay\u0131tlar\u0131n\u0131 yapt\u0131r\u0131yor ve kendilerine arabulucu atanmas\u0131n\u0131 beklerken \u0130stanbul Adalet Saray\u0131\u2019na \u00f6\u011fle saatlerine kadar b\u00fcrolara yap\u0131lan ba\u015fvurular\u0131n yakla\u015f\u0131k y\u00fczde 75\u2019inin kira hukukuyla ilgili oldu\u011fu \u00f6\u011frenildi.<\/p>\n<p><b>\u201c4 HAFTADA \u00c7\u00d6Z\u00dcLMES\u0130 \u00c7OK \u0130Y\u0130 OLUR\u201d<\/b><\/p>\n<p>Arabuluculu\u011fu ba\u015fvuran ve kirac\u0131s\u0131 ile anla\u015famayan Y\u0131lmaz Pamuk, \u201cD\u00fczce\u2019de ya\u015f\u0131yorum. Emekli oldum, \u0130stanbul\u2019a geldim. Ama kirac\u0131m evimi bo\u015faltm\u0131yor. Kirac\u0131m\u0131n bu \u00fc\u00e7\u00fcnc\u00fc senesi. Yani ikinci kontrat\u0131 bitti. Mecidiyek\u00f6y\u2019de benim evim. Dediler ki arabuluculuk sistemi ba\u015fl\u0131yor. Oradan y\u00fcr\u00fcy\u00fcn i\u015finizi halletmek i\u00e7in. Bug\u00fcn de geldim. 4 haftada \u00e7\u00f6z\u00fclmesi \u00e7ok iyi olur. Avukatla g\u00f6r\u00fc\u015ft\u00fcm mahkemede yakla\u015f\u0131k 2 sene s\u00fcrme ihtimali var diyor\u201d dedi.<\/p>\n<p>Ev sahibi Salih Ormak ise, \u201cArabuluculuk i\u00e7in geldin. Kirac\u0131yla anla\u015famad\u0131k. \u0130kinci seneye girdi. Ge\u00e7en sene \u00e7\u0131k dedim. Tahliye yapaca\u011f\u0131m, \u00e7\u0131kmad\u0131. Hemen kiray\u0131 y\u00fczde 25 ile uzatt\u0131. Yine g\u00fcn\u00fc geldi kiraya ayn\u0131s\u0131n\u0131 yapt\u0131. Ben de ihtarname g\u00f6ndermi\u015ftim ona. \u2018\u00c7\u0131km\u0131yorum\u2019 dedi. 2 bin 500 lira kira Gayrettepe\u2019de. Orada 20 bin lira, 25 bin lira kira. Ben ge\u00e7en sene 6 bin istedim onu da kabul etmedi\u201d dedi.<\/p>\n<p><img decoding=\"async\" src=\"https:\/\/i01.sozcucdn.com\/wp-content\/uploads\/2023\/09\/01\/resimid_236358031_23635803.jpeg\" alt=\"\" title=\"\"><\/p>\n<p><b>ZORUNLU ARABULUCULUK D\u00d6NEM\u0130<\/b><\/p>\n<p>Adalet Bakanl\u0131\u011f\u0131n\u0131n yeni d\u00fczenlemeleri kapsam\u0131nda arabuluculuk, i\u015f uyu\u015fmazl\u0131klar\u0131nda 1 Ocak 2018, ticari uyu\u015fmazl\u0131klarda 1 Ocak 2019, t\u00fcketici uyu\u015fmazl\u0131klar\u0131nda 28 Temmuz 2020\u2019de dava \u015fart\u0131 haline geldi.<\/p>\n<p>Bug\u00fcne kadar iste\u011fe ba\u011fl\u0131 ve zorunlu uygulama kapsam\u0131nda arabuluculukta ba\u015far\u0131 oran\u0131 y\u00fczde 69\u2019a ula\u015ft\u0131. Arabuluculu\u011fun kapsam\u0131n\u0131n geni\u015fletilmesine y\u00f6nelik \u00e7al\u0131\u015fmalar\u0131n ard\u0131ndan T\u00fcrkiye B\u00fcy\u00fck Millet Meclisi\u2019nde kabul edilerek yasala\u015fan \u0130cra ve \u0130flas Kanunu ile Baz\u0131 Kanunlarda De\u011fi\u015fiklik Yap\u0131lmas\u0131na Dair Kanunla kira, kat m\u00fclkiyeti, ortakl\u0131\u011f\u0131n giderilmesi ve kom\u015fu hakk\u0131ndan kaynakl\u0131 uyu\u015fmazl\u0131klarda arabuluculuk dava \u015fart\u0131 haline getirildi.<\/p>\n<p>Bu uyu\u015fmazl\u0131klarda bug\u00fcnden itibaren taraflar dava a\u00e7madan \u00f6nce arabulucuya ba\u015fvurabilecek. M\u00fcracaatlar, adliyelerdeki arabuluculuk b\u00fcrolar\u0131na \u00fccretsiz yap\u0131lacak, yarg\u0131 gideri, har\u00e7, tan\u0131k, bilirki\u015fi \u00fccreti gibi konularda \u00f6deme yapma zorunlulu\u011fu bulunmayacak. Arabuluculuk g\u00f6r\u00fc\u015fmeleri \u00fc\u00e7 hafta i\u00e7erisinde tamamlanacak.<\/p>\n<p>Zorunlu durumlarda arabulucu taraf\u0131ndan bu s\u00fcre en fazla bir hafta daha uzat\u0131labilecek. B\u00f6ylece y\u0131lda yakla\u015f\u0131k 80 bin kira uyu\u015fmazl\u0131\u011f\u0131 da arabulucuya gidecek. Ayr\u0131ca kira uyu\u015fmazl\u0131\u011f\u0131yla birlikte kat m\u00fclkiyeti, kom\u015fu hakk\u0131 ve ortakl\u0131\u011f\u0131n giderilmesinden kaynakl\u0131 \u00e7ok say\u0131da uyu\u015fmazl\u0131\u011f\u0131n arabuluculukla \u00e7\u00f6z\u00fcme kavu\u015fturulmas\u0131 hedefleniyor. (AA,DHA)<\/p>\n","protected":false},"excerpt":{"rendered":"<p>Ev sahibi ile kirac\u0131lar aras\u0131nda ya\u015fanan anla\u015fmazl\u0131klar\u0131n k\u0131sa s\u00fcrede \u00e7\u00f6z\u00fclmesi i\u00e7in bug\u00fcn y\u00fcr\u00fcrl\u00fc\u011fe giren arabuluculuk b\u00fcrolar\u0131nda yo\u011funluk dikkat \u00e7ekti. \u0130stanbul Adliyesi&#8217;ne gelen ba\u015fvurularda da kira uyu\u015fmazl\u0131klar\u0131 \u00f6n plana \u00e7\u0131kt\u0131.<\/p>\n","protected":false},"author":1,"featured_media":122379,"comment_status":"closed","ping_status":"open","sticky":false,"template":"","format":"standard","meta":{"footnotes":""},"categories":[25],"tags":[6369,1771,392,311,2378],"class_list":["post-122378","post","type-post","status-publish","format-standard","has-post-thumbnail","hentry","category-ekonomi","tag-arabulucu","tag-arabuluculuk","tag-basvuru","tag-kira","tag-kiraci"],"_links":{"self":[{"href":"https:\/\/haberulus.net\/index.php?rest_route=\/wp\/v2\/posts\/122378","targetHints":{"allow":["GET"]}}],"collection":[{"href":"https:\/\/haberulus.net\/index.php?rest_route=\/wp\/v2\/posts"}],"about":[{"href":"https:\/\/haberulus.net\/index.php?rest_route=\/wp\/v2\/types\/post"}],"author":[{"embeddable":true,"href":"https:\/\/haberulus.net\/index.php?rest_route=\/wp\/v2\/users\/1"}],"replies":[{"embeddable":true,"href":"https:\/\/haberulus.net\/index.php?rest_route=%2Fwp%2Fv2%2Fcomments&post=122378"}],"version-history":[{"count":1,"href":"https:\/\/haberulus.net\/index.php?rest_route=\/wp\/v2\/posts\/122378\/revisions"}],"predecessor-version":[{"id":122380,"href":"https:\/\/haberulus.net\/index.php?rest_route=\/wp\/v2\/posts\/122378\/revisions\/122380"}],"wp:featuredmedia":[{"embeddable":true,"href":"https:\/\/haberulus.net\/index.php?rest_route=\/wp\/v2\/media\/122379"}],"wp:attachment":[{"href":"https:\/\/haberulus.net\/index.php?rest_route=%2Fwp%2Fv2%2Fmedia&parent=122378"}],"wp:term":[{"taxonomy":"category","embeddable":true,"href":"https:\/\/haberulus.net\/index.php?rest_route=%2Fwp%2Fv2%2Fcategories&post=122378"},{"taxonomy":"post_tag","embeddable":true,"href":"https:\/\/haberulus.net\/index.php?rest_route=%2Fwp%2Fv2%2Ftags&post=122378"}],"curies":[{"name":"wp","href":"https:\/\/api.w.org\/{rel}","templated":true}]}}