{"id":122387,"date":"2023-09-01T11:51:04","date_gmt":"2023-09-01T11:51:04","guid":{"rendered":"https:\/\/haberulus.net\/?p=122387"},"modified":"2023-09-01T11:51:04","modified_gmt":"2023-09-01T11:51:04","slug":"yilin-ilk-sekiz-ayinda-hayatini-kaybeden-unlu-isimler","status":"publish","type":"post","link":"https:\/\/haberulus.net\/?p=122387","title":{"rendered":"Y\u0131l\u0131n ilk sekiz ay\u0131nda hayat\u0131n\u0131 kaybeden \u00fcnl\u00fc isimler"},"content":{"rendered":"<p><strong>BURHAN \u00c7A\u00c7AN<\/strong><\/p>\n<p>\u201c\u00c7akmak \u00c7akma\u011fa Geldik\u201d, \u201cAyaz Geceler\u201d ve \u201cNeden Geldim \u0130stanbul\u2019a\u201d adl\u0131 eserlerin de aralar\u0131nda oldu\u011fu \u00e7ok say\u0131da unutulmaz alb\u00fcme imza atan T\u00fcrk halk m\u00fczi\u011fi sanat\u00e7\u0131s\u0131 ve oyuncu Burhan \u00c7a\u00e7an, 12 Ocak\u2019ta 63 ya\u015f\u0131nda vefat etti. TRT Erzurum Radyosu\u2019nun 1978\u2019de a\u00e7t\u0131\u011f\u0131 amat\u00f6r sesler yar\u0131\u015fmas\u0131n\u0131 kazanarak m\u00fczik d\u00fcnyas\u0131na ad\u0131m atan sanat\u00e7\u0131, 1981\u2019de \u201cSefa Geldin\u201d adl\u0131 ilk alb\u00fcm\u00fcn\u00fc \u00e7\u0131karmas\u0131n\u0131n ard\u0131ndan \u201cK\u0131zlar \u00c7\u0131kt\u0131 \u00c7ay\u0131ra\u201d, \u201cDeh Deyin K\u0131zlar\u201d, \u201cBen Yarime Neler Alay\u0131m\u201d, \u201c\u0130pek Mendil\u201d, \u201cMemik O\u011flan\u201d, \u201cAyaz Geceler\u201d, \u201cYa\u011f Ya\u011fmur\u201d, \u201cVurun Dalgalar\u201d, \u201cSen Nerdesin\u201d, \u201cDamla Damla\u201d, \u201cSenden Sonra\u201d, \u201c\u00c7akmak \u00c7akma\u011fa Geldik\u201d, \u201cMevl\u00fct ve \u0130lahiler\u201d, \u201cNeden Geldim \u0130stanbul\u2019a\u201d, \u201cBeni Anneme G\u00f6t\u00fcr\u00fcn\u201d, \u201cUnutulmayanlar 1\u201d, \u201cNamussuz Ayr\u0131l\u0131k\u201d, \u201c\u0130lahiler 99\u201d, \u201cAl\u0131nyaz\u0131m\u201d, \u201cT\u00fcrk\u00fcleri \u00d6zledim\u201d, \u201cGecenin Yar\u0131s\u0131\u201d, \u201cSus Dinle\u201d, \u201cYalan\u201d, \u201cSabaha Kadar\u201d, \u201cZor Ak\u015famlar\u201d, \u201cBu Gece\u201d ve \u201cBu da m\u0131 Yalan\u201d alb\u00fcmlerini m\u00fczikseverlerle bulu\u015fturdu.<\/p>\n<p><strong>YAL\u00c7IN YELENCE<\/strong><\/p>\n<p>\u201cBizimkiler\u201d ve \u201cPerihan Abla\u201d dizilerine imza atan usta y\u00f6netmen Yal\u00e7\u0131n Yelence, tedavi g\u00f6rd\u00fc\u011f\u00fc hastanede 20 Ocak\u2019ta 69 ya\u015f\u0131nda hayat\u0131n\u0131 kaybetti. TRT\u2019nin ilk d\u0131\u015f yap\u0131m\u0131 \u201cBay Alkol\u00fc Takdimimdir\u201d dizisinin senaryo yazarl\u0131\u011f\u0131n\u0131 yapan Yelence, \u201cKars\u2019\u0131n Solan Rengi: Molokanlar\u201d belgeseli ile 9. Alt\u0131n Safran Belgesel Film Yar\u0131\u015fmas\u0131\u2019nda profesyonel dalda birincilik \u00f6d\u00fcl\u00fc kazanm\u0131\u015ft\u0131.<\/p>\n<p><strong>KAZIM AK\u015eAR<\/strong><\/p>\n<p>Devlet Tiyatrolar\u0131\u2019nda 1979\u2019da oyuncu olarak \u00e7al\u0131\u015fmaya ba\u015flayan ve \u0130ngiltere\u2019deki National Theatre\u2019da \u201cThe Winter\u2019s Tale\u201d, \u201cThe Tempest\u201d ve \u201cCymbeline\u201d adl\u0131 oyunlarda yard\u0131mc\u0131 oyuncu olarak yer alan tiyatrocu Kaz\u0131m Ak\u015far, 28 \u015eubat\u2019ta vefat etti.<\/p>\n<p><strong>RANA CABBAR<\/strong><\/p>\n<p>\u201cA\u015fk-\u0131 Memnu\u201d, \u201cYaprak D\u00f6k\u00fcm\u00fc\u201d, \u201cPars Narkoter\u00f6r\u201d, \u201cKad\u0131n\u201d ve \u201cHercai\u201d adl\u0131 dizilerde canland\u0131rd\u0131\u011f\u0131 unutulmaz rollerle tan\u0131nan tiyatro, sinema ve dizi oyuncusu Rana Cabbar, 20 Nisan\u2019da, tedavi g\u00f6rd\u00fc\u011f\u00fc hastanede 78 ya\u015f\u0131nda hayat\u0131n\u0131 yitirdi. 22. Sadri Al\u0131\u015f\u0131k Tiyatro ve Sinema Oyuncu \u00d6d\u00fclleri\u2019nde Y\u0131l\u0131n En Ba\u015far\u0131l\u0131 Erkek Oyuncusu \u00f6d\u00fcl\u00fcne de\u011fer g\u00f6r\u00fclen Cabbar, karaci\u011fer kanserinin yan\u0131 s\u0131ra KOAH ve kalp yetmezli\u011fi tedavisi g\u00f6r\u00fcyordu.<\/p>\n<p><strong>NUR\u0130 SES\u0130G\u00dcZEL<\/strong><\/p>\n<p>Ses sanat\u00e7\u0131s\u0131 ve oyuncu Nuri Sesig\u00fczel, 20 May\u0131s\u2019ta tedavi g\u00f6rd\u00fc\u011f\u00fc hastanede 86 ya\u015f\u0131nda hayata veda etti. \u201cKore Da\u011flar\u0131nda Kar B\u00f6l\u00fck B\u00f6l\u00fck\u201d adl\u0131 ilk 45\u2019li\u011fini \u00e7\u0131kard\u0131ktan sonra Ankara Radyosu ile sesini t\u00fcm T\u00fcrkiye\u2019ye duyuran sanat\u00e7\u0131, \u201cSar\u0131 Sabahl\u0131k\u201d, \u201cA\u011flayan G\u00f6zlerim\u201d ve \u201cSa\u00e7 Beyaz Oldu\u201d t\u00fcrk\u00fcleriyle \u015f\u00f6hret kazanm\u0131\u015ft\u0131. Sanat\u00e7\u0131 ayr\u0131ca \u201cKara Y\u0131lan\u201d, \u201cFabrikan\u0131n G\u00fcl\u00fc\u201d, \u201cA\u011flayan G\u00f6zler\u201d, \u201cBur\u00e7ak Tarlas\u0131\u201d, \u201cSeher Vakti\u201d, \u201cGaripler Soka\u011f\u0131\u201d, \u201cYayla Kartal\u0131\u201d, \u201cDost Han\u00e7eri\u201d, \u201cZ\u00fcleyha\u201d ve \u201cBaht\u0131 Kara Yarim\u201din de aralar\u0131nda oldu\u011fu 30\u2019un \u00fczerinde filmde rol ald\u0131.<\/p>\n<p><strong>BOZKURT \u0130LHAM GENCER<\/strong><\/p>\n<p>T\u00fcrkiye\u2019nin ilk piyanist \u015fant\u00f6rlerinden, caz sanat\u00e7\u0131s\u0131 Bozkurt \u0130lham Gencer, 24 May\u0131s\u2019ta 98 ya\u015f\u0131nda hayat\u0131n\u0131 kaybetti. \u0130lk bestesi \u0130lham Vals\u2019i 5 ya\u015f\u0131nda yapan Gencer, 1960\u2019ta a\u00e7t\u0131\u011f\u0131 \u00c7at\u0131 Kul\u00fcb\u00fc\u2019nde Ayten Alpman, Ajda Pekkan, Cem Karaca, Bar\u0131\u015f Man\u00e7o, Emel Say\u0131n, Metin Ersoy, F\u00fcsun \u00d6nal ve Fikret K\u0131z\u0131lok\u2019u sahneye \u00e7\u0131karan isim oldu.<\/p>\n<p><strong>NURHAN DAMCIO\u011eLU<\/strong><\/p>\n<p>T\u00fcrkiye\u2019yi kanto dans\u0131yla tan\u0131\u015ft\u0131ran kantocu, ses sanat\u00e7\u0131s\u0131, tiyatro ve sinema oyuncusu Nurhan Damc\u0131o\u011flu, 5 Haziran\u2019da 82 ya\u015f\u0131ndayken \u0130zmir\u2019de vefat etti.<\/p>\n<p><strong>SUNA KAN<\/strong><\/p>\n<p>Yetene\u011fi k\u00fc\u00e7\u00fck ya\u015fta ke\u015ffedilen ve \u00e7evresi taraf\u0131ndan \u201cHarika \u00e7ocuk\u201d olarak an\u0131lan d\u00fcnyaca \u00fcnl\u00fc keman virt\u00fc\u00f6z\u00fc Suna Kan, 11 Haziran\u2019da hayat\u0131n\u0131 kaybetti. Devlet bursuyla okudu\u011fu Paris Konservatuvar\u0131n\u0131 birincilikle bitiren sanat\u00e7\u0131, 86 ya\u015f\u0131nda \u00f6ld\u00fc.<\/p>\n<p><strong>MET\u0130N M\u0130LL\u0130<\/strong><\/p>\n<p>Seslendirdi\u011fi \u201cSeviyorum \u0130\u015fte\u201d ve \u201c\u00c7i\u00e7ekler Yasta\u201d adl\u0131 \u015fark\u0131lar\u0131yla m\u00fczikseverlerin be\u011fenisini kazanan sanat\u00e7\u0131 Metin Milli, 17 Haziran\u2019da vefat etti. 80 ya\u015f\u0131nda hayat\u0131n\u0131 kaybeden Milli, kariyeri boyunca 15 alb\u00fcme imza atarken 4 alt\u0131n plak \u00f6d\u00fcl\u00fc kazand\u0131.<\/p>\n<p><strong>\u00d6ZKAN U\u011eUR<\/strong><\/p>\n<p>MF\u00d6 grubunun \u00fcyesi \u00fcnl\u00fc m\u00fczisyen, bas gitarist ve oyuncu \u00d6zkan U\u011fur, 8 Temmuz\u2019da ya\u015fam\u0131n\u0131 yitirdi. M\u00fczik d\u00fcnyas\u0131nda bir\u00e7ok ismin alb\u00fcmlerinde vokallerde yer alan U\u011fur, sinema ve dizi sekt\u00f6r\u00fcnde oyunculu\u011fuyla da dikkati \u00e7eken sanat\u00e7\u0131 70 ya\u015f\u0131ndayd\u0131.<\/p>\n<p><strong>TANJU TUNCEL<\/strong><\/p>\n<p>Tiyatro, sinema ve dizi oyuncusu Tanju Tuncel, 15 Temmuz\u2019da 83 ya\u015f\u0131nda hayat\u0131n\u0131 kaybetti. Usta sanat\u00e7\u0131 1967\u2019de rol ald\u0131\u011f\u0131 \u201cSamanyolu\u201d filminin ard\u0131ndan \u201c\u00c7al\u0131ku\u015fu\u201d, \u201cU\u00e7urtmay\u0131 Vurmas\u0131nlar\u201d, \u201c\u015ea\u015f\u0131felek \u00c7\u0131kmaz\u0131\u201d, \u201cNihavend Mucize\u201d, \u201cRuhsar\u201d, \u201cDad\u0131\u201d, \u201cSevda Tepesi\u201d, \u201cYalanc\u0131 Yarim\u201d, \u201cBeyaz Melek\u201d ve \u201cT\u00fcrkan\u201d\u0131n da aralar\u0131nda oldu\u011fu 50\u2019nin \u00fczerinde filmde rol ald\u0131.<\/p>\n<p><strong>YILMAZ GRUDA<\/strong><\/p>\n<p>Sinema ve dizi oyuncusu, \u015fair, oyun yazar\u0131 ve tiyatro y\u00f6netmeni Y\u0131lmaz Gruda 26 Temmuz\u2019da 93 ya\u015f\u0131ndayken hayata veda etti. Usta oyuncu kariyeri boyunca \u201cYabanc\u0131 Damat\u201d, \u201c\u0130\u015fler G\u00fc\u00e7ler\u201d, \u201cKavak Yelleri\u201d, \u201cGalip Dervi\u015f\u201d, \u201cA\u015fk Tesad\u00fcfleri Sever\u201d, \u201cFatih\u201d ve \u201cKartal Yuvas\u0131\u201d adl\u0131 yap\u0131mlar\u0131n da aralar\u0131nda bulundu\u011fu 100\u2019\u00fcn \u00fczerinde dizi ve filmde rol ald\u0131.<\/p>\n<p><strong>SAFA \u00d6NAL<\/strong><\/p>\n<p>\u201cVesikal\u0131 Yarim\u201d, \u201cA\u011fa\u00e7lar Ayakta \u00d6l\u00fcr\u201d, \u201cAh G\u00fczel \u0130stanbul\u201d, \u201cAh M\u00fcjgan Ah\u201d, \u201cDila Han\u0131m\u201d, \u201cTatar Ramazan\u201d, \u201cTatl\u0131 Nigar\u201d, \u201cDoktor Civan\u0131m\u201d gibi pek \u00e7ok k\u00fclt filmin senaryosunu kaleme alan usta senarist Safa \u00d6nal, 30 Temmuz\u2019da ya\u015fam\u0131n\u0131 yitirdi. Filme \u00e7ekilmi\u015f 395 senaryosuyla Guinness Rekorlar Kitab\u0131\u2019na giren usta senarist, 92 ya\u015f\u0131ndayd\u0131.<\/p>\n<p><strong>ERK\u0130N KORAY<\/strong><\/p>\n<p>Anadolu rock m\u00fczi\u011finin \u00f6nc\u00fclerinden Erkin Koray da Kanada\u2019n\u0131n Toronto kentinde kald\u0131r\u0131ld\u0131\u011f\u0131 hastanede 7 A\u011fustos\u2019ta vefat etti. 82 ya\u015f\u0131nda hayat\u0131n\u0131 kaybeden unutulmaz sanat\u00e7\u0131 \u201c\u0130lla Ki\u201d, \u201cDeli Kad\u0131n\u201d, \u201cTek Ba\u015f\u0131na\u201d, \u201c\u00d6yle Bir Ge\u00e7er Zaman Ki\u201d, \u201cArapsa\u00e7\u0131\u201d, \u201cFesupanallah\u201d, \u201c\u015ea\u015fk\u0131n\u201d, \u201cSevince\u201d ve \u201cYaln\u0131zlar R\u0131ht\u0131m\u0131\u201d gibi besteleriyle rock m\u00fczik d\u00fcnyas\u0131nda unutulmaz bir iz b\u0131rakt\u0131.<\/p>\n<p><strong>\u00dcNAL S\u0130LVER<\/strong><\/p>\n<p>\u201cE\u015fk\u0131ya D\u00fcnyaya H\u00fck\u00fcmdar Olmaz\u201d, \u201cDirili\u015f: Ertu\u011frul\u201d, \u201cPoyraz Karayel\u201d ve \u201cBir Bulut Olsam\u201d gibi dizilerde oynad\u0131\u011f\u0131 rollerle izleyenlerin g\u00f6n\u00fcllerinde yer edinen oyuncu \u00dcnal Silver ise 29 A\u011fustos\u2019ta 75 ya\u015f\u0131ndayken hayat\u0131n\u0131 kaybetti. (AA)<\/p>\n","protected":false},"excerpt":{"rendered":"<p>K\u00fclt\u00fcr sanat d\u00fcnyas\u0131ndan bir\u00e7ok \u00fcnl\u00fc isim, sene ba\u015f\u0131ndan bu yana ya\u015fam\u0131n\u0131 yitirdi.<\/p>\n","protected":false},"author":1,"featured_media":122388,"comment_status":"closed","ping_status":"open","sticky":false,"template":"","format":"standard","meta":{"footnotes":""},"categories":[29],"tags":[1064,1563,197,3872,2476],"class_list":["post-122387","post","type-post","status-publish","format-standard","has-post-thumbnail","hentry","category-magazin","tag-dizi","tag-kar","tag-oyuncu","tag-sanatci","tag-yasinda"],"_links":{"self":[{"href":"https:\/\/haberulus.net\/index.php?rest_route=\/wp\/v2\/posts\/122387","targetHints":{"allow":["GET"]}}],"collection":[{"href":"https:\/\/haberulus.net\/index.php?rest_route=\/wp\/v2\/posts"}],"about":[{"href":"https:\/\/haberulus.net\/index.php?rest_route=\/wp\/v2\/types\/post"}],"author":[{"embeddable":true,"href":"https:\/\/haberulus.net\/index.php?rest_route=\/wp\/v2\/users\/1"}],"replies":[{"embeddable":true,"href":"https:\/\/haberulus.net\/index.php?rest_route=%2Fwp%2Fv2%2Fcomments&post=122387"}],"version-history":[{"count":1,"href":"https:\/\/haberulus.net\/index.php?rest_route=\/wp\/v2\/posts\/122387\/revisions"}],"predecessor-version":[{"id":122389,"href":"https:\/\/haberulus.net\/index.php?rest_route=\/wp\/v2\/posts\/122387\/revisions\/122389"}],"wp:featuredmedia":[{"embeddable":true,"href":"https:\/\/haberulus.net\/index.php?rest_route=\/wp\/v2\/media\/122388"}],"wp:attachment":[{"href":"https:\/\/haberulus.net\/index.php?rest_route=%2Fwp%2Fv2%2Fmedia&parent=122387"}],"wp:term":[{"taxonomy":"category","embeddable":true,"href":"https:\/\/haberulus.net\/index.php?rest_route=%2Fwp%2Fv2%2Fcategories&post=122387"},{"taxonomy":"post_tag","embeddable":true,"href":"https:\/\/haberulus.net\/index.php?rest_route=%2Fwp%2Fv2%2Ftags&post=122387"}],"curies":[{"name":"wp","href":"https:\/\/api.w.org\/{rel}","templated":true}]}}