{"id":122408,"date":"2023-09-01T12:21:02","date_gmt":"2023-09-01T12:21:02","guid":{"rendered":"https:\/\/haberulus.net\/?p=122408"},"modified":"2023-09-01T12:21:02","modified_gmt":"2023-09-01T12:21:02","slug":"turkiye-abnin-75-milyar-euro-butceli-dijital-programina-katiliyor","status":"publish","type":"post","link":"https:\/\/haberulus.net\/?p=122408","title":{"rendered":"T\u00fcrkiye, AB\u2019nin 7,5 milyar Euro b\u00fct\u00e7eli dijital program\u0131na kat\u0131l\u0131yor"},"content":{"rendered":"<p>AB Komisyonu, Avrupa \u00e7ap\u0131nda stratejik dijital kapasitelerin olu\u015fturulmas\u0131na ve dijital teknolojilerin kullan\u0131m\u0131n\u0131n yayg\u0131nla\u015ft\u0131r\u0131lmas\u0131na odaklanan Dijital Avrupa Program\u0131\u2019na T\u00fcrkiye\u2019nin de dahil olaca\u011f\u0131n\u0131 a\u00e7\u0131klad\u0131.<\/p>\n<p>A\u00e7\u0131klamada, AB Komisyonu\u2019nun, programa kat\u0131l\u0131ma ili\u015fkin T\u00fcrkiye ile ortakl\u0131k anla\u015fmas\u0131 imzalad\u0131\u011f\u0131, anla\u015fman\u0131n ilgili onay s\u00fcre\u00e7lerinin tamamlanmas\u0131yla y\u00fcr\u00fcrl\u00fc\u011fe girece\u011fi bildirildi.<\/p>\n<p><b>B\u00dcT\u00c7E 7,5 M\u0130LYAR EURO<\/b><\/p>\n<p>A\u00e7\u0131klamada, T\u00fcrkiye\u2019deki i\u015fletmelerin, kamu kurumlar\u0131 ve di\u011fer uygun kurulu\u015flar\u0131n 2021-2027 d\u00f6neminde toplam b\u00fct\u00e7esi 7,5 milyar Euro olan Dijital Avrupa Program\u0131 \u00e7a\u011fr\u0131lar\u0131na eri\u015febileceklerine i\u015faret edildi.<\/p>\n<p>Ayr\u0131ca T\u00fcrkiye\u2019den kat\u0131l\u0131mc\u0131lar\u0131n yapay zeka ve ileri dijital beceriler gibi belirli alanlarda dijital teknolojilerin AB genelinde yayg\u0131nla\u015ft\u0131r\u0131lmas\u0131na y\u00f6nelik projelerde yer alabilece\u011fi, ayr\u0131ca T\u00fcrkiye\u2019de Dijital \u0130novasyon Merkezleri kurabilecekleri belirtildi.<\/p>\n<p>Dijital Avrupa Program\u0131 kapsam\u0131nda, y\u00fcksek ba\u015far\u0131ml\u0131 hesaplamalar, yapay zeka, veri ve siber g\u00fcvenlik alanlar\u0131nda kritik dijital altyap\u0131lar\u0131n kurulmas\u0131 ve stratejik \u00f6neme sahip yenilik\u00e7i dijital teknolojilerin geli\u015ftirilmesi \u00f6ncelikli olarak destekleniyor. (AA)<\/p>\n","protected":false},"excerpt":{"rendered":"<p>AB Komisyonu ve T\u00fcrkiye, programa kat\u0131l\u0131m i\u00e7in ortakl\u0131k anla\u015fmas\u0131 imzalad\u0131. T\u00fcrkiye, Avrupa Birli\u011fi&#8217;nin (AB), toplam 7,5 milyar Euro b\u00fct\u00e7eli Dijital Avrupa Program\u0131&#8217;na kat\u0131lacak.<\/p>\n","protected":false},"author":1,"featured_media":122409,"comment_status":"closed","ping_status":"open","sticky":false,"template":"","format":"standard","meta":{"footnotes":""},"categories":[25],"tags":[5606,15],"class_list":["post-122408","post","type-post","status-publish","format-standard","has-post-thumbnail","hentry","category-ekonomi","tag-dijital","tag-turkiye"],"_links":{"self":[{"href":"https:\/\/haberulus.net\/index.php?rest_route=\/wp\/v2\/posts\/122408","targetHints":{"allow":["GET"]}}],"collection":[{"href":"https:\/\/haberulus.net\/index.php?rest_route=\/wp\/v2\/posts"}],"about":[{"href":"https:\/\/haberulus.net\/index.php?rest_route=\/wp\/v2\/types\/post"}],"author":[{"embeddable":true,"href":"https:\/\/haberulus.net\/index.php?rest_route=\/wp\/v2\/users\/1"}],"replies":[{"embeddable":true,"href":"https:\/\/haberulus.net\/index.php?rest_route=%2Fwp%2Fv2%2Fcomments&post=122408"}],"version-history":[{"count":1,"href":"https:\/\/haberulus.net\/index.php?rest_route=\/wp\/v2\/posts\/122408\/revisions"}],"predecessor-version":[{"id":122410,"href":"https:\/\/haberulus.net\/index.php?rest_route=\/wp\/v2\/posts\/122408\/revisions\/122410"}],"wp:featuredmedia":[{"embeddable":true,"href":"https:\/\/haberulus.net\/index.php?rest_route=\/wp\/v2\/media\/122409"}],"wp:attachment":[{"href":"https:\/\/haberulus.net\/index.php?rest_route=%2Fwp%2Fv2%2Fmedia&parent=122408"}],"wp:term":[{"taxonomy":"category","embeddable":true,"href":"https:\/\/haberulus.net\/index.php?rest_route=%2Fwp%2Fv2%2Fcategories&post=122408"},{"taxonomy":"post_tag","embeddable":true,"href":"https:\/\/haberulus.net\/index.php?rest_route=%2Fwp%2Fv2%2Ftags&post=122408"}],"curies":[{"name":"wp","href":"https:\/\/api.w.org\/{rel}","templated":true}]}}