{"id":122421,"date":"2023-09-01T12:35:03","date_gmt":"2023-09-01T12:35:03","guid":{"rendered":"https:\/\/haberulus.net\/?p=122421"},"modified":"2023-09-01T12:35:03","modified_gmt":"2023-09-01T12:35:03","slug":"bilim-kurulu-uyesinden-pirola-uyarisi","status":"publish","type":"post","link":"https:\/\/haberulus.net\/?p=122421","title":{"rendered":"Bilim kurulu \u00fcyesinden \u2018Pirola\u2019 uyar\u0131s\u0131"},"content":{"rendered":"<p>Sa\u011fl\u0131k Bakanl\u0131\u011f\u0131 Koronavir\u00fcs Bilim Kurulu \u00dcyesi Prof. Dr. Alper \u015eener, D\u00fcnya Sa\u011fl\u0131k \u00d6rg\u00fct\u00fc taraf\u0131ndan izlenen corona vir\u00fcs\u00fc varyant\u0131 Pirola\u2019n\u0131n (BA.2.86), bask\u0131n hale gelme ve a\u015f\u0131dan ka\u00e7ma ihtimali olan bir varyant olabilece\u011fini s\u00f6yledi.<\/p>\n<p>\u0130zmir Katip \u00c7elebi \u00dcniversitesi T\u0131p Fak\u00fcltesi Enfeksiyon Hastal\u0131klar\u0131 \u00d6\u011fretim \u00dcyesi de olan \u015eener, Eris\u2019in (EG.5.1) ard\u0131ndan g\u00fcndeme gelen Pirola varyant\u0131n\u0131n, bilim \u00e7evrelerinde \u201cs\u00fcper varyant\u201d olarak adland\u0131r\u0131lmaya ba\u015fland\u0131\u011f\u0131n\u0131 belirtti.<\/p>\n<p>A\u015f\u0131yla v\u00fccutta olu\u015fan antikorlar\u0131n, Pirola varyant\u0131n\u0131 durduramayaca\u011f\u0131 y\u00f6n\u00fcnde hipotezlerin oldu\u011funu belirten \u015eener, \u201cPirola varyant\u0131n\u0131n a\u015f\u0131dan ka\u00e7an bir varyant olma ihtimali ve di\u011fer varyantlar i\u00e7erisinde sivrilip bask\u0131n hale gelme ihtimali y\u00fcksek gibi g\u00f6r\u00fcl\u00fcyor.\u201d ifadelerini kulland\u0131.<\/p>\n<p><strong>\u201cBEL\u0130RT\u0130 VARSA TEST YAPTIRIN\u201d<\/strong><\/p>\n<p>Pirola varyant\u0131n\u0131n \u00f6l\u00fcm ya da hasta yat\u0131\u015f oranlar\u0131n\u0131 art\u0131rd\u0131\u011f\u0131na y\u00f6nelik bir bilginin olmad\u0131\u011f\u0131n\u0131 ancak s\u00fcrecin takibinin olduk\u00e7a \u00f6nemli oldu\u011funu ifade eden \u015eener, \u015f\u00f6yle devam etti:<\/p>\n<p>-\u00dclkemiz dahil olmak \u00fczere baz\u0131 \u00fclkelerde, art\u0131k Kovid-19 salg\u0131n\u0131yla ilgili \u015fikayetlerinde ki\u015filer \u00e7o\u011funlukla hastanelere gitmiyorlar, herhangi bir test yapt\u0131rm\u0131yorlar.<\/p>\n<p>-Pirola varyant\u0131nda da semptomlar ayn\u0131. Vatanda\u015flar\u0131m\u0131z, ate\u015f, eklem a\u011fr\u0131s\u0131, kas a\u011fr\u0131s\u0131, burun ak\u0131nt\u0131s\u0131, burun t\u0131kan\u0131kl\u0131\u011f\u0131, bo\u011faz a\u011fr\u0131s\u0131, tat ve koku kayb\u0131, ishal ve halsizlik, kas, eklem a\u011fr\u0131s\u0131 gibi semptomlardan birka\u00e7 tanesi varsa, herhangi bir sa\u011fl\u0131k kurulu\u015funa ba\u015fvurup mutlaka PCR testi yapt\u0131rmal\u0131.<\/p>\n<p>-Test pozitifse, en az\u0131ndan kendileri a\u00e7\u0131s\u0131ndan hastal\u0131\u011f\u0131 ge\u00e7irme zaman\u0131n\u0131 belirlemeleri gerekiyor.<\/p>\n<div><img decoding=\"async\" src=\"https:\/\/i01.sozcucdn.com\/wp-content\/uploads\/2023\/09\/01\/thumbs_b_c_50daef8b1ea29cbee51be3ac153944a4.jpg\" alt=\"\" title=\"\"><\/p>\n<p>Prof. Dr. Alper \u015eener<\/p>\n<\/div>\n<p><strong>\u201cA\u015eILAMA \u0130\u00c7\u0130N TEST \u00d6NEML\u0130\u201d<\/strong><\/p>\n<p>Gelecek d\u00f6nemde d\u00fcnyada \u201cvaryantlara y\u00f6nelik a\u015f\u0131lamalar\u0131n\u201d ya da \u201ca\u015f\u0131 takvimlerinde de\u011fi\u015fikliklerin\u201d g\u00fcndeme gelmesini beklediklerini kaydeden \u015eener, \u015funlar\u0131 s\u00f6yledi:<\/p>\n<p>-Bu de\u011fi\u015fiklikler s\u00fcreci i\u00e7erisinde herhangi bir hasta i\u00e7in a\u015f\u0131n\u0131n gerekli olup olmad\u0131\u011f\u0131n\u0131, hastan\u0131n son 6 ay i\u00e7erisinde Kovid-19 enfeksiyonu ge\u00e7irip ge\u00e7irmedi\u011fine bakarak de\u011ferlendiriyoruz.<\/p>\n<p>-Ki\u015fi e\u011fer son 6 ay i\u00e7erisinde Kovid-19 enfeksiyonu ge\u00e7irmi\u015fse, sonbahar ve k\u0131\u015f d\u00f6nemi i\u00e7in a\u015f\u0131lanmalar\u0131na gerek yok.<\/p>\n<p>-E\u011fer buna y\u00f6nelik herhangi bir test yapt\u0131rmad\u0131ysa, gereksiz bir a\u015f\u0131lamayla, \u2018ba\u011f\u0131\u015f\u0131kl\u0131\u011f\u0131n yeniden tetiklenmesi\u2019 dedi\u011fimiz bir durumla kar\u015f\u0131 kar\u015f\u0131ya kalmas\u0131 s\u00f6z konusu olabilir. (AA)<\/p>\n","protected":false},"excerpt":{"rendered":"<p>Prof. Dr. Alper, D\u00fcnya Sa\u011fl\u0131k \u00d6rg\u00fct\u00fc taraf\u0131ndan izlenen corona vir\u00fcs\u00fc varyant\u0131 Pirola&#8217;n\u0131n, bask\u0131n hale gelme ve a\u015f\u0131dan ka\u00e7ma ihtimali olan bir varyant olabilece\u011fini s\u00f6yledi.<\/p>\n","protected":false},"author":1,"featured_media":122422,"comment_status":"closed","ping_status":"open","sticky":false,"template":"","format":"standard","meta":{"footnotes":""},"categories":[30],"tags":[159,13944,985,1586,1203],"class_list":["post-122421","post","type-post","status-publish","format-standard","has-post-thumbnail","hentry","category-saglik","tag-hasta","tag-pirola","tag-test","tag-varyant","tag-varyanti"],"_links":{"self":[{"href":"https:\/\/haberulus.net\/index.php?rest_route=\/wp\/v2\/posts\/122421","targetHints":{"allow":["GET"]}}],"collection":[{"href":"https:\/\/haberulus.net\/index.php?rest_route=\/wp\/v2\/posts"}],"about":[{"href":"https:\/\/haberulus.net\/index.php?rest_route=\/wp\/v2\/types\/post"}],"author":[{"embeddable":true,"href":"https:\/\/haberulus.net\/index.php?rest_route=\/wp\/v2\/users\/1"}],"replies":[{"embeddable":true,"href":"https:\/\/haberulus.net\/index.php?rest_route=%2Fwp%2Fv2%2Fcomments&post=122421"}],"version-history":[{"count":1,"href":"https:\/\/haberulus.net\/index.php?rest_route=\/wp\/v2\/posts\/122421\/revisions"}],"predecessor-version":[{"id":122423,"href":"https:\/\/haberulus.net\/index.php?rest_route=\/wp\/v2\/posts\/122421\/revisions\/122423"}],"wp:featuredmedia":[{"embeddable":true,"href":"https:\/\/haberulus.net\/index.php?rest_route=\/wp\/v2\/media\/122422"}],"wp:attachment":[{"href":"https:\/\/haberulus.net\/index.php?rest_route=%2Fwp%2Fv2%2Fmedia&parent=122421"}],"wp:term":[{"taxonomy":"category","embeddable":true,"href":"https:\/\/haberulus.net\/index.php?rest_route=%2Fwp%2Fv2%2Fcategories&post=122421"},{"taxonomy":"post_tag","embeddable":true,"href":"https:\/\/haberulus.net\/index.php?rest_route=%2Fwp%2Fv2%2Ftags&post=122421"}],"curies":[{"name":"wp","href":"https:\/\/api.w.org\/{rel}","templated":true}]}}