{"id":122442,"date":"2023-09-01T13:05:03","date_gmt":"2023-09-01T13:05:03","guid":{"rendered":"https:\/\/haberulus.net\/?p=122442"},"modified":"2023-09-01T13:05:03","modified_gmt":"2023-09-01T13:05:03","slug":"yargitay-baskani-akarca-cumhurbaskani-erdogana-seslendi-yargitay-ve-danistay-uyelerinin-12-yil-olan-gorev-suresi-siniri-kaldirilmali","status":"publish","type":"post","link":"https:\/\/haberulus.net\/?p=122442","title":{"rendered":"Yarg\u0131tay Ba\u015fkan\u0131 Akarca, Cumhurba\u015fkan\u0131 Erdo\u011fan&#8217;a seslendi: Yarg\u0131tay ve Dan\u0131\u015ftay \u00fcyelerinin 12 y\u0131l olan g\u00f6rev s\u00fcresi s\u0131n\u0131r\u0131 kald\u0131r\u0131lmal\u0131"},"content":{"rendered":"<p>2023-2024 Adli Y\u0131l A\u00e7\u0131l\u0131\u015f T\u00f6reni, Yarg\u0131tay Ba\u015fkanl\u0131\u011f\u0131&#8217;nda Cumhurba\u015fkan\u0131 Erdo\u011fan&#8217;\u0131n da kat\u0131l\u0131m\u0131yla ger\u00e7ekle\u015fti. T\u00f6rende konu\u015fan Yarg\u0131tay Ba\u015fkan\u0131  <strong>Mehmet Akarca<\/strong>, Cumhurba\u015fkan\u0131 Erdo\u011fan&#8217;a seslenerek 2016 y\u0131l\u0131nda getirilen, Yarg\u0131tay ve Dan\u0131\u015ftay \u00fcyelerinin 12 y\u0131l olan g\u00f6rev s\u00fcresi s\u0131n\u0131r\u0131n\u0131n kald\u0131r\u0131lmas\u0131n\u0131 talep etti.<\/p>\n<p><b>&#8220;TEMY\u0130Z \u0130NCELEMES\u0130 G\u00d6REV\u0130 UZMANLIK GEREKT\u0130REN B\u0130R KONUDUR&#8221;<\/b><\/p>\n<p>Yarg\u0131tay Ba\u015fkan\u0131 Mehmet Akarca&#8217;n\u0131n t\u00f6rende yapt\u0131\u011f\u0131 konu\u015fmadan sat\u0131r ba\u015flar\u0131 \u015fu \u015fekilde; &#8220;Temyiz incelemesi g\u00f6revi, uzmanl\u0131k gerektiren bir konu olup, ancak engin bilgi birikimi ve zengin deneyime dayal\u0131 olarak y\u00fcr\u00fct\u00fclebilir. Bu g\u00f6revin lay\u0131k\u0131yla yerine getirilmesi ve yarg\u0131 ba\u011f\u0131ms\u0131zl\u0131\u011f\u0131n\u0131n korunmas\u0131 bak\u0131m\u0131ndan 12 y\u0131ll\u0131k g\u00f6rev s\u00fcresi s\u0131n\u0131r\u0131 kald\u0131r\u0131lmal\u0131d\u0131r.<\/p>\n<p><b>&#8220;L\u0130YAKATLI ADAY BULUNMASINDA SORUNLAR YA\u015eANAB\u0130L\u0130R&#8221;<\/b><\/p>\n<p>Yasal durumun devam\u0131 halinde, Yarg\u0131tay \u00fcyelerinin \u00f6nemli bir k\u0131sm\u0131n\u0131n bir anda de\u011fi\u015fmesi, kurumsal haf\u0131zay\u0131 ve kurumsal k\u00fclt\u00fcr\u00fc zay\u0131flataca\u011f\u0131 gibi belli bir s\u00fcre ve deneyim isteyen \u00fcnvanl\u0131 g\u00f6revlere liyakatl\u0131 aday bulunmas\u0131nda sorunlar ya\u015fanabilecektir.<\/p>\n<p><b>YARGITAYIN \u00c7ALI\u015eMA USULLER\u0130N\u0130N YEN\u0130DEN D\u00dcZENLENMES\u0130<\/b><\/p>\n<p>\u0130\u00e7tihad\u0131 Birle\u015ftirme Karar\u0131 m\u00fcessesesi, daireler aras\u0131nda derinle\u015fen i\u00e7tihat farkl\u0131l\u0131klar\u0131na izin veren, hukukun geli\u015fmesine engel olan ve uzun s\u00fcren karma\u015f\u0131k usulleri nedeniyle mahkemelerin rehberlik ihtiyac\u0131na zaman\u0131nda cevap verememektedir. \u0130\u00e7tihad\u0131 Birle\u015ftirme Karar\u0131 a\u015famas\u0131na gelinmeden, daireler aras\u0131nda veya daireler ile genel kurullar aras\u0131nda i\u00e7tihat farkl\u0131l\u0131klar\u0131n\u0131 \u00f6nleyici nitelikte \u00e7al\u0131\u015fma usulleri belirlenmelidir.<\/p>\n<p><b>&#8220;VER\u0130LEN KARAR \u00dcLKE \u00c7APINDA BENZER DAVALARDA DA UYGULANMALIDIR&#8221;<\/b><\/p>\n<p>Avrupa \u00fclkelerinin \u00e7o\u011funda uygulanan ve ayn\u0131 zamanda Avrupa Konseyi&#8217;nin bir standard\u0131 haline gelen uygulamaya g\u00f6re; bir daire, genel kurulun veya di\u011fer bir dairenin karar\u0131 ile \u00e7eli\u015fen bir karar vermemelidir. Farkl\u0131 bir karar verilmesi ihtimali do\u011farsa, ilgili dairelerin kat\u0131l\u0131mlar\u0131yla karma kurul veya genel kurulda uyu\u015fmazl\u0131k ele al\u0131nmal\u0131 ve verilen karar \u00fclke \u00e7ap\u0131nda benzer davalarda da uygulanmal\u0131d\u0131r.<\/p>\n<p><b>&#8220;B\u0130R DA\u0130REN\u0130N FARKLI UZMANLIK ALANLARINA BAKMASI&#8230;&#8221;<\/b><\/p>\n<p>Daire kararlar\u0131n\u0131n kendi i\u00e7inde \u00e7eli\u015fki i\u00e7ermemesi de temel bir ilkedir. Daire ba\u015fkan\u0131n\u0131n temel sorumluluklar\u0131ndan biri dairenin kendi kararlar\u0131 aras\u0131nda \u00e7eli\u015fkiyi \u00f6nlemek amac\u0131yla gerekli g\u00f6rece\u011fi b\u00fct\u00fcn tedbirleri almakt\u0131r. Dairelerin, uzmanl\u0131k \u00f6l\u00e7\u00fcs\u00fcne g\u00f6re heyet ba\u015fkan\u0131, \u00fcyeler ve tetkik hakimleri \u015feklinde alt heyetlere b\u00f6l\u00fcnmesi ve \u00fcyelerin heyetler aras\u0131 rotasyonunun \u00e7eli\u015fkili karar \u00e7\u0131kmayacak \u015fekilde yap\u0131lmas\u0131 gerekir. \u00d6zellikle 46 daireli Yarg\u0131tay&#8217;dan 24 daireli Yarg\u0131tay&#8217;a ge\u00e7i\u015f s\u00fcrecinin tamamlanmas\u0131ndan sonra bir dairenin farkl\u0131 uzmanl\u0131k alanlar\u0131na bakmas\u0131 alt heyetlerin uzmanla\u015fmas\u0131n\u0131 gerektirmektedir.&#8221;<\/p>\n","protected":false},"excerpt":{"rendered":"<p>Yarg\u0131tay Ba\u015fkanl\u0131\u011f\u0131&#8217;nda d\u00fczenlenen 2023-2024 Adli Y\u0131l A\u00e7\u0131l\u0131\u015f T\u00f6reni ba\u015flad\u0131. T\u00f6rende konu\u015fan Yarg\u0131tay Ba\u015fkan\u0131 Mehmet Akarca, salonda bulunan Cumhurba\u015fkan\u0131 Erdo\u011fan&#8217;a seslenerek &#8220;Say\u0131n Cumhurba\u015fkan\u0131m Yarg\u0131tay ve Dan\u0131\u015ftay \u00fcyelerinin 12 y\u0131l olan g\u00f6rev s\u00fcresi s\u0131n\u0131r\u0131 kald\u0131r\u0131lmal\u0131d\u0131r&#8221; ifadesini kulland\u0131.<\/p>\n","protected":false},"author":1,"featured_media":122443,"comment_status":"closed","ping_status":"open","sticky":false,"template":"","format":"standard","meta":{"footnotes":""},"categories":[28],"tags":[668,2153,267,580,657],"class_list":["post-122442","post","type-post","status-publish","format-standard","has-post-thumbnail","hentry","category-politika","tag-daire","tag-farkli","tag-gorev","tag-karar","tag-yargitay"],"_links":{"self":[{"href":"https:\/\/haberulus.net\/index.php?rest_route=\/wp\/v2\/posts\/122442","targetHints":{"allow":["GET"]}}],"collection":[{"href":"https:\/\/haberulus.net\/index.php?rest_route=\/wp\/v2\/posts"}],"about":[{"href":"https:\/\/haberulus.net\/index.php?rest_route=\/wp\/v2\/types\/post"}],"author":[{"embeddable":true,"href":"https:\/\/haberulus.net\/index.php?rest_route=\/wp\/v2\/users\/1"}],"replies":[{"embeddable":true,"href":"https:\/\/haberulus.net\/index.php?rest_route=%2Fwp%2Fv2%2Fcomments&post=122442"}],"version-history":[{"count":1,"href":"https:\/\/haberulus.net\/index.php?rest_route=\/wp\/v2\/posts\/122442\/revisions"}],"predecessor-version":[{"id":122444,"href":"https:\/\/haberulus.net\/index.php?rest_route=\/wp\/v2\/posts\/122442\/revisions\/122444"}],"wp:featuredmedia":[{"embeddable":true,"href":"https:\/\/haberulus.net\/index.php?rest_route=\/wp\/v2\/media\/122443"}],"wp:attachment":[{"href":"https:\/\/haberulus.net\/index.php?rest_route=%2Fwp%2Fv2%2Fmedia&parent=122442"}],"wp:term":[{"taxonomy":"category","embeddable":true,"href":"https:\/\/haberulus.net\/index.php?rest_route=%2Fwp%2Fv2%2Fcategories&post=122442"},{"taxonomy":"post_tag","embeddable":true,"href":"https:\/\/haberulus.net\/index.php?rest_route=%2Fwp%2Fv2%2Ftags&post=122442"}],"curies":[{"name":"wp","href":"https:\/\/api.w.org\/{rel}","templated":true}]}}