{"id":122457,"date":"2023-09-01T13:21:03","date_gmt":"2023-09-01T13:21:03","guid":{"rendered":"https:\/\/haberulus.net\/?p=122457"},"modified":"2023-09-01T13:21:03","modified_gmt":"2023-09-01T13:21:03","slug":"bakan-kocadan-e-recete-aciklamasi","status":"publish","type":"post","link":"https:\/\/haberulus.net\/?p=122457","title":{"rendered":"Bakan Koca\u2019dan e-re\u00e7ete a\u00e7\u0131klamas\u0131"},"content":{"rendered":"<p>\u00c7e\u015fitli temaslarda bulunmak \u00fczere Mardin&#8217;e gelen Sa\u011fl\u0131k Bakan\u0131 Fahrettin Koca, il protokol\u00fc taraf\u0131ndan Mardin Prof. Dr. Aziz Sancar Havaliman\u0131&#8217;nda kar\u015f\u0131land\u0131.<\/p>\n<p>Bakan Koca, Vali Tuncay Akkoyun\u2019u ziyaret ederek kentteki \u00e7al\u0131\u015fmalar hakk\u0131nda bilgi ald\u0131. Bakan Koca&#8217;ya, AK Parti Mardin milletvekilleri Faruk K\u0131l\u0131\u00e7 ile Muhammed Adak, AKP \u0130l Ba\u015fkan\u0131 Vahap Alma ve \u0130l Sa\u011fl\u0131k M\u00fcd\u00fcr\u00fc Saffet Yavuz e\u015flik etti.<\/p>\n<p>Burada a\u00e7\u0131klamalarda bulunan Bakan Koca, t\u00fcm vatanda\u015flara adil, e\u015fit ve kapsay\u0131c\u0131 sa\u011fl\u0131k hizmeti sunma hedefi konusunda \u00f6nemli mesafeler kat edildi\u011fini belirterek, \u015funlar\u0131 s\u00f6yledi:<\/p>\n<p>-Say\u0131n Cumhurba\u015fkan\u0131m\u0131z\u0131n liderli\u011finde sa\u011fl\u0131k alt yap\u0131m\u0131z \u2018\u00d6nce insan, \u00f6nce sa\u011fl\u0131k&#8217; anlay\u0131\u015f\u0131 ile 22 y\u0131ll\u0131k istikrarl\u0131 bir b\u00fcy\u00fcme ve modernle\u015fme s\u00fcreci ya\u015fad\u0131.<\/p>\n<p>-T\u00fcrkiye&#8217;nin d\u00f6rt bir yan\u0131nda d\u00fcnyan\u0131n en modern sa\u011fl\u0131k tesislerini in\u015fa ettik ve yenileriyle yolumuza devam ediyoruz. Anadolu&#8217;yu, Mardin&#8217;i 21&#8217;inci y\u00fczy\u0131l\u0131n \u015fifahaneleriyle donat\u0131yoruz. Halk\u0131m\u0131z\u0131n memnuniyetini kazanan sa\u011fl\u0131kta de\u011fi\u015fim yolculu\u011fumuzu, sa\u011fl\u0131kta k\u00fcresel g\u00fc\u00e7 olma hedefiyle s\u00fcrd\u00fcr\u00fcyoruz.<\/p>\n<p>-Cumhurba\u015fkan\u0131m\u0131z\u0131n ilan etti\u011fi T\u00fcrkiye Y\u00fczy\u0131l\u0131 vizyonu ile sa\u011fl\u0131k yat\u0131r\u0131mlar\u0131, bilgi, teknoloji ve sa\u011fl\u0131k hizmeti \u00fcretimi noktas\u0131nda b\u00f6lgesel ve k\u00fcresel ko\u015fullarda zirveyi hedefliyoruz. T\u00fcrkiye Y\u00fczy\u0131l\u0131 vizyonumuzun, her \u015feyi insan\u0131n hizmetine sunan medeniyetimizden g\u00fc\u00e7 alarak, insan merkezli bir kalk\u0131nma anlay\u0131\u015f\u0131yla k\u00fcresel ba\u015far\u0131lar hedefledi\u011fini vurgulamak istiyorum.<\/p>\n<p>-Bu k\u00fcresel hedefin me\u015fruiyetini, sa\u011fl\u0131k hizmetlerini T\u00fcrkiye&#8217;nin d\u00f6rt bir yan\u0131na e\u015fit \u015fekilde ula\u015ft\u0131rarak sa\u011flad\u0131k. 85 milyon insan\u0131m\u0131za, adil, e\u015fit ve kapsay\u0131c\u0131 sa\u011fl\u0131k hizmeti sunma hedefi do\u011frultusunda \u00e7ok \u00f6nemli mesafeler kat ettik.<\/p>\n<p>-\u0130\u015fte bu noktada, Mardin ve b\u00f6lge illerimiz a\u00e7\u0131s\u0131ndan AK Parti iktidarlar\u0131 d\u00f6neminde sa\u011fl\u0131k alan\u0131nda ya\u015fanan en b\u00fcy\u00fck de\u011fi\u015fim, b\u00f6lgesel adaletsizli\u011fin \u00e7ok b\u00fcy\u00fck \u00f6l\u00e7\u00fcde giderilmi\u015f olmas\u0131d\u0131r.\u201d<\/p>\n<p><strong>\u2018HASTANELER\u0130N YA\u015eI 49&#8217;DAN 14&#8217;LERE KADAR D\u00dc\u015eT\u00dc&#8217;<\/strong><\/p>\n<p>-2002 y\u0131l\u0131ndan bug\u00fcne kadar her y\u0131l insan\u0131m\u0131za sundu\u011fumuz sa\u011fl\u0131k hizmetlerindeki geli\u015fimi ve de\u011fi\u015fimi ortaya koyan istatistikler yay\u0131nl\u0131yoruz. 2002&#8217;de hastanelerimizin ortalama ya\u015f\u0131 49&#8217;du. 21&#8217;inci y\u00fczy\u0131l\u0131n \u015fifahaneleriyle sa\u011fl\u0131k tesislerimizin ortalama ya\u015f\u0131n\u0131 bug\u00fcn 14&#8217;lere kadar d\u00fc\u015f\u00fcrd\u00fck. Mardin&#8217;de ise sa\u011fl\u0131k tesislerinin ortalama ya\u015f\u0131 12&#8217;dir.<\/p>\n<p>-Nitelikli yatak say\u0131s\u0131 2002&#8217;de t\u00fcm sa\u011fl\u0131k kurumlar\u0131ndaki yatak say\u0131s\u0131n\u0131n y\u00fczde 6&#8217;s\u0131 kadarken, bug\u00fcn toplam yatak say\u0131s\u0131n\u0131n yakla\u015f\u0131k 70&#8217;ine ula\u015fm\u0131\u015ft\u0131r. Mardin ilimizde ise bu oran y\u00fczde 86&#8217;y\u0131 bulmu\u015ftur. 2002 y\u0131l\u0131ndan bug\u00fcne bakt\u0131\u011f\u0131m\u0131zda hastaneye m\u00fcracaat eden insanlar\u0131m\u0131z\u0131n ald\u0131\u011f\u0131 hizmet oran\u0131 Ankara&#8217;da, \u0130stanbul&#8217;da ne ise Mardin&#8217;de de ayn\u0131d\u0131r. Yine, di\u015f hekimine m\u00fcracaat oran\u0131, Mu\u011fla&#8217;da, \u0130zmir&#8217;de ne ise Mardin&#8217;de de benzer oranda ger\u00e7ekle\u015fmektedir. T\u0131bbi cihaz ve g\u00f6r\u00fcnt\u00fcleme hizmetlerinden 112 acil hizmetlerine, aile hekimine d\u00fc\u015fen n\u00fcfus oran\u0131ndan insan kayna\u011f\u0131 da\u011f\u0131l\u0131m\u0131na kadar pek \u00e7ok g\u00f6sterge, b\u00f6lgesel farkl\u0131l\u0131klar\u0131n art\u0131k fark edilemez d\u00fczeye inmekte oldu\u011funu g\u00f6steriyor.<\/p>\n<p>-\u00d6rne\u011fin, n\u00fcfus\u00e7a a\u015fa\u011f\u0131 yukar\u0131 ayn\u0131 bir Kuzey \u015fehrimizin sa\u011fl\u0131k yat\u0131r\u0131mlar\u0131 ile Mardin&#8217;deki sa\u011fl\u0131k yat\u0131r\u0131mlar\u0131n\u0131n yerlerini de\u011fi\u015ftirseniz, Mardin&#8217;dekileri oraya, oradakileri de Mardin&#8217;e ta\u015f\u0131san\u0131z sonu\u00e7 itibariyle pek bir fark g\u00f6remezsiniz.<\/p>\n<p>-Dolay\u0131s\u0131yla, sa\u011fl\u0131k hizmetlerine insan\u0131m\u0131z\u0131n adil eri\u015fimi konusundaki hassasiyetimizin en belirgin \u015fekilde kendisini hissettirdi\u011fi b\u00f6lgelerden birisinin G\u00fcneydo\u011fu Anadolu oldu\u011funu ifade etmek isterim.<\/p>\n<p><strong>\u201cT\u00dcRK\u00c7E DI\u015eINDA RE\u00c7ETE YAZIIMI S\u00d6Z KONUSU DE\u011e\u0130L\u201d<\/strong><\/p>\n<p>Yabanc\u0131lar i\u00e7in \u00e7e\u015fitli dillerde re\u00e7ete yaz\u0131m\u0131n\u0131n yap\u0131ld\u0131\u011f\u0131n\u0131 belirten Bakan Koca, \u201cE-re\u00e7ete ile ilgili konu \u015fu, T.C. vatanda\u015f\u0131 olan hi\u00e7bir kimseye, T\u00fcrk\u00e7e d\u0131\u015f\u0131nda re\u00e7ete yaz\u0131m\u0131 s\u00f6z konusu de\u011fildir. T\u00fcrkiye her ge\u00e7en g\u00fcn sa\u011fl\u0131k turizminin \u00fcss\u00fc olmaya, \u00f6nemli 3 \u00fclkeden biri olmaya h\u0131zla ilerliyor. Yabanc\u0131 olan hastan\u0131n kendi \u00fclkesinde, re\u00e7etenin anla\u015f\u0131l\u0131r olmas\u0131n\u0131 sa\u011flamak i\u00e7in yap\u0131lan bir d\u00fczenlemedir. Bu var olan yakla\u015f\u0131m\u0131 biraz da geni\u015f tutarak, hizmetin geldi\u011fi noktay\u0131 g\u00f6stermek i\u00e7in \u00f6nemlidir. Birileri bir yerlere \u00e7ekmek istiyor. Vars\u0131n nereye \u00e7ekmek isterlerse istesinler, hakikat bundan \u00f6te de\u011fildir.\u201d<\/p>\n<p><strong>\u2018KUDUZ A\u015eIMIZ VAR, VAKA ARTI\u015eI S\u00d6Z KONUSU DE\u011e\u0130L&#8217;<\/strong><\/p>\n<p>Bakan Koca, a\u00e7\u0131klamas\u0131n\u0131n ard\u0131ndan bir gazetecinin kuduz a\u015f\u0131lar\u0131 ve ishal vakalar\u0131 ile ilgili sorusu \u00fczerine, \u015fu yan\u0131t\u0131 verdi:<\/p>\n<p>-A\u015f\u0131yla ilgili herhangi bir sorunumuz yok. Yeterince a\u015f\u0131m\u0131z var. Bizim teknoloji transferi ile yerlile\u015ftirece\u011fimiz 3 a\u015f\u0131dan biri de kuduz a\u015f\u0131s\u0131d\u0131r. Di\u011feri de biliyorsunuz hepatit A ve su \u00e7i\u00e7e\u011fi a\u015f\u0131s\u0131d\u0131r. Dolay\u0131s\u0131yla a\u015f\u0131 a\u00e7\u0131s\u0131ndan herhangi bir sorunumuz yok.<\/p>\n<p>-Vakalar\u0131m\u0131z a\u00e7\u0131s\u0131ndan hastaneye m\u00fcracaat eden hastalar\u0131m\u0131zda da, bir art\u0131\u015f olmad\u0131\u011f\u0131n\u0131 \u00e7ok rahatl\u0131kla s\u00f6yleyebilirim.<\/p>\n<p>-\u0130shal durumuyla ilgili, yer yer, b\u00f6lgesel, \u015febekeden, su ar\u0131tmadan kaynakl\u0131 vakalar\u0131 g\u00f6r\u00fcyoruz. Halk sa\u011fl\u0131\u011f\u0131 ekiplerimiz sahada yayg\u0131n bir \u015fekilde analizlerini \u00e7ok s\u0131k\u0131 bir \u015fekilde yap\u0131yor, klorlamay\u0131 yak\u0131ndan takip ediyoruz.<\/p>\n<p>-Gerekti\u011finde filyasyon yaparak, kayna\u011f\u0131na inerek, kayna\u011f\u0131n\u0131 ortadan kald\u0131rma noktas\u0131nda da gayret ve \u00e7aba i\u00e7erisinde oluyoruz. Genel bir salg\u0131n oldu\u011fundan bahsetmek m\u00fcmk\u00fcn de\u011fildir.<\/p>\n<p><strong>\u2018HER AN B\u0130R\u00c7OK KURULU\u015eUMUZU DENETL\u0130YOR OLACA\u011eIZ&#8217;<\/strong><\/p>\n<p>Estetik operasyonlar yapan merdiven alt\u0131 diye tabir edilen muayenehaneler ile ilgili, denetim ve bask\u0131nlar\u0131n artt\u0131r\u0131laca\u011f\u0131n\u0131 belirten Bakan Koca, \u201cBu asla kabul edilebilir bir durum de\u011fil. Sa\u011fl\u0131k turizmi a\u00e7\u0131s\u0131ndan da son derece \u00f6nemli. Buradan \u00f6zellikle ifade etmek istiyorum. \u00d6zel sekt\u00f6r ba\u015fta olmak \u00fczere, bu tarz uygulamalar\u0131n tepesinde olaca\u011f\u0131z. Bu anlamda yap\u0131labilir en ufak bir yanl\u0131\u015f\u0131n veya hizmetin do\u011fru yap\u0131lamad\u0131\u011f\u0131n\u0131n ortaya konulmas\u0131 durumunda affetmeyece\u011fimizi ilan etmek istiyorum. Arkada\u015flar\u0131m\u0131z da sahadalar, yer yer bask\u0131nlar\u0131n olabilece\u011fini de bilsinler. Her an, bir\u00e7ok kurulu\u015fumuzu denetliyor olaca\u011f\u0131m\u0131z\u0131 buradan s\u00f6ylemek istiyorum. Bunu asla affetmiyoruz\u201d dedi.<\/p>\n<p><strong>\u2018TELEMED\u0130C\u0130NE UYGULAMASI BA\u015eLAYACAK&#8217;<\/strong><\/p>\n<p>Hastaneye rapor ve re\u00e7ete ihtiyac\u0131 i\u00e7in gidenlerin say\u0131s\u0131n\u0131 azaltmak amac\u0131yla ba\u015flat\u0131lan Telemedicine uygulamas\u0131n\u0131n ba\u015flayaca\u011f\u0131n\u0131 belirten Bakan Koca, \u201cTelemedicine ile ilgili, \u00f6zellikle online, uzaktan, hastan\u0131n hastaneye gelmesini m\u00fcmk\u00fcn oldu\u011funca azaltan, gerekti\u011finde uzaktan rapor ve re\u00e7ete ihtiyac\u0131n\u0131, \u00f6zellikle takipli ve kronik hastalar i\u00e7in son derece \u00f6nemli. Y\u00f6netmeli\u011fi yay\u0131mland\u0131, \u00f6n\u00fcm\u00fczdeki s\u00fcre\u00e7te nerede nas\u0131l uygulayaca\u011f\u0131m\u0131z\u0131n duyurusunu yaparak ba\u015flatm\u0131\u015f olaca\u011f\u0131z\u201d diye konu\u015ftu.(DHA)<\/p>\n","protected":false},"excerpt":{"rendered":"<p>Sa\u011fl\u0131k Bakan\u0131 Fahrettin Koca, yabanc\u0131lar i\u00e7in \u00e7e\u015fitli dillerde re\u00e7ete yaz\u0131m\u0131n\u0131n yap\u0131ld\u0131\u011f\u0131n\u0131 belirterek, \u201cT.C. vatanda\u015f\u0131 olan, yani T\u00fcrkiye Cumhuriyeti vatanda\u015f\u0131 olan hi\u00e7bir kimseye T\u00fcrk\u00e7e d\u0131\u015f\u0131nda re\u00e7ete yaz\u0131m\u0131 s\u00f6z konusu de\u011fildir&#8221; dedi.<\/p>\n","protected":false},"author":1,"featured_media":122458,"comment_status":"closed","ping_status":"open","sticky":false,"template":"","format":"standard","meta":{"footnotes":""},"categories":[30],"tags":[180,500,9462,12611,177],"class_list":["post-122457","post","type-post","status-publish","format-standard","has-post-thumbnail","hentry","category-saglik","tag-asi","tag-insan","tag-mardin","tag-recete","tag-saglik"],"_links":{"self":[{"href":"https:\/\/haberulus.net\/index.php?rest_route=\/wp\/v2\/posts\/122457","targetHints":{"allow":["GET"]}}],"collection":[{"href":"https:\/\/haberulus.net\/index.php?rest_route=\/wp\/v2\/posts"}],"about":[{"href":"https:\/\/haberulus.net\/index.php?rest_route=\/wp\/v2\/types\/post"}],"author":[{"embeddable":true,"href":"https:\/\/haberulus.net\/index.php?rest_route=\/wp\/v2\/users\/1"}],"replies":[{"embeddable":true,"href":"https:\/\/haberulus.net\/index.php?rest_route=%2Fwp%2Fv2%2Fcomments&post=122457"}],"version-history":[{"count":1,"href":"https:\/\/haberulus.net\/index.php?rest_route=\/wp\/v2\/posts\/122457\/revisions"}],"predecessor-version":[{"id":122459,"href":"https:\/\/haberulus.net\/index.php?rest_route=\/wp\/v2\/posts\/122457\/revisions\/122459"}],"wp:featuredmedia":[{"embeddable":true,"href":"https:\/\/haberulus.net\/index.php?rest_route=\/wp\/v2\/media\/122458"}],"wp:attachment":[{"href":"https:\/\/haberulus.net\/index.php?rest_route=%2Fwp%2Fv2%2Fmedia&parent=122457"}],"wp:term":[{"taxonomy":"category","embeddable":true,"href":"https:\/\/haberulus.net\/index.php?rest_route=%2Fwp%2Fv2%2Fcategories&post=122457"},{"taxonomy":"post_tag","embeddable":true,"href":"https:\/\/haberulus.net\/index.php?rest_route=%2Fwp%2Fv2%2Ftags&post=122457"}],"curies":[{"name":"wp","href":"https:\/\/api.w.org\/{rel}","templated":true}]}}