{"id":122529,"date":"2023-09-01T15:51:05","date_gmt":"2023-09-01T15:51:05","guid":{"rendered":"https:\/\/haberulus.net\/?p=122529"},"modified":"2023-09-01T15:51:05","modified_gmt":"2023-09-01T15:51:05","slug":"manchester-city-portekizli-futbolcu-nunesi-transfer-etti","status":"publish","type":"post","link":"https:\/\/haberulus.net\/?p=122529","title":{"rendered":"Manchester City, Portekizli futbolcu Nunes\u2019i transfer etti"},"content":{"rendered":"<p>\u0130ngiltere Premier Lig tak\u0131mlar\u0131ndan Manchester City, Portekizli orta saha oyuncusu Matheus Nunes\u2019i kadrosuna katt\u0131.<\/p>\n<p>Kul\u00fcpten yap\u0131lan a\u00e7\u0131klamada, Wolverhampton formas\u0131 giyen 25 ya\u015f\u0131ndaki futbolcuyla 5 y\u0131ll\u0131k s\u00f6zle\u015fme imzaland\u0131\u011f\u0131 kaydedildi.<\/p>\n<p>Transferinin ard\u0131ndan kul\u00fcb\u00fcn internet sitesine konu\u015fan Nunes, \u201cAvrupa \u015fampiyonu ve uzun zamand\u0131r hayran\u0131 oldu\u011fum Manchester City\u2019ye kat\u0131ld\u0131\u011f\u0131m i\u00e7in \u00e7ok mutluyum. Gelmi\u015f ge\u00e7mi\u015f en iyi teknik direkt\u00f6rlerden Pep Guardiola ve d\u00fcnyan\u0131n en iyi oyuncular\u0131ndan baz\u0131lar\u0131yla birlikte \u00e7al\u0131\u015fma f\u0131rsat\u0131n\u0131 geri \u00e7eviremezdim\u201d ifadelerini kulland\u0131.<\/p>\n<p>Ge\u00e7en sezon t\u00fcm kulvarlarda 39 ma\u00e7a \u00e7\u0131kan Nunes, bir de gol att\u0131. (AA)<\/p>\n","protected":false},"excerpt":{"rendered":"<p>Manchester City, Wolverhampton formas\u0131 giyen 25 ya\u015f\u0131ndaki Matheus Nunes&#8217;i kadrosuna katt\u0131.<\/p>\n","protected":false},"author":1,"featured_media":122530,"comment_status":"closed","ping_status":"open","sticky":false,"template":"","format":"standard","meta":{"footnotes":""},"categories":[31],"tags":[],"class_list":["post-122529","post","type-post","status-publish","format-standard","has-post-thumbnail","hentry","category-spor"],"_links":{"self":[{"href":"https:\/\/haberulus.net\/index.php?rest_route=\/wp\/v2\/posts\/122529","targetHints":{"allow":["GET"]}}],"collection":[{"href":"https:\/\/haberulus.net\/index.php?rest_route=\/wp\/v2\/posts"}],"about":[{"href":"https:\/\/haberulus.net\/index.php?rest_route=\/wp\/v2\/types\/post"}],"author":[{"embeddable":true,"href":"https:\/\/haberulus.net\/index.php?rest_route=\/wp\/v2\/users\/1"}],"replies":[{"embeddable":true,"href":"https:\/\/haberulus.net\/index.php?rest_route=%2Fwp%2Fv2%2Fcomments&post=122529"}],"version-history":[{"count":1,"href":"https:\/\/haberulus.net\/index.php?rest_route=\/wp\/v2\/posts\/122529\/revisions"}],"predecessor-version":[{"id":122531,"href":"https:\/\/haberulus.net\/index.php?rest_route=\/wp\/v2\/posts\/122529\/revisions\/122531"}],"wp:featuredmedia":[{"embeddable":true,"href":"https:\/\/haberulus.net\/index.php?rest_route=\/wp\/v2\/media\/122530"}],"wp:attachment":[{"href":"https:\/\/haberulus.net\/index.php?rest_route=%2Fwp%2Fv2%2Fmedia&parent=122529"}],"wp:term":[{"taxonomy":"category","embeddable":true,"href":"https:\/\/haberulus.net\/index.php?rest_route=%2Fwp%2Fv2%2Fcategories&post=122529"},{"taxonomy":"post_tag","embeddable":true,"href":"https:\/\/haberulus.net\/index.php?rest_route=%2Fwp%2Fv2%2Ftags&post=122529"}],"curies":[{"name":"wp","href":"https:\/\/api.w.org\/{rel}","templated":true}]}}