{"id":122598,"date":"2023-09-01T19:05:02","date_gmt":"2023-09-01T19:05:02","guid":{"rendered":"https:\/\/haberulus.net\/?p=122598"},"modified":"2023-09-01T19:05:02","modified_gmt":"2023-09-01T19:05:02","slug":"kilicdaroglunun-danisman-olarak-atadigi-perinaz-mahpeyker-yamanin-kendisine-hakaretler-ettigi-paylasimi-ortaya-cikti","status":"publish","type":"post","link":"https:\/\/haberulus.net\/?p=122598","title":{"rendered":"K\u0131l\u0131\u00e7daro\u011flu&#8217;nun dan\u0131\u015fman olarak atad\u0131\u011f\u0131 Perinaz Mahpeyker Yaman&#8217;\u0131n kendisine hakaretler etti\u011fi payla\u015f\u0131m\u0131 ortaya \u00e7\u0131kt\u0131"},"content":{"rendered":"<p>CHP lideri K\u0131l\u0131\u00e7daro\u011flu&#8217;nun &#8220;Kad\u0131n ve Aile Politikalar\u0131&#8221; konusunda Genel Ba\u015fkan Dan\u0131\u015fman\u0131 olarak atad\u0131\u011f\u0131 Perinaz Mahpeyker Yaman&#8217;\u0131n y\u0131llar \u00f6nceki payla\u015f\u0131mlar\u0131nda K\u0131l\u0131\u00e7daro\u011flu&#8217;na hakaretler ya\u011fd\u0131rd\u0131\u011f\u0131 ortaya \u00e7\u0131kt\u0131. <\/p>\n<p><b>GENEL BA\u015eKAN DANI\u015eMANI OLARAK ATANDI<\/b><\/p>\n<p>28 May\u0131s se\u00e7imlerinden yenilgiyle ayr\u0131lan CHP Genel Ba\u015fkan\u0131 Kemal K\u0131l\u0131\u00e7daro\u011flu, de\u011fi\u015fim tart\u0131\u015fmalar\u0131 sonras\u0131 partini y\u00f6netimini yeniden \u015fekillendirerek dan\u0131\u015fmanlar\u0131 g\u00f6revine son vermi\u015fti. CHP liderinin \u0131slak imzas\u0131 ile &#8216;Kad\u0131n ve Aile Politikalar\u0131&#8217; konusunda \u00e7al\u0131\u015fmalar y\u00fcr\u00fctmek \u00fczere Genel Ba\u015fkan Dan\u0131\u015fman\u0131&#8217; olarak Perinaz Mahpeyker Yaman atand\u0131.<\/p>\n<p><b>&#8220;KILI\u00c7DARO\u011eLU&#8217;NA \u015e\u00dcKRANLARIMI SUNARIM&#8221;<\/b><\/p>\n<p>Sosyal medya hesab\u0131ndan Yaman, &#8220;Bana onur duydu\u011fum bu g\u00f6revi lay\u0131k g\u00f6ren say\u0131n genel ba\u015fkan\u0131m kemal K\u0131l\u0131\u00e7daro\u011flu&#8217;na \u015f\u00fckranlar\u0131m\u0131 sunar\u0131m. Allah utand\u0131rmas\u0131n in\u015fallah&#8221; ifadelerini kulland\u0131. <\/p>\n<p><img decoding=\"async\" src=\"https:\/\/i.hbrcdn.com\/haber\/2023\/09\/01\/kilicdaroglu-nun-danisman-olarak-atadigi-perinaz-16285895_5736_m.jpg\" alt=\"\" title=\"\"><\/p>\n<p><b>KILI\u00c7DARO\u011eLU&#8217;NA HAKARET ETT\u0130\u011e\u0130 PAYLA\u015eIMI ORTAYA \u00c7IKTI<\/b><\/p>\n<p>Yaman&#8217;\u0131n ge\u00e7ti\u011fimiz y\u0131llarda K\u0131l\u0131\u00e7daro\u011flu&#8217;nu hedef alan bir payla\u015f\u0131m\u0131nda, &#8220;zavall\u0131, hain ve kan\u0131 bozuk&#8221;ifadelerini kulland\u0131\u011f\u0131 ortaya \u00e7\u0131kt\u0131. <\/p>\n<p><img decoding=\"async\" src=\"https:\/\/i.hbrcdn.com\/haber\/2023\/09\/01\/kilicdaroglu-nun-danisman-olarak-atadigi-perinaz-16285895_2386_m.jpg\" alt=\"\" title=\"\"><\/p>\n","protected":false},"excerpt":{"rendered":"<p>CHP lideri Kemal K\u0131l\u0131\u00e7daro\u011flu&#8217;nun kad\u0131n ve aile politikalar\u0131 \u00fczerine \u00e7al\u0131\u015fma yapmak \u00fczere genel ba\u015fkan dan\u0131\u015fman\u0131 olarak atad\u0131\u011f\u0131 Perinaz Mahpeyker Yaman&#8217;\u0131n kendisine hakaretler etti\u011fi y\u0131llar \u00f6ncesinden bir payla\u015f\u0131m\u0131 ortaya \u00e7\u0131kt\u0131.<\/p>\n","protected":false},"author":1,"featured_media":122599,"comment_status":"closed","ping_status":"open","sticky":false,"template":"","format":"standard","meta":{"footnotes":""},"categories":[28],"tags":[443],"class_list":["post-122598","post","type-post","status-publish","format-standard","has-post-thumbnail","hentry","category-politika","tag-baskan"],"_links":{"self":[{"href":"https:\/\/haberulus.net\/index.php?rest_route=\/wp\/v2\/posts\/122598","targetHints":{"allow":["GET"]}}],"collection":[{"href":"https:\/\/haberulus.net\/index.php?rest_route=\/wp\/v2\/posts"}],"about":[{"href":"https:\/\/haberulus.net\/index.php?rest_route=\/wp\/v2\/types\/post"}],"author":[{"embeddable":true,"href":"https:\/\/haberulus.net\/index.php?rest_route=\/wp\/v2\/users\/1"}],"replies":[{"embeddable":true,"href":"https:\/\/haberulus.net\/index.php?rest_route=%2Fwp%2Fv2%2Fcomments&post=122598"}],"version-history":[{"count":1,"href":"https:\/\/haberulus.net\/index.php?rest_route=\/wp\/v2\/posts\/122598\/revisions"}],"predecessor-version":[{"id":122600,"href":"https:\/\/haberulus.net\/index.php?rest_route=\/wp\/v2\/posts\/122598\/revisions\/122600"}],"wp:featuredmedia":[{"embeddable":true,"href":"https:\/\/haberulus.net\/index.php?rest_route=\/wp\/v2\/media\/122599"}],"wp:attachment":[{"href":"https:\/\/haberulus.net\/index.php?rest_route=%2Fwp%2Fv2%2Fmedia&parent=122598"}],"wp:term":[{"taxonomy":"category","embeddable":true,"href":"https:\/\/haberulus.net\/index.php?rest_route=%2Fwp%2Fv2%2Fcategories&post=122598"},{"taxonomy":"post_tag","embeddable":true,"href":"https:\/\/haberulus.net\/index.php?rest_route=%2Fwp%2Fv2%2Ftags&post=122598"}],"curies":[{"name":"wp","href":"https:\/\/api.w.org\/{rel}","templated":true}]}}