{"id":122613,"date":"2023-09-01T20:05:04","date_gmt":"2023-09-01T20:05:04","guid":{"rendered":"https:\/\/haberulus.net\/?p=122613"},"modified":"2023-09-01T20:05:04","modified_gmt":"2023-09-01T20:05:04","slug":"zelenski-nijer-ve-gabondaki-darbelerin-arkasinda-rusyanin-oldugunu-iddia-etti-afrikada-kaos-yaratip-dunyanin-dikkatini-dagitiyorlar","status":"publish","type":"post","link":"https:\/\/haberulus.net\/?p=122613","title":{"rendered":"Zelenski, Nijer ve Gabon&#8217;daki darbelerin arkas\u0131nda Rusya&#8217;n\u0131n oldu\u011funu iddia etti: Afrika&#8217;da kaos yarat\u0131p d\u00fcnyan\u0131n dikkatini da\u011f\u0131t\u0131yorlar"},"content":{"rendered":"<p> <strong>Ukrayna<\/strong> Devlet Ba\u015fkan\u0131 Volodimir Zelenskiy,  <strong>Rusya<\/strong>&#8216;n\u0131n  <strong>Afrika<\/strong>&#8216;da kaos yaratarak d\u00fcnyan\u0131n dikkatini da\u011f\u0131tmaya \u00e7al\u0131\u015ft\u0131\u011f\u0131n\u0131 s\u00f6yledi.<\/p>\n<p><b>&#8220;UKRAYNA, KIRIM&#8217;IN RUSYA&#8217;YA A\u0130T OLMASINI TANIMIYOR&#8221;<\/b><\/p>\n<p>Ukraynal\u0131 lider, \u0130talya&#8217;n\u0131n Como G\u00f6l\u00fc k\u0131y\u0131s\u0131ndaki Cernobbio kasabas\u0131nda her y\u0131l eyl\u00fcl ba\u015f\u0131nda d\u00fczenlenen ve uluslararas\u0131 geli\u015fmelerin ele al\u0131nd\u0131\u011f\u0131 Ambrosetti Forumu&#8217;na video mesaj g\u00f6nderdi. Rusya ile devam eden sava\u015flar\u0131na ili\u015fkin de\u011ferlendirmelerde bulunan Zelenskiy, &#8220;K\u0131r\u0131m olmadan, Donbas olmadan ve i\u015fgal edilmi\u015f topraklar olmadan Ukrayna&#8217;da ve dolay\u0131s\u0131yla Avrupa&#8217;da s\u00fcrd\u00fcr\u00fclebilir bir bar\u0131\u015f olmayacak. Uygar bir millet olan Ukrayna, K\u0131r\u0131m&#8217;\u0131n Rusya&#8217;ya ait olmas\u0131n\u0131 tan\u0131m\u0131yor. Di\u011fer \u00fclkeler de bunu tan\u0131m\u0131yor, dolay\u0131s\u0131yla durum s\u00fcrd\u00fcr\u00fclebilir de\u011fil, kal\u0131c\u0131 bir kaos ya\u015fanacak. Rusya&#8217;n\u0131n arad\u0131\u011f\u0131 da bu. Bu, diplomatik veya askeri yolla \u00e7\u00f6z\u00fclebilir. Rus birliklerinin yar\u0131maday\u0131 b\u0131rakmas\u0131 hayat kurtaracak.&#8221; ifadelerini kulland\u0131.<\/p>\n<p><img decoding=\"async\" src=\"https:\/\/i.hbrcdn.com\/haber\/2023\/09\/01\/zelenskiy-rusya-afrika-da-kaos-yaratmaya-16285657_1529_m.jpg\" alt=\"\" title=\"\"><span>Ukrayna Devlet Ba\u015fkan\u0131 Volodimir Zelenskiy<\/span><\/p>\n<p><b>&#8220;AFR\u0130KA&#8217;DA KAOS YARATARAK D\u00dcNYANIN D\u0130KKAT\u0130N\u0130 DA\u011eITIYORLAR&#8221;<\/b><\/p>\n<p>Zelenskiy, Afrika \u00fclkelerindeki geli\u015fmelere at\u0131f yaparak, &#8220;(Ruslar) Afrika&#8217;da kaos yaratmaya \u00e7al\u0131\u015f\u0131rken dahi g\u00fc\u00e7 de\u011fil, zay\u0131fl\u0131k g\u00f6r\u00fcyoruz. G\u00fc\u00e7l\u00fc olduklar\u0131n\u0131 g\u00f6stermiyorlar, asl\u0131nda d\u00fcnyan\u0131n dikkatini da\u011f\u0131tmaya \u00e7al\u0131\u015f\u0131yorlar.&#8221; yorumunu yapt\u0131.<\/p>\n<p>Ukraynal\u0131 lider, Zaporijya b\u00f6lgesinin askerden ar\u0131nd\u0131r\u0131lmas\u0131n\u0131n, n\u00fckleer felaketi \u00f6nlemek i\u00e7in herkesin esas g\u00f6revi oldu\u011funu ifade etti. Zelenskiy, sava\u015f\u0131n ba\u015f\u0131ndan bu yana \u0130talya&#8217;n\u0131n kendilerini destekledi\u011fini ve bundan \u015f\u00fcphe etmedi\u011fini belirterek, gelecek y\u0131l G7 D\u00f6nem Ba\u015fkanl\u0131\u011f\u0131&#8217;n\u0131 \u00fcstlenecek olan \u0130talya&#8217;n\u0131n sadece Ukrayna&#8217;n\u0131n ya da Avrupa&#8217;n\u0131n g\u00fcvenli\u011fi i\u00e7in de\u011fil, k\u00fcresel g\u00fcvenlik a\u00e7\u0131s\u0131ndan g\u00fc\u00e7l\u00fc \u00e7\u00f6z\u00fcmler getirece\u011fini ifade etti.<\/p>\n<p><b>AFR\u0130KA&#8217;DA NELER OLUYOR? <\/b><\/p>\n<p>Nijer&#8217;de Cumhurba\u015fkan\u0131 Muhammed Bazum, 26 Temmuz&#8217;da Cumhurba\u015fkanl\u0131\u011f\u0131 Muhaf\u0131z Alay\u0131 unsurlar\u0131nca al\u0131konulmu\u015f ve o ak\u015fam asker y\u00f6netime el koydu\u011funu duyurmu\u015ftu. Cumhurba\u015fkanl\u0131\u011f\u0131 Muhaf\u0131z Alay\u0131 Komutan\u0131 General Abdurrahmane Tchiani, 28 Temmuz&#8217;da Vatan\u0131 Koruma Ulusal Konseyi (CNSP) isimli ge\u00e7i\u015f h\u00fck\u00fcmetinin ba\u015f\u0131na ge\u00e7mi\u015fti. CNSP, 7 A\u011fustos&#8217;ta Lamine Zeine&#8217;yi ba\u015fbakan olarak atam\u0131\u015f, 10 A\u011fustos&#8217;ta da asker ve sivillerden olu\u015fan 21 \u00fcyeli kabineyi a\u00e7\u0131klam\u0131\u015ft\u0131. ECOWAS&#8217;\u0131n\u00fclkeye askeri m\u00fcdahale riski hale bulunuyorken, Nijer y\u00f6netimi ise Frans\u0131z b\u00fcy\u00fckel\u00e7isinin \u00fclkeden ayr\u0131lmas\u0131 i\u00e7in talimat verdi. <\/p>\n<p><img decoding=\"async\" src=\"https:\/\/i.hbrcdn.com\/haber\/2023\/09\/01\/zelenskiy-rusya-afrika-da-kaos-yaratmaya-16285657_427_m.jpg\" alt=\"\" title=\"\"><\/p>\n<p><b>GABON&#8217;DA DA DARBE OLDU<\/b><\/p>\n<p>Orta Afrika \u00fclkesi Gabon&#8217;da d\u00fcn sabah erken saatlerde ulusal televizyon binas\u0131na giren bir grup asker, y\u00f6netimi ele ge\u00e7irdiklerini duyurdu. Kendilerine &#8220;Kurumlar\u0131n Ge\u00e7i\u015fi ve Restorasyonu Komitesi (CTRI)&#8221; ismini veren askerler, 26 A\u011fustos&#8217;ta yap\u0131lan se\u00e7imlerin iptal edildi\u011fini ve \u00fclke s\u0131n\u0131rlar\u0131n\u0131n kapat\u0131ld\u0131\u011f\u0131n\u0131 a\u00e7\u0131klad\u0131. Mevcut Cumhurba\u015fkan\u0131 Ali Bongo Ondimba, 26 A\u011fustos&#8217;ta yap\u0131lan cumhurba\u015fkan\u0131 se\u00e7imlerini \u00fc\u00e7\u00fcnc\u00fc kez kazanm\u0131\u015ft\u0131. \u00dclkede oy verme i\u015fleminin son saatlerinde &#8220;\u015fiddet&#8221; uyguland\u0131\u011f\u0131 gerek\u00e7esiyle soka\u011fa \u00e7\u0131kma yasa\u011f\u0131 getirilmi\u015f, se\u00e7imin ard\u0131ndan oy say\u0131m i\u015flemi devam ederken internet k\u0131s\u0131tlanm\u0131\u015ft\u0131. Baba Omar Bongo ilk kez 1967&#8217;de ba\u015fa gelmi\u015f, 2009&#8217;da hayat\u0131n\u0131 kaybetti\u011finde koltu\u011funa o\u011flu Ali Bongo oturmu\u015ftu. Bongo ailesi, 56 y\u0131ld\u0131r Gabon&#8217;u y\u00f6netiyordu.<\/p>\n<p><img decoding=\"async\" src=\"https:\/\/i.hbrcdn.com\/haber\/2023\/09\/01\/zelenskiy-rusya-afrika-da-kaos-yaratmaya-16285657_8025_m.jpg\" alt=\"\" title=\"\"><\/p>\n<div>Kaynak: AA \/  Bar\u0131\u015f Se\u00e7kin &#8211;  Politika <\/div>\n","protected":false},"excerpt":{"rendered":"<p>Ukrayna lideri Zelenskiy, Nijer&#8217;in ard\u0131ndan Gabon&#8217;da da darbe olmas\u0131n\u0131n ard\u0131ndan Afrika&#8217;daki geli\u015fmelerle ilgili dikkat \u00e7eken bir Rusya iddias\u0131nda bulundu. Olaylar\u0131n arkas\u0131nda Rusya&#8217;n\u0131n oldu\u011funu iddia eden Zelenski, &#8220;Ruslar Afrika&#8217;da kaos yaratmaya \u00e7al\u0131\u015f\u0131rken dahi g\u00fc\u00e7 de\u011fil, zay\u0131fl\u0131k g\u00f6r\u00fcyoruz. G\u00fc\u00e7l\u00fc olduklar\u0131n\u0131 g\u00f6stermiyorlar, asl\u0131nda d\u00fcnyan\u0131n dikkatini da\u011f\u0131tmaya \u00e7al\u0131\u015f\u0131yorlar&#8221; yorumunu yapt\u0131.<\/p>\n","protected":false},"author":1,"featured_media":122614,"comment_status":"closed","ping_status":"open","sticky":false,"template":"","format":"standard","meta":{"footnotes":""},"categories":[28],"tags":[3973,274,42,38,160],"class_list":["post-122613","post","type-post","status-publish","format-standard","has-post-thumbnail","hentry","category-politika","tag-afrika","tag-asker","tag-rusya","tag-ukrayna","tag-ulke"],"_links":{"self":[{"href":"https:\/\/haberulus.net\/index.php?rest_route=\/wp\/v2\/posts\/122613","targetHints":{"allow":["GET"]}}],"collection":[{"href":"https:\/\/haberulus.net\/index.php?rest_route=\/wp\/v2\/posts"}],"about":[{"href":"https:\/\/haberulus.net\/index.php?rest_route=\/wp\/v2\/types\/post"}],"author":[{"embeddable":true,"href":"https:\/\/haberulus.net\/index.php?rest_route=\/wp\/v2\/users\/1"}],"replies":[{"embeddable":true,"href":"https:\/\/haberulus.net\/index.php?rest_route=%2Fwp%2Fv2%2Fcomments&post=122613"}],"version-history":[{"count":1,"href":"https:\/\/haberulus.net\/index.php?rest_route=\/wp\/v2\/posts\/122613\/revisions"}],"predecessor-version":[{"id":122615,"href":"https:\/\/haberulus.net\/index.php?rest_route=\/wp\/v2\/posts\/122613\/revisions\/122615"}],"wp:featuredmedia":[{"embeddable":true,"href":"https:\/\/haberulus.net\/index.php?rest_route=\/wp\/v2\/media\/122614"}],"wp:attachment":[{"href":"https:\/\/haberulus.net\/index.php?rest_route=%2Fwp%2Fv2%2Fmedia&parent=122613"}],"wp:term":[{"taxonomy":"category","embeddable":true,"href":"https:\/\/haberulus.net\/index.php?rest_route=%2Fwp%2Fv2%2Fcategories&post=122613"},{"taxonomy":"post_tag","embeddable":true,"href":"https:\/\/haberulus.net\/index.php?rest_route=%2Fwp%2Fv2%2Ftags&post=122613"}],"curies":[{"name":"wp","href":"https:\/\/api.w.org\/{rel}","templated":true}]}}