{"id":122628,"date":"2023-09-01T20:51:36","date_gmt":"2023-09-01T20:51:36","guid":{"rendered":"https:\/\/haberulus.net\/?p=122628"},"modified":"2023-09-01T20:51:36","modified_gmt":"2023-09-01T20:51:36","slug":"ebrar-karakurttan-olay-paylasim-bos-yapma-abdulhamid","status":"publish","type":"post","link":"https:\/\/haberulus.net\/?p=122628","title":{"rendered":"Ebrar Karakurt\u2019tan olay payla\u015f\u0131m! \u2018Bo\u015f yapma Abd\u00fclhamid\u2019"},"content":{"rendered":"<p>2023 CEV Avrupa \u015eampiyonas\u0131\u2019nda \u0130talya\u2019y\u0131 ma\u011flup ederek finale y\u00fckselen A Milli Kad\u0131n Voleybol Tak\u0131m\u0131\u2019n\u0131n y\u0131ld\u0131z oyuncular\u0131ndan Ebrar Karakurt sosyal medyada g\u00fcndem olmaya devam ediyor.<\/p>\n<p>Ma\u00e7\u0131n ard\u0131ndan bir \u00e7ok payla\u015f\u0131m yapan Karakurt son olarak payla\u015ft\u0131\u011f\u0131 foto\u011frafla g\u00fcndem yaratt\u0131.<\/p>\n<p><b>DAHA \u00d6NCEK\u0130 YANITIYLA POZ VERD\u0130<\/b><\/p>\n<p>Daha \u00f6nce \u00e7eyrek final ma\u00e7\u0131ndan sonra \u201cSava\u015fa sava\u015fa kazan\u0131yoruz\u201d payla\u015f\u0131m\u0131 yapan milli oyuncuya bir kullan\u0131c\u0131 \u201cM\u00fcsl\u00fcman T\u00fcrk Milleti olarak sana tahamm\u00fcl etmeye devam ediyoruz\u2026\u201d \u015feklinde yorum atm\u0131\u015ft\u0131. O yoruma cevap veren Ebrar Karakurt ise \u201cBo\u015f yapma Abd\u00fclhamid\u201d yan\u0131t\u0131yla g\u00fcndem olmu\u015ftu.<\/p>\n<p>Ebrar Karakurt, A Milli Tak\u0131m\u2019\u0131n finale \u00e7\u0131kmas\u0131n\u0131n ard\u0131ndan \u201dBo\u015f yapma Abd\u00fclhamid\u201d yan\u0131t\u0131n\u0131n yer ald\u0131\u011f\u0131 bir pankartla foto\u011fraf payla\u015ft\u0131.<\/p>\n<p>A Milli Kad\u0131n Voleybol Tak\u0131m\u0131\u2019n\u0131n FIVB Milletler Ligi\u2019nden \u015fampiyonlukla d\u00f6nmesinin ard\u0131ndan da Ebrar Karakurt hedef g\u00f6sterilmi\u015fti.<\/p>\n<blockquote class=\"twitter-tweet\" data-width=\"500\" data-dnt=\"true\">\n<p lang=\"qme\" dir=\"ltr\">\ud83d\ude09 <a href=\"https:\/\/t.co\/t4iCQlgSUO\" target=\"_blank\">pic.twitter.com\/t4iCQlgSUO<\/a><\/p>\n<p>&mdash; Ebrar Karakurt (@karakurtebrar18) <a href=\"https:\/\/twitter.com\/karakurtebrar18\/status\/1697696948822712330?ref_src=twsrc%5Etfw\" target=\"_blank\" rel=\"noopener\">September 1, 2023<\/a><\/p><\/blockquote>\n<p><script async src=\"https:\/\/platform.twitter.com\/widgets.js\" charset=\"utf-8\"><\/script><\/p>\n","protected":false},"excerpt":{"rendered":"<p>A Milli Kad\u0131n Voleybol Tak\u0131m\u0131, Avrupa \u015eampiyonas\u0131&#8217;nda finale y\u00fckselme sevinci ya\u015fan\u0131rken tak\u0131m\u0131n g\u00f6zde isimlerinden Ebrar Karakurt&#8217;tan dikkat \u00e7eken bir payla\u015f\u0131m geldi.<\/p>\n","protected":false},"author":1,"featured_media":122630,"comment_status":"closed","ping_status":"open","sticky":false,"template":"","format":"standard","meta":{"footnotes":""},"categories":[31],"tags":[4473],"class_list":["post-122628","post","type-post","status-publish","format-standard","has-post-thumbnail","hentry","category-spor","tag-karakurt"],"_links":{"self":[{"href":"https:\/\/haberulus.net\/index.php?rest_route=\/wp\/v2\/posts\/122628","targetHints":{"allow":["GET"]}}],"collection":[{"href":"https:\/\/haberulus.net\/index.php?rest_route=\/wp\/v2\/posts"}],"about":[{"href":"https:\/\/haberulus.net\/index.php?rest_route=\/wp\/v2\/types\/post"}],"author":[{"embeddable":true,"href":"https:\/\/haberulus.net\/index.php?rest_route=\/wp\/v2\/users\/1"}],"replies":[{"embeddable":true,"href":"https:\/\/haberulus.net\/index.php?rest_route=%2Fwp%2Fv2%2Fcomments&post=122628"}],"version-history":[{"count":1,"href":"https:\/\/haberulus.net\/index.php?rest_route=\/wp\/v2\/posts\/122628\/revisions"}],"predecessor-version":[{"id":122631,"href":"https:\/\/haberulus.net\/index.php?rest_route=\/wp\/v2\/posts\/122628\/revisions\/122631"}],"wp:featuredmedia":[{"embeddable":true,"href":"https:\/\/haberulus.net\/index.php?rest_route=\/wp\/v2\/media\/122630"}],"wp:attachment":[{"href":"https:\/\/haberulus.net\/index.php?rest_route=%2Fwp%2Fv2%2Fmedia&parent=122628"}],"wp:term":[{"taxonomy":"category","embeddable":true,"href":"https:\/\/haberulus.net\/index.php?rest_route=%2Fwp%2Fv2%2Fcategories&post=122628"},{"taxonomy":"post_tag","embeddable":true,"href":"https:\/\/haberulus.net\/index.php?rest_route=%2Fwp%2Fv2%2Ftags&post=122628"}],"curies":[{"name":"wp","href":"https:\/\/api.w.org\/{rel}","templated":true}]}}