{"id":122694,"date":"2023-09-02T05:35:03","date_gmt":"2023-09-02T05:35:03","guid":{"rendered":"https:\/\/haberulus.net\/?p=122694"},"modified":"2023-09-02T05:35:03","modified_gmt":"2023-09-02T05:35:03","slug":"japonyada-son-125-yilin-en-sicak-yaz-mevsimi-yasandi","status":"publish","type":"post","link":"https:\/\/haberulus.net\/?p=122694","title":{"rendered":"Japonya\u2019da son 125 y\u0131l\u0131n en s\u0131cak yaz mevsimi ya\u015fand\u0131"},"content":{"rendered":"<p>A\u00e7\u0131klamaya g\u00f6re, haziran-a\u011fustos d\u00f6neminde \u00fclkenin 15 farkl\u0131 b\u00f6lgesinde s\u0131cakl\u0131k \u00f6l\u00e7\u00fcm\u00fc yap\u0131ld\u0131.<\/p>\n<p>Yaz mevsimi ortalama s\u0131cakl\u0131k sapmas\u0131n\u0131n 1,76 santigrat derece y\u00fckseldi\u011fi ortaya \u00e7\u0131kt\u0131.<br \/>16 Temmuz-23 A\u011fustos\u2019ta ise \u00fclke \u00e7ap\u0131nda 915 noktan\u0131n 106\u2019s\u0131nda, \u015fimdiye kadarki en y\u00fcksek s\u0131cakl\u0131k kaydedildi.<\/p>\n<p>A\u00e7\u0131klamada, \u201c2023 yaz\u0131nda, ortalama yaz mevsimi s\u0131cakl\u0131\u011f\u0131 kuzey, do\u011fu ve bat\u0131 Japonya\u2019da olduk\u00e7a y\u00fcksek. Japonya\u2019da yaz mevsimi ortalama s\u0131cakl\u0131\u011f\u0131 1898 yaz\u0131ndan beri en y\u00fcksek\u201d denildi.<\/p>\n<p>A\u011fustos ay\u0131 ba\u015f\u0131nda ise kuzeydo\u011fudaki Fuku\u015fima\u2019da s\u0131cakl\u0131k 40 santigrat derece olarak kayda ge\u00e7ti. Bu s\u0131cakl\u0131k Japonya\u2019da 2023 y\u0131l\u0131n\u0131n en s\u0131cak g\u00fcn\u00fc oldu. (AA)<\/p>\n","protected":false},"excerpt":{"rendered":"<p>Japonya Meteoroloji Ajans\u0131, \u00fclkede son 125 y\u0131l\u0131n en s\u0131cak yaz mevsiminin ya\u015fand\u0131\u011f\u0131n\u0131 bildirdi.<\/p>\n","protected":false},"author":1,"featured_media":122695,"comment_status":"closed","ping_status":"open","sticky":false,"template":"","format":"standard","meta":{"footnotes":""},"categories":[24],"tags":[3017,2074],"class_list":["post-122694","post","type-post","status-publish","format-standard","has-post-thumbnail","hentry","category-dunya","tag-sicaklik","tag-yaz"],"_links":{"self":[{"href":"https:\/\/haberulus.net\/index.php?rest_route=\/wp\/v2\/posts\/122694","targetHints":{"allow":["GET"]}}],"collection":[{"href":"https:\/\/haberulus.net\/index.php?rest_route=\/wp\/v2\/posts"}],"about":[{"href":"https:\/\/haberulus.net\/index.php?rest_route=\/wp\/v2\/types\/post"}],"author":[{"embeddable":true,"href":"https:\/\/haberulus.net\/index.php?rest_route=\/wp\/v2\/users\/1"}],"replies":[{"embeddable":true,"href":"https:\/\/haberulus.net\/index.php?rest_route=%2Fwp%2Fv2%2Fcomments&post=122694"}],"version-history":[{"count":1,"href":"https:\/\/haberulus.net\/index.php?rest_route=\/wp\/v2\/posts\/122694\/revisions"}],"predecessor-version":[{"id":122696,"href":"https:\/\/haberulus.net\/index.php?rest_route=\/wp\/v2\/posts\/122694\/revisions\/122696"}],"wp:featuredmedia":[{"embeddable":true,"href":"https:\/\/haberulus.net\/index.php?rest_route=\/wp\/v2\/media\/122695"}],"wp:attachment":[{"href":"https:\/\/haberulus.net\/index.php?rest_route=%2Fwp%2Fv2%2Fmedia&parent=122694"}],"wp:term":[{"taxonomy":"category","embeddable":true,"href":"https:\/\/haberulus.net\/index.php?rest_route=%2Fwp%2Fv2%2Fcategories&post=122694"},{"taxonomy":"post_tag","embeddable":true,"href":"https:\/\/haberulus.net\/index.php?rest_route=%2Fwp%2Fv2%2Ftags&post=122694"}],"curies":[{"name":"wp","href":"https:\/\/api.w.org\/{rel}","templated":true}]}}