{"id":122715,"date":"2023-09-02T06:21:03","date_gmt":"2023-09-02T06:21:03","guid":{"rendered":"https:\/\/haberulus.net\/?p=122715"},"modified":"2023-09-02T06:21:03","modified_gmt":"2023-09-02T06:21:03","slug":"galatasaray-sampiyonlar-ligi-a-grubunda-bayern-manchester-united-ve-kopenhag-ile-tarihi-mucadele","status":"publish","type":"post","link":"https:\/\/haberulus.net\/?p=122715","title":{"rendered":"Galatasaray, \u015eampiyonlar Ligi A Grubu\u2019nda: Bayern, Manchester United ve Kopenhag ile tarihi m\u00fccadele"},"content":{"rendered":"<p>Galatasarayl\u0131lar\u0131n g\u00f6z\u00fc \u015eampiyonlar Ligi&#8217;nde. 17. kez Avrupa&#8217;n\u0131n kul\u00fcp baz\u0131ndaki en b\u00fcy\u00fck arenas\u0131nda boy g\u00f6sterecek sar\u0131-k\u0131rm\u0131z\u0131l\u0131lar iddial\u0131.<\/p>\n<p>A Grubu&#8217;nda yer alan Cimbom&#8217;un rakipleri de kendi ayar\u0131nda. \u0130ki b\u00fcy\u00fck lig, Almanya ve \u0130ngiltere&#8217;nin en b\u00fcy\u00fck tak\u0131mlar\u0131 Bayern ve Manchester United ile Danimarka&#8217;n\u0131n en ba\u015far\u0131l\u0131 kul\u00fcb\u00fc Kopenhag, Galatasaray\u2019\u0131n grubunda. Bu kul\u00fcplerle Cimbom&#8217;un ge\u00e7mi\u015fi de az de\u011fil.<\/p>\n<p><b>FORMAT DE\u011e\u0130\u015eT\u0130REN E\u015eLE\u015eME<\/b><\/p>\n<p>Sar\u0131-k\u0131rm\u0131z\u0131l\u0131lar, United&#8217;\u0131, 1993&#8217;te \u015eampiyonlar Ligi d\u0131\u015f\u0131na itmi\u015f ve o d\u00f6nemin b\u00fcy\u00fck ses getirmi\u015fti.<\/p>\n<p>\u00d6yle ki \u2018K\u0131rm\u0131z\u0131 \u015eeytanlar&#8217;\u0131n d\u0131\u015far\u0131da kalmas\u0131 \u00fczerine Devler Ligi&#8217;nde format de\u011fi\u015fikli\u011fine gidilmi\u015fti. Aslan, ManU&#8217;yu 2012&#8217;de gruplarda yenmi\u015fti. Temsilcimiz, Bayern M\u00fcnih&#8217;le daha \u00f6nce 1972&#8217;de kar\u015f\u0131la\u015ft\u0131 ve ilk ma\u00e7ta berabere kalmay\u0131 ba\u015fard\u0131. Galatasaray, 2013&#8217;te ise Kopenhag&#8217;\u0131n sonuncu oldu\u011fu gruptan ikinci \u00e7\u0131karak \u015eampiyonlar Ligi son 16 turuna kalm\u0131\u015ft\u0131.<\/p>\n<p><b>MANU, C\u0130MBOM\u2019A \u00dcST\u00dcN<\/b><\/p>\n<p>Manchester United, T\u00fcrk tak\u0131mlar\u0131yla 18 ma\u00e7a \u00e7\u0131kt\u0131. Galatasaray, Fenerbah\u00e7e, Be\u015fikta\u015f, Bursaspor ve Ba\u015fak\u015fehir&#8217;a kar\u015f\u0131 United, 10 galibiyet, 3 beraberlik ve 5 ma\u011flubiyet ya\u015fad\u0131.<\/p>\n<table>\n<thead>\n<tr>\n<th>Sezon<\/th>\n<th>Ma\u00e7<\/th>\n<th>Skor<\/th>\n<\/tr>\n<\/thead>\n<tbody>\n<tr>\n<td>1993-94<\/td>\n<td>M.United-G.Saray<\/td>\n<td>3-3<\/td>\n<\/tr>\n<tr>\n<td>1993-94<\/td>\n<td>G.Saray-M.United<\/td>\n<td>0-0<\/td>\n<\/tr>\n<tr>\n<td>1994-95<\/td>\n<td>G.Saray-M.United<\/td>\n<td>0-0<\/td>\n<\/tr>\n<tr>\n<td>1994-95<\/td>\n<td>M.United-G.Saray<\/td>\n<td>4-0<\/td>\n<\/tr>\n<tr>\n<td>2012-13<\/td>\n<td>M.United-G.Saray<\/td>\n<td>1-0<\/td>\n<\/tr>\n<tr>\n<td>2012-13<\/td>\n<td>G.Saray-M.United<\/td>\n<td>1-0<\/td>\n<\/tr>\n<\/tbody>\n<\/table>\n<ul>\n<li>Galatasaray Kupa 1&#8217;de 1988-1989&#8217;da yar\u0131 final, 1962-63, 1969-70, 1993-94, 2000-01 ve 2012-13&#8217;te \u00e7eyrek final oynad\u0131.<\/li>\n<li>n Galatasaray, \u015eampiyon Kul\u00fcpler Kupas\u0131 ve \u015eampiyonlar Ligine en \u00e7ok kat\u0131lan 13&#8217;\u00fcnc\u00fc, en \u00e7ok ma\u00e7a \u00e7\u0131kan 19&#8217;uncu ve en \u00e7ok puan toplayan 25&#8217;inci tak\u0131m konumunda.<\/li>\n<\/ul>\n<p><b>BAYERN\u2019\u0130N KAYBI YOK<\/b><\/p>\n<p>Bayern M\u00fcnih, Galatasaray ve Be\u015fikta\u015f&#8217;a kar\u015f\u0131 rakip oldu\u011fu alt\u0131 ma\u00e7ta yenilgi y\u00fcz\u00fc g\u00f6rmedi. Tek beraberli\u011fini Cimbom&#8217;a kar\u015f\u0131 ya\u015fayan Bavyeral\u0131lar, di\u011fer be\u015f ma\u00e7\u0131 kazand\u0131.<\/p>\n<table>\n<thead>\n<tr>\n<th>Sezon<\/th>\n<th>Ma\u00e7<\/th>\n<th>Skor<\/th>\n<\/tr>\n<\/thead>\n<tbody>\n<tr>\n<td>1972-73<\/td>\n<td>G.Saray-B.M\u00fcnih<\/td>\n<td>1-1<\/td>\n<\/tr>\n<tr>\n<td>1972-73<\/td>\n<td>B.M\u00fcnih-G.Saray<\/td>\n<td>6-0<\/td>\n<\/tr>\n<\/tbody>\n<\/table>\n<p><b>KOPENHAG 5, T\u00dcRKLER 2<\/b><\/p>\n<p>Kopenhag; Galatasaray, Ba\u015fak\u015fehir, Sivasspor ve Trabzonspor ile rakip oldu. T\u00fcrk tak\u0131mlar\u0131na kar\u015f\u0131 Danimarka temsilcisinin grafi\u011fi \u015f\u00f6yle: 5 galibiyet, 1 beraberlik ve 2 yenilgi.<\/p>\n<table>\n<thead>\n<tr>\n<th>Sezon<\/th>\n<th>Ma\u00e7<\/th>\n<th>Skor<\/th>\n<\/tr>\n<\/thead>\n<tbody>\n<tr>\n<td>2013-14<\/td>\n<td>G.Saray-Kopenhag<\/td>\n<td>3-1<\/td>\n<\/tr>\n<tr>\n<td>2013-14<\/td>\n<td>Kopenhag-G.Saray<\/td>\n<td>1-0<\/td>\n<\/tr>\n<\/tbody>\n<\/table>\n<p><b>TUCHEL\u2019\u0130N MAN\u015eET\u0130 \u2018ATMOSFER\u2019<\/b><\/p>\n<p>Galatasaray\u2019\u0131n 1. torbadan gelen rakibi Bayern M\u00fcnih&#8217;in teknik patronu Thomas Tuchel zorlu bir gruba d\u00fc\u015ft\u00fcklerini s\u00f6yledi.<\/p>\n<p>Tuchel, \u201cM.United harika stadyuma sahip, b\u00fcy\u00fck bir tak\u0131m. Kopenhag&#8217;\u0131n gen\u00e7 bir teknik direkt\u00f6r\u00fc ve g\u00fczel bir stadyumu var. Galatasaray ise \u00e7ok iyi transferler yapt\u0131 ve \u00f6zel bir atmosfere sahip. Hepsi dikkat \u00e7ekici rakipler\u201d dedi.<\/p>\n","protected":false},"excerpt":{"rendered":"<p>Galatasaray, \u015eampiyonlar Ligi&#8217;nde efsanevi rakiplerle tekrar kar\u015f\u0131 kar\u015f\u0131ya! Ge\u00e7mi\u015fteki unutulmaz ma\u00e7lardan sonra, bu sezon A Grubu&#8217;nda hangi heyecanlar\u0131 ya\u015fayaca\u011f\u0131z? \u0130\u015fte rakiplerle ilgili t\u00fcm detaylar&#8230;<\/p>\n","protected":false},"author":1,"featured_media":122716,"comment_status":"closed","ping_status":"open","sticky":false,"template":"","format":"standard","meta":{"footnotes":""},"categories":[31],"tags":[859,288,193,192],"class_list":["post-122715","post","type-post","status-publish","format-standard","has-post-thumbnail","hentry","category-spor","tag-galatasaray","tag-ligi","tag-sampiyon","tag-takim"],"_links":{"self":[{"href":"https:\/\/haberulus.net\/index.php?rest_route=\/wp\/v2\/posts\/122715","targetHints":{"allow":["GET"]}}],"collection":[{"href":"https:\/\/haberulus.net\/index.php?rest_route=\/wp\/v2\/posts"}],"about":[{"href":"https:\/\/haberulus.net\/index.php?rest_route=\/wp\/v2\/types\/post"}],"author":[{"embeddable":true,"href":"https:\/\/haberulus.net\/index.php?rest_route=\/wp\/v2\/users\/1"}],"replies":[{"embeddable":true,"href":"https:\/\/haberulus.net\/index.php?rest_route=%2Fwp%2Fv2%2Fcomments&post=122715"}],"version-history":[{"count":1,"href":"https:\/\/haberulus.net\/index.php?rest_route=\/wp\/v2\/posts\/122715\/revisions"}],"predecessor-version":[{"id":122717,"href":"https:\/\/haberulus.net\/index.php?rest_route=\/wp\/v2\/posts\/122715\/revisions\/122717"}],"wp:featuredmedia":[{"embeddable":true,"href":"https:\/\/haberulus.net\/index.php?rest_route=\/wp\/v2\/media\/122716"}],"wp:attachment":[{"href":"https:\/\/haberulus.net\/index.php?rest_route=%2Fwp%2Fv2%2Fmedia&parent=122715"}],"wp:term":[{"taxonomy":"category","embeddable":true,"href":"https:\/\/haberulus.net\/index.php?rest_route=%2Fwp%2Fv2%2Fcategories&post=122715"},{"taxonomy":"post_tag","embeddable":true,"href":"https:\/\/haberulus.net\/index.php?rest_route=%2Fwp%2Fv2%2Ftags&post=122715"}],"curies":[{"name":"wp","href":"https:\/\/api.w.org\/{rel}","templated":true}]}}