{"id":122721,"date":"2023-09-02T06:35:04","date_gmt":"2023-09-02T06:35:04","guid":{"rendered":"https:\/\/haberulus.net\/?p=122721"},"modified":"2023-09-02T06:35:04","modified_gmt":"2023-09-02T06:35:04","slug":"filenin-sultanlarinin-avrupanin-buyugu-olmasi-icin-1-adim-kaldi","status":"publish","type":"post","link":"https:\/\/haberulus.net\/?p=122721","title":{"rendered":"Filenin Sultanlar\u0131\u2019n\u0131n, Avrupa\u2019n\u0131n b\u00fcy\u00fc\u011f\u00fc olmas\u0131 i\u00e7in 1 ad\u0131m kald\u0131"},"content":{"rendered":"<p>En ba\u015far\u0131l\u0131 bran\u015f\u0131m\u0131z kad\u0131n voleybolunda \u00fc\u00e7 b\u00fcy\u00fck turnuvadaki \u015fampiyonluk hasretimizin dinmesine bir ma\u00e7 kald\u0131.<\/p>\n<p>Avrupa \u015eampiyonas\u0131&#8217;n\u0131n yar\u0131 finali; d\u00fcnya 1 numaras\u0131 T\u00fcrkiye ile d\u00fcnya 3 numaras\u0131 \u0130talya&#8217;y\u0131; Bel\u00e7ika&#8217;n\u0131n ba\u015fkenti Br\u00fcksel&#8217;de kar\u015f\u0131 kar\u015f\u0131ya getirdi. Ay-Y\u0131ld\u0131zl\u0131lar; D\u00fcnya \u015fampiyonalar\u0131nda 1 alt\u0131n, 1 g\u00fcm\u00fc\u015f, 1 bronz; Avrupa \u015fampiyonalar\u0131nda da 3 alt\u0131n, 2 g\u00fcm\u00fc\u015f, 3 bronz alan G\u00f6k Mavililer&#8217;i devirerek finale \u00e7\u0131kt\u0131.<\/p>\n<p><b>\u0130TALYA \u0130LK KEZ SET VERD\u0130<\/b><\/p>\n<p>2021&#8217;in finalinde S\u0131rbistan&#8217;\u0131 yenerek \u015fampiyonlu\u011fa ula\u015fan \u0130talya; g\u00fc\u00e7l\u00fc oldu\u011funu ilk sette hissettirdi.<\/p>\n<p><img decoding=\"async\" src=\"https:\/\/i01.sozcucdn.com\/wp-content\/uploads\/2023\/09\/02\/filenin-sultanlari2_23638396.jpg\" alt=\"\" title=\"\"><\/p>\n<p>2019&#8217;un \u00fc\u00e7\u00fcnc\u00fcl\u00fck ma\u00e7\u0131nda rakibini yenen Ay-Y\u0131ld\u0131zl\u0131lar&#8217;\u0131n h\u00fccumdaki en b\u00fcy\u00fck silah\u0131 Vargas, ilk 3 sette ortal\u0131kta yoktu, Ebrar ayakta kald\u0131. \u0130lk 6&#8217;da ba\u015flamay\u0131p oyuna sonradan giren Egonu, h\u00fccum say\u0131lar\u0131 ve bloklar\u0131yla \u0130talya&#8217;y\u0131 s\u0131rtlad\u0131. \u00dc\u00e7\u00fcnc\u00fc set \u0130talya&#8217;n\u0131n b\u00fcy\u00fck \u00fcst\u00fcnl\u00fc\u011f\u00fc ile ge\u00e7ti ve durum 1-2 oldu.<\/p>\n<p><b>BU KEZ ALTIN OLSUN<\/b><\/p>\n<p>7&#8217;de 7 yaparak yar\u0131 finale gelen iki tak\u0131m\u0131n kap\u0131\u015fmas\u0131nda 4. set nefes kesti. Millilerimiz set sonunda 3 say\u0131l\u0131k fark\u0131 Vargas devreye girince eritip \u00f6ne ge\u00e7ti ve durum 2-2 oldu.<\/p>\n<p><img decoding=\"async\" src=\"https:\/\/i01.sozcucdn.com\/wp-content\/uploads\/2023\/09\/02\/filenin-sultanlari1_23638397.jpg\" alt=\"\" title=\"\"><\/p>\n<p>Final\u00a0 setinde Sultanlar, rakibini ezdi ge\u00e7ti. Tek tarafl\u0131 set 15-6 bitince T\u00fcrkiye, tarihinde \u00fc\u00e7\u00fcnc\u00fc kez ad\u0131n\u0131 finale yazd\u0131rd\u0131. 2003 ve 2019&#8217;da oynad\u0131\u011f\u0131 finalleri kaybeden Filenin Sultanlar\u0131, alt\u0131n madalya i\u00e7in yar\u0131n 21.00&#8217;de S\u0131rbistan ile kar\u015f\u0131la\u015facak.<\/p>\n<p><b>EDA: NE MA\u00c7TI AMA!<\/b><\/p>\n<p>Kar\u015f\u0131la\u015fma sonras\u0131 kaptan Eda \u201cNe ma\u00e7t\u0131 ama\u2026 Tie-break&#8217;e getirdi\u011fimizde \u2018Bu ma\u00e7 bizde, b\u0131rakmak yok&#8217; dedik hepimiz. 4 sene aradan sonra tekrar finalde olmak m\u00fcthi\u015f bir \u015fey. Hepimize helal olsun. Biz \u00e7ok b\u00fcy\u00fck bir aileyiz. Pazar g\u00fcn\u00fc (yar\u0131n) g\u00f6r\u00fc\u015fmek \u00fczere\u201d dedi.<\/p>\n<p><img decoding=\"async\" src=\"https:\/\/i01.sozcucdn.com\/wp-content\/uploads\/2023\/09\/02\/eda-erdem1_23638908.jpg\" alt=\"\" title=\"\"><\/p>\n<p>Ebrar da \u201cGitti dedi\u011fimiz yerden \u00e7evirdik ma\u00e7\u0131. \u015eampiyon olaca\u011f\u0131m\u0131z\u0131n sinyallerini 5. sette verdik, \u00e7ok b\u00fcy\u00fck karakter koyduk\u201d \u015feklinde konu\u015ftu.<\/p>\n<p><b>\u201cDURU\u015e B\u00d6YLE OLUR\u201d<\/b><\/p>\n<p>TVF Ba\u015fkan\u0131 \u00dcst\u00fcnda\u011f \u201cEvlatlar\u0131mla gurur duyuyorum. \u00dclkem ad\u0131na, camiam ad\u0131na gururluyum. Geri d\u00f6n\u00fc\u015f b\u00f6yle olur, karakter b\u00f6yle olur, duru\u015f b\u00f6yle olur\u201d derken Ba\u015fantren\u00f6r Santarelli de \u201cBu tak\u0131mla gurur duyuyorum. Finali hak ettik. Asla pes etmedik. \u00c7ok zor durumlara d\u00fc\u015ft\u00fck ama ma\u00e7\u0131 asla b\u0131rakmad\u0131k. Oyuncular\u0131n karakterlerini sahada g\u00f6rd\u00fck. Baz\u0131 anlarda ger\u00e7ekten \u00e7ok duyguland\u0131m\u201d diye konu\u015ftu.<\/p>\n<p><b>\u00dcST \u00dcSTE 14. GAL\u0130B\u0130YET<\/b><\/p>\n<p>Sultanlar, bu y\u0131l \u015fampiyon oldu\u011fu FIVB Milletler Ligi&#8217;nde iki kez kar\u015f\u0131la\u015ft\u0131\u011f\u0131 \u0130talya&#8217;y\u0131 iki ma\u00e7ta da 3-0 yenmi\u015fti. G\u00fc\u00e7l\u00fc rakibi \u00f6n\u00fcnde \u00fcst \u00fcste \u00fc\u00e7\u00fcnc\u00fc kez kazanan Ay-Y\u0131ld\u0131zl\u0131lar&#8217;\u0131n resmi ma\u00e7lardaki galibiyet serisi de 14&#8217;e \u00e7\u0131kt\u0131.<\/p>\n<p><b>RAK\u0130P GU\u0130DETT\u0130 VE BOSKOVIC<\/b><\/p>\n<p>Millilerimiz, yar\u0131 finalde Hollanda&#8217;y\u0131 3-1 yenen S\u0131rbistan&#8217;a 2019&#8217;un finalinde, karar setinde boyun e\u011fmi\u015fti.<\/p>\n<p>2 D\u00fcnya, 3 Avrupa \u015fampiyonlu\u011fu bulunan S\u0131rbistan&#8217;\u0131 Giovanni Guidetti \u00e7al\u0131\u015ft\u0131r\u0131yor. Ahmetcan Er\u015fim\u015fek yard\u0131mc\u0131 antren\u00f6r. Boskovic, Ognjenovic, Busa, Drca ve Popovic kadroda.<\/p>\n","protected":false},"excerpt":{"rendered":"<p>Ay-Y\u0131ld\u0131zl\u0131 ekibimiz, 2023 Avrupa \u015eampiyonas\u0131&#8217;nda d\u00fcnya 3 numaras\u0131 \u0130talya\u2019y\u0131 geride b\u0131rakarak finale y\u00fckselmenin sevincini ya\u015fad\u0131. Sultanlar, 2003 ve 2019&#8217;daki finallerin ard\u0131ndan \u00fc\u00e7\u00fcnc\u00fc kez alt\u0131n madalya i\u00e7in sahada olacak.<\/p>\n","protected":false},"author":1,"featured_media":122722,"comment_status":"closed","ping_status":"open","sticky":false,"template":"","format":"standard","meta":{"footnotes":""},"categories":[31],"tags":[290,193,2772],"class_list":["post-122721","post","type-post","status-publish","format-standard","has-post-thumbnail","hentry","category-spor","tag-mac","tag-sampiyon","tag-set"],"_links":{"self":[{"href":"https:\/\/haberulus.net\/index.php?rest_route=\/wp\/v2\/posts\/122721","targetHints":{"allow":["GET"]}}],"collection":[{"href":"https:\/\/haberulus.net\/index.php?rest_route=\/wp\/v2\/posts"}],"about":[{"href":"https:\/\/haberulus.net\/index.php?rest_route=\/wp\/v2\/types\/post"}],"author":[{"embeddable":true,"href":"https:\/\/haberulus.net\/index.php?rest_route=\/wp\/v2\/users\/1"}],"replies":[{"embeddable":true,"href":"https:\/\/haberulus.net\/index.php?rest_route=%2Fwp%2Fv2%2Fcomments&post=122721"}],"version-history":[{"count":1,"href":"https:\/\/haberulus.net\/index.php?rest_route=\/wp\/v2\/posts\/122721\/revisions"}],"predecessor-version":[{"id":122723,"href":"https:\/\/haberulus.net\/index.php?rest_route=\/wp\/v2\/posts\/122721\/revisions\/122723"}],"wp:featuredmedia":[{"embeddable":true,"href":"https:\/\/haberulus.net\/index.php?rest_route=\/wp\/v2\/media\/122722"}],"wp:attachment":[{"href":"https:\/\/haberulus.net\/index.php?rest_route=%2Fwp%2Fv2%2Fmedia&parent=122721"}],"wp:term":[{"taxonomy":"category","embeddable":true,"href":"https:\/\/haberulus.net\/index.php?rest_route=%2Fwp%2Fv2%2Fcategories&post=122721"},{"taxonomy":"post_tag","embeddable":true,"href":"https:\/\/haberulus.net\/index.php?rest_route=%2Fwp%2Fv2%2Ftags&post=122721"}],"curies":[{"name":"wp","href":"https:\/\/api.w.org\/{rel}","templated":true}]}}