{"id":122745,"date":"2023-09-02T07:21:03","date_gmt":"2023-09-02T07:21:03","guid":{"rendered":"https:\/\/haberulus.net\/?p=122745"},"modified":"2023-09-02T07:21:03","modified_gmt":"2023-09-02T07:21:03","slug":"2023-24-uefa-avrupa-konferans-ligi-besiktas-fiksturu-aciklandi","status":"publish","type":"post","link":"https:\/\/haberulus.net\/?p=122745","title":{"rendered":"2023-24 UEFA Avrupa Konferans Ligi Be\u015fikta\u015f fikst\u00fcr\u00fc a\u00e7\u0131kland\u0131!"},"content":{"rendered":"<p>UEFA Avrupa Konferans Ligi\u2019nde m\u00fccadele edecek Be\u015fikta\u015f\u2019\u0131n fikst\u00fcr\u00fc a\u00e7\u0131kland\u0131.<\/p>\n<p>D Grubu\u2019nda Club Brugge (Bel\u00e7ika), Bodo Glimt (Norve\u00e7) ve Lugano (\u0130svi\u00e7re) ile e\u015fle\u015fen siyah-beyazl\u0131 ekip ilk ma\u00e7\u0131n\u0131 21 Eyl\u00fcl Per\u015fembe g\u00fcn\u00fc oynayacak. Club Brugge deplasman\u0131na gidecek olan Be\u015fikta\u015f\u2019\u0131n ma\u00e7 program\u0131 \u015f\u00f6yle:<\/p>\n<ul>\n<li><strong>21 EYL\u00dcL PER\u015eEMBE<\/strong><\/li>\n<li>Club Brugge \u2013 Be\u015fikta\u015f<\/li>\n<li><strong>5 EK\u0130M PER\u015eEMBE\u00a0<\/strong><\/li>\n<li>18:45 Be\u015fikta\u015f \u2013 FC Lugano<\/li>\n<li><strong>26 EK\u0130M PER\u015eEMBE\u00a0<\/strong><\/li>\n<li>FK Bod\u00f8\/Glimt \u2013 Be\u015fikta\u015f<\/li>\n<li><strong>9 KASIM PER\u015eEMBE<\/strong><\/li>\n<li>Be\u015fikta\u015f \u00a0\u2013 FK Bod\u00f8\/Glimt<\/li>\n<li><strong>30 KASIM PERN\u015eEMBE\u00a0<\/strong><\/li>\n<li>Be\u015fikta\u015f \u00a0\u2013 Club Brugge<\/li>\n<li><strong>14 ARALIK PER\u015eEMBE\u00a0<\/strong><\/li>\n<li>FC Lugano \u2013 Be\u015fikta\u015f<\/li>\n<\/ul>\n<p>(DHA)<\/p>\n","protected":false},"excerpt":{"rendered":"<p>Be\u015fikta\u015f&#8217;\u0131n UEFA Avrupa Konferans Ligi ser\u00fcveni ba\u015fl\u0131yor. Be\u015fikta\u015f&#8217;\u0131n UEFA Avrupa Konferans Ligi&#8217;nde m\u00fccadele edece\u011fi D Grubu&#8217;nun kuralar\u0131 \u00e7ekildi.<\/p>\n","protected":false},"author":1,"featured_media":122746,"comment_status":"closed","ping_status":"open","sticky":false,"template":"","format":"standard","meta":{"footnotes":""},"categories":[31],"tags":[324,12486],"class_list":["post-122745","post","type-post","status-publish","format-standard","has-post-thumbnail","hentry","category-spor","tag-besiktas","tag-persembe"],"_links":{"self":[{"href":"https:\/\/haberulus.net\/index.php?rest_route=\/wp\/v2\/posts\/122745","targetHints":{"allow":["GET"]}}],"collection":[{"href":"https:\/\/haberulus.net\/index.php?rest_route=\/wp\/v2\/posts"}],"about":[{"href":"https:\/\/haberulus.net\/index.php?rest_route=\/wp\/v2\/types\/post"}],"author":[{"embeddable":true,"href":"https:\/\/haberulus.net\/index.php?rest_route=\/wp\/v2\/users\/1"}],"replies":[{"embeddable":true,"href":"https:\/\/haberulus.net\/index.php?rest_route=%2Fwp%2Fv2%2Fcomments&post=122745"}],"version-history":[{"count":1,"href":"https:\/\/haberulus.net\/index.php?rest_route=\/wp\/v2\/posts\/122745\/revisions"}],"predecessor-version":[{"id":122747,"href":"https:\/\/haberulus.net\/index.php?rest_route=\/wp\/v2\/posts\/122745\/revisions\/122747"}],"wp:featuredmedia":[{"embeddable":true,"href":"https:\/\/haberulus.net\/index.php?rest_route=\/wp\/v2\/media\/122746"}],"wp:attachment":[{"href":"https:\/\/haberulus.net\/index.php?rest_route=%2Fwp%2Fv2%2Fmedia&parent=122745"}],"wp:term":[{"taxonomy":"category","embeddable":true,"href":"https:\/\/haberulus.net\/index.php?rest_route=%2Fwp%2Fv2%2Fcategories&post=122745"},{"taxonomy":"post_tag","embeddable":true,"href":"https:\/\/haberulus.net\/index.php?rest_route=%2Fwp%2Fv2%2Ftags&post=122745"}],"curies":[{"name":"wp","href":"https:\/\/api.w.org\/{rel}","templated":true}]}}