{"id":122748,"date":"2023-09-02T07:21:03","date_gmt":"2023-09-02T07:21:03","guid":{"rendered":"https:\/\/haberulus.net\/?p=122748"},"modified":"2023-09-02T07:21:03","modified_gmt":"2023-09-02T07:21:03","slug":"fenerbahcenin-uefa-avrupa-konferans-ligi-fiksturu-belli-oldu","status":"publish","type":"post","link":"https:\/\/haberulus.net\/?p=122748","title":{"rendered":"Fenerbah\u00e7e\u2019nin UEFA Avrupa Konferans Ligi fikst\u00fcr\u00fc belli oldu!"},"content":{"rendered":"<p>UEFA Avrupa Konferans Ligi\u2019nde m\u00fccadele edecek Fenerbah\u00e7e\u2019nin ma\u00e7 program\u0131 belli oldu.<\/p>\n<p>Temsilcimiz Avrupa Konferans Ligi maceras\u0131na 21 Eyl\u00fcl\u2019de evinde ba\u015flayacak, 14 Aral\u0131k\u2019ta yine evindeki ma\u00e7la tamamlayacak.<\/p>\n<p>Fenerbah\u00e7e\u2019nin fikst\u00fcr\u00fc \u015f\u00f6yle:<\/p>\n<ul>\n<li><strong>21 EYL\u00dcL PER\u015eEMBE<\/strong><\/li>\n<li>Fenerbah\u00e7e \u2013 FC Nordsj\u00e6lland<\/li>\n<li><strong>5 EK\u0130M PER\u015eEMBE<\/strong><\/li>\n<li>FC Spartak Trnava \u2013 Fenerbah\u00e7e<\/li>\n<li><strong>26 EK\u0130M PER\u015eEMBE<\/strong><\/li>\n<li>Fenerbah\u00e7e \u2013 PFC Ludogorets 1945<\/li>\n<li><strong>9 KASIM PER\u015eEMBE<\/strong><\/li>\n<li>PFC Ludogorets 1945 \u2013 Fenerbah\u00e7e<\/li>\n<li><strong>30 KASIM PER\u015eEMBE\u00a0<\/strong><\/li>\n<li>FC Nordsj\u00e6lland \u2013 Fenerbah\u00e7e<\/li>\n<li><strong>14 ARALIK PER\u015eEMBE<\/strong><\/li>\n<li>Fenerbah\u00e7e \u2013 FC Spartak Trnava<\/li>\n<\/ul>\n","protected":false},"excerpt":{"rendered":"<p>UEFA Avrupa Konferans Ligi&#8217;nde m\u00fccadele edecek Fenerbah\u00e7e&#8217;nin fikst\u00fcr\u00fc belli oldu. Sar\u0131 lacivertliler, 21 Eyl\u00fcl&#8217;de evinde FC Nordsj\u00e6lland ile ba\u015flayacak, 14 Aral\u0131k&#8217;ta yine evindeki ma\u00e7la tamamlayacak.<\/p>\n","protected":false},"author":1,"featured_media":122749,"comment_status":"closed","ping_status":"open","sticky":false,"template":"","format":"standard","meta":{"footnotes":""},"categories":[31],"tags":[],"class_list":["post-122748","post","type-post","status-publish","format-standard","has-post-thumbnail","hentry","category-spor"],"_links":{"self":[{"href":"https:\/\/haberulus.net\/index.php?rest_route=\/wp\/v2\/posts\/122748","targetHints":{"allow":["GET"]}}],"collection":[{"href":"https:\/\/haberulus.net\/index.php?rest_route=\/wp\/v2\/posts"}],"about":[{"href":"https:\/\/haberulus.net\/index.php?rest_route=\/wp\/v2\/types\/post"}],"author":[{"embeddable":true,"href":"https:\/\/haberulus.net\/index.php?rest_route=\/wp\/v2\/users\/1"}],"replies":[{"embeddable":true,"href":"https:\/\/haberulus.net\/index.php?rest_route=%2Fwp%2Fv2%2Fcomments&post=122748"}],"version-history":[{"count":1,"href":"https:\/\/haberulus.net\/index.php?rest_route=\/wp\/v2\/posts\/122748\/revisions"}],"predecessor-version":[{"id":122750,"href":"https:\/\/haberulus.net\/index.php?rest_route=\/wp\/v2\/posts\/122748\/revisions\/122750"}],"wp:featuredmedia":[{"embeddable":true,"href":"https:\/\/haberulus.net\/index.php?rest_route=\/wp\/v2\/media\/122749"}],"wp:attachment":[{"href":"https:\/\/haberulus.net\/index.php?rest_route=%2Fwp%2Fv2%2Fmedia&parent=122748"}],"wp:term":[{"taxonomy":"category","embeddable":true,"href":"https:\/\/haberulus.net\/index.php?rest_route=%2Fwp%2Fv2%2Fcategories&post=122748"},{"taxonomy":"post_tag","embeddable":true,"href":"https:\/\/haberulus.net\/index.php?rest_route=%2Fwp%2Fv2%2Ftags&post=122748"}],"curies":[{"name":"wp","href":"https:\/\/api.w.org\/{rel}","templated":true}]}}