{"id":122754,"date":"2023-09-02T07:35:03","date_gmt":"2023-09-02T07:35:03","guid":{"rendered":"https:\/\/haberulus.net\/?p=122754"},"modified":"2023-09-02T07:35:03","modified_gmt":"2023-09-02T07:35:03","slug":"hulyayi-olduren-esi-daha-once-de-cinayet-islemis","status":"publish","type":"post","link":"https:\/\/haberulus.net\/?p=122754","title":{"rendered":"H\u00fclya\u2019y\u0131 \u00f6ld\u00fcren e\u015fi daha \u00f6nce de cinayet i\u015flemi\u015f"},"content":{"rendered":"<p>Bornova\u2019da ge\u00e7en y\u0131l 22 Ekim\u2019de, I\u015f\u0131kkent Ayakkab\u0131c\u0131lar Sitesi\u2019nde ayakkab\u0131 nak\u0131\u015f at\u00f6lyesi olan 2 \u00e7ocuk annesi H\u00fclya \u015eellavc\u0131 Ye\u011fin\u2019e ula\u015fmayan yak\u0131nlar\u0131, i\u015f yerine gitti. Burada saat 00.30 s\u0131ralar\u0131nda Ye\u011fin\u2019in, tabanca ile vurularak \u00f6ld\u00fcr\u00fcld\u00fc\u011f\u00fc belirlendi.<\/p>\n<p>Polis, \u015f\u00fcpheli olarak kad\u0131n\u0131n bo\u015fanma davas\u0131 a\u00e7t\u0131\u011f\u0131 e\u015fi Kaffar Ye\u011fin\u2019i yakalamak i\u00e7in \u00e7al\u0131\u015fma ba\u015flatt\u0131. Ye\u011fin\u2019in cinayetten \u00f6nce Kaffar Ye\u011fin hakk\u0131nda tehdit etti\u011fi gerek\u00e7esiyle, 4 kez su\u00e7 duyurusunda bulundu\u011fu ve uzakla\u015ft\u0131rma karar\u0131 ald\u0131rd\u0131\u011f\u0131 ortaya \u00e7\u0131kt\u0131.<\/p>\n<p>Olaydan 3 g\u00fcn sonra \u0130zmir 16\u2019nc\u0131 Aile Mahkemesi taraf\u0131ndan\u00a0Kaffar Ye\u011fin hakk\u0131nda 30 g\u00fcnl\u00fck zorlama hapis karar\u0131 verildi. Ayr\u0131ca Kaffar Ye\u011fin\u2019in, Ye\u011fin\u2019in \u00f6ld\u00fcr\u00fcld\u00fc\u011f\u00fc at\u00f6lyeye yak\u0131n g\u00f6r\u00fcnt\u00fcleri de ortaya \u00e7\u0131kt\u0131. Ye\u011fin 8 Kas\u0131m\u2019da, Konak il\u00e7esi Fatih Mahallesi\u2019nde, arkada\u015f\u0131 M.G.\u2019nin (67) evinde su\u00e7 aleti silahla yakaland\u0131. Ye\u011fin tutuklan\u0131rken, arkada\u015f\u0131 M.G. ise serbest b\u0131rak\u0131ld\u0131.<\/p>\n<p><img decoding=\"async\" src=\"https:\/\/i01.sozcucdn.com\/wp-content\/uploads\/2023\/09\/02\/resimid_236402921_23640292-e1693638271194.jpg\" alt=\"\" title=\"\"><\/p>\n<p><strong>SAVUNMASINDA K\u00d6T\u00dc MUAMELEDE BULUNMADI\u011eINI S\u00d6YLED\u0130<\/strong><\/p>\n<p>Kaffar Ye\u011fin hakk\u0131nda \u2018e\u015fi tasarlayarak kasten \u00f6ld\u00fcrme\u2019 su\u00e7lamas\u0131ndan a\u011f\u0131rla\u015ft\u0131r\u0131lm\u0131\u015f m\u00fcebbet, \u2018silahla gece vakti ya\u011fma\u2019 su\u00e7undan\u00a015 y\u0131la kadar hapis, \u2018ruhsats\u0131z ate\u015fli silahlarla mermileri sat\u0131n alma, ta\u015f\u0131ma veya bulundurma\u2019 su\u00e7undan 3 y\u0131la kadar hapis istemiyle, 14\u2019\u00fcnc\u00fc A\u011f\u0131r Ceza Mahkemesi\u2019nde dava a\u00e7\u0131ld\u0131. Ayr\u0131ca cinayetten \u00f6nce hakk\u0131nda \u00e7e\u015fitli su\u00e7lamalar bulunan Kaffar Ye\u011fin hakk\u0131nda, \u2018kad\u0131na kar\u015f\u0131 tehdit\u2019, \u2018hakaret\u2019, \u2018\u0131srarl\u0131 takip\u2019 ve \u2018yaralama\u2019 gibi su\u00e7lardan 13 y\u0131la kadar hapis cezas\u0131 istemiyle 50\u2019nci Asliye Ceza Mahkemesi\u2019nde de dava a\u00e7\u0131ld\u0131. Bu dava ge\u00e7en ay sonu\u00e7land\u0131. Karar \u00f6ncesi savunmas\u0131nda eski e\u015fleri ve kad\u0131n arkada\u015flar\u0131na y\u00f6nelik hi\u00e7bir zaman k\u00f6t\u00fc muamelede bulunmad\u0131\u011f\u0131n\u0131 s\u00f6yleyen san\u0131k Kaffar Ye\u011fin\u2019e, \u2018hakaret\u2019 su\u00e7undan\u00a08 ay 22 g\u00fcn, \u2018kad\u0131na kar\u015f\u0131 tehdit\u2019 su\u00e7undan\u00a01 y\u0131l 3 ay, \u2018yaralama\u2019 su\u00e7undan 1 y\u0131l 6 ay ve \u2018\u0131srarl\u0131 takip\u2019 su\u00e7undan 2 y\u0131l olmak \u00fczere toplam 5 y\u0131l 5 ay 22 g\u00fcn hapis cezas\u0131 verildi.<\/p>\n<p><img decoding=\"async\" src=\"https:\/\/i01.sozcucdn.com\/wp-content\/uploads\/2023\/09\/02\/resimid_236402941_23640294.jpg\" alt=\"\" title=\"\"><\/p>\n<p><strong>YARALAMAYA KARI\u015eTI\u011eINI \u00d6NE S\u00dcRM\u00dc\u015eT\u00dc<\/strong><\/p>\n<p>Kaffar Ye\u011fin\u2019in, \u2018e\u015fi tasarlayarak kasten \u00f6ld\u00fcrme\u2019 su\u00e7undan yarg\u0131lanmas\u0131na ise devam ediliyor. Son duru\u015fmada mahkeme, Kaffar Ye\u011fin\u2019in daha \u00f6nce Almanya\u2019da cinayet i\u015fledi\u011fi y\u00f6n\u00fcndeki iddian\u0131n do\u011fru olup olmad\u0131\u011f\u0131n\u0131n tespiti i\u00e7in Adalet Bakanl\u0131\u011f\u0131 Adli Sicil ve \u0130statistik Genel M\u00fcd\u00fcrl\u00fc\u011f\u00fc\u2019ne yaz\u0131 g\u00f6nderdi. Talep sonras\u0131 cevap gelirken; san\u0131k Kaffar Ye\u011fin\u2019in, Almanya\u2019da \u2018kasten adam \u00f6ld\u00fcrme\u2019 su\u00e7undan 7 y\u0131l 6 ay hapis cezas\u0131 ald\u0131\u011f\u0131 ortaya \u00e7\u0131kt\u0131. Buna kar\u015f\u0131n san\u0131k Ye\u011fin, \u00f6nceki duru\u015fmalarda, Almanya\u2019da sadece yaralama olay\u0131na kar\u0131\u015ft\u0131\u011f\u0131n\u0131 \u00f6ne s\u00fcrm\u00fc\u015ft\u00fc.<\/p>\n<p><strong>ALMANYA\u2019DA DA E\u015e\u0130N\u0130 \u00d6LD\u00dcRD\u00dc\u011e\u00dcN\u00dc S\u00d6YLEM\u0130\u015e<\/strong><\/p>\n<p>Konuyla ilgili a\u00e7\u0131klamalarda bulunan H\u00fclya \u015eellavc\u0131 Ye\u011fin\u2019in damad\u0131 Avukat Ensar Akt\u00fcrk, \u201cCinayetten sonra san\u0131\u011f\u0131n firar oldu\u011fu zamanda, yakalanmas\u0131 amac\u0131yla bize yard\u0131m\u0131 dokunur diye Kaffar Ye\u011fin\u2019in Hollanda\u2019daki arkada\u015f\u0131na ula\u015fm\u0131\u015ft\u0131k. Katilin arkada\u015f\u0131, san\u0131\u011f\u0131n Almanya\u2019daki e\u015fini de balta kullanarak \u00f6ld\u00fcrd\u00fc\u011f\u00fcn\u00fc bize s\u00f6ylemi\u015fti. San\u0131k yakaland\u0131ktan sonra mahkemede bu soruldu. San\u0131k Ye\u011fin, e\u015fini \u00f6ld\u00fcrmedi\u011fini ancak ba\u015fka bir ki\u015fiyi yaralad\u0131\u011f\u0131n\u0131 s\u00f6yledi. Kendisi de bizle birlikte bunun ara\u015ft\u0131rmas\u0131n\u0131 talep etti.<\/p>\n<p>Mahkeme, bunun \u00fczerine Adalet Bakanl\u0131\u011f\u0131 Adli Sicil ve \u0130statistik Genel M\u00fcd\u00fcrl\u00fc\u011f\u00fc\u2019ne bir yaz\u0131 yazd\u0131. Bu dosyaya ili\u015fkin bir bilgi bulunup, bulunmad\u0131\u011f\u0131 soruldu.<\/p>\n<p>Karar i\u00e7eri\u011fi bulunmuyor ancak bilgi fi\u015fi dedi\u011fimiz belgede san\u0131\u011f\u0131n Almanya\u2019da bir ki\u015fiyi tehlikeli bir \u015fekilde yaralayarak, \u00f6ld\u00fcrd\u00fc\u011f\u00fc ve 7 y\u0131l 6 ay hapis cezas\u0131 ald\u0131\u011f\u0131 belirtildi. San\u0131\u011f\u0131n e\u015fini mi ba\u015fkas\u0131n\u0131 m\u0131 \u00f6ld\u00fcrd\u00fc\u011f\u00fc tam olarak bilmiyoruz. Ancak, san\u0131k Ye\u011fin\u2019in daha \u00f6nce de cinayet i\u015fledi\u011fi tespit edilmi\u015f oldu.<\/p>\n<p>Ayr\u0131ca kay\u0131nvalidemi \u00f6ld\u00fcrd\u00fc\u011f\u00fc d\u00f6nemde y\u0131llar \u00f6nce bo\u015fand\u0131\u011f\u0131 ve Mersin\u2019de ya\u015fayan ilk e\u015fini de telefonla rahats\u0131z etmi\u015f. Art\u0131k dosyada ara\u015ft\u0131r\u0131lacak bir husus kalmad\u0131. Gelecek duru\u015fmada \u00e7ok y\u00fcksek ihtimalle karar \u00e7\u0131kacak. Daha \u00f6nce savc\u0131l\u0131k m\u00fctalaa vermi\u015f, a\u011f\u0131rla\u015ft\u0131r\u0131lm\u0131\u015f m\u00fcebbet hapis cezas\u0131 talep etmi\u015fti. Bizim de mahkemenin bu do\u011frultuda karar verece\u011finden \u015f\u00fcphemiz yok. Hi\u00e7 indirim uygulanmadan bu cezay\u0131 alacakt\u0131r\u201d dedi. (DHA)<\/p>\n<p>\u00a0<\/p>\n","protected":false},"excerpt":{"rendered":"<p>\u0130zmir&#8217;in Bornova il\u00e7esinde, bo\u015fanma a\u015famas\u0131ndaki e\u015fi H\u00fclya \u015eellavc\u0131 Ye\u011fin&#8217;in (52) \u00f6l\u00fcm\u00fcyle ilgili yarg\u0131lanan san\u0131k Kaffar Ye\u011fin&#8217;in (60) Almanya&#8217;da ya\u015fad\u0131\u011f\u0131 d\u00f6nemde de cinayet i\u015fledi\u011fi ortaya \u00e7\u0131kt\u0131.<\/p>\n","protected":false},"author":1,"featured_media":122755,"comment_status":"closed","ping_status":"open","sticky":false,"template":"","format":"standard","meta":{"footnotes":""},"categories":[26],"tags":[9262,13958,580,719,718],"class_list":["post-122754","post","type-post","status-publish","format-standard","has-post-thumbnail","hentry","category-gundem","tag-almanyada","tag-kaffar-yegin","tag-karar","tag-sanik","tag-suc"],"_links":{"self":[{"href":"https:\/\/haberulus.net\/index.php?rest_route=\/wp\/v2\/posts\/122754","targetHints":{"allow":["GET"]}}],"collection":[{"href":"https:\/\/haberulus.net\/index.php?rest_route=\/wp\/v2\/posts"}],"about":[{"href":"https:\/\/haberulus.net\/index.php?rest_route=\/wp\/v2\/types\/post"}],"author":[{"embeddable":true,"href":"https:\/\/haberulus.net\/index.php?rest_route=\/wp\/v2\/users\/1"}],"replies":[{"embeddable":true,"href":"https:\/\/haberulus.net\/index.php?rest_route=%2Fwp%2Fv2%2Fcomments&post=122754"}],"version-history":[{"count":1,"href":"https:\/\/haberulus.net\/index.php?rest_route=\/wp\/v2\/posts\/122754\/revisions"}],"predecessor-version":[{"id":122756,"href":"https:\/\/haberulus.net\/index.php?rest_route=\/wp\/v2\/posts\/122754\/revisions\/122756"}],"wp:featuredmedia":[{"embeddable":true,"href":"https:\/\/haberulus.net\/index.php?rest_route=\/wp\/v2\/media\/122755"}],"wp:attachment":[{"href":"https:\/\/haberulus.net\/index.php?rest_route=%2Fwp%2Fv2%2Fmedia&parent=122754"}],"wp:term":[{"taxonomy":"category","embeddable":true,"href":"https:\/\/haberulus.net\/index.php?rest_route=%2Fwp%2Fv2%2Fcategories&post=122754"},{"taxonomy":"post_tag","embeddable":true,"href":"https:\/\/haberulus.net\/index.php?rest_route=%2Fwp%2Fv2%2Ftags&post=122754"}],"curies":[{"name":"wp","href":"https:\/\/api.w.org\/{rel}","templated":true}]}}