{"id":122757,"date":"2023-09-02T07:35:04","date_gmt":"2023-09-02T07:35:04","guid":{"rendered":"https:\/\/haberulus.net\/?p=122757"},"modified":"2023-09-02T07:35:04","modified_gmt":"2023-09-02T07:35:04","slug":"dso-covid-19-vakalari-artiyor","status":"publish","type":"post","link":"https:\/\/haberulus.net\/?p=122757","title":{"rendered":"DS\u00d6: Covid-19 vakalar\u0131 art\u0131yor"},"content":{"rendered":"<p>D\u00fcnya Sa\u011fl\u0131k \u00d6rg\u00fct\u00fc (DS\u00d6), \u00a0epidemiyolojik g\u00fcncelleme raporunu yay\u0131mlad\u0131.<\/p>\n<p>Buna g\u00f6re, 31 Temmuz-27 A\u011fustos\u2019taki 28 g\u00fcnl\u00fck d\u00f6nemde 1,4 milyonun \u00fczerinde yeni Kovid-19 vakas\u0131 ve 1800\u2019\u00fcn \u00fczerinde Kovid-19 kaynakl\u0131 \u00f6l\u00fcm rapor edildi.<\/p>\n<p>Bir \u00f6nceki 28 g\u00fcnl\u00fck periyoda g\u00f6re vakalarda y\u00fczde 38 art\u0131\u015f, \u00f6l\u00fcm oran\u0131nda ise y\u00fczde 50 d\u00fc\u015f\u00fc\u015f ya\u015fand\u0131.<\/p>\n<p>Rapor edilen vakalar\u0131n, k\u00fcresel olarak test ve raporlamadaki azalma nedeniyle enfeksiyon oranlar\u0131n\u0131 do\u011fru yans\u0131tmad\u0131\u011f\u0131 belirtiliyor.<\/p>\n<p>DS\u00d6 verilerine g\u00f6re, d\u00fcnya genelinde 770 milyondan fazla Kovid-19 vakas\u0131, salg\u0131n kaynakl\u0131 6 milyon 956 bin \u00f6l\u00fcm rapor edildi.<\/p>\n","protected":false},"excerpt":{"rendered":"<p>D\u00fcnya Sa\u011fl\u0131k \u00d6rg\u00fct\u00fc (DS\u00d6), Kovid-19 vakalar\u0131nda a\u011fustosta bir \u00f6nceki aya k\u0131yasla y\u00fczde 38 art\u0131\u015f ya\u015fand\u0131\u011f\u0131n\u0131, d\u00fcnya genelinde 1,4 milyonun \u00fczerinde vakan\u0131n rapor edildi\u011fini duyurdu.<\/p>\n","protected":false},"author":1,"featured_media":122758,"comment_status":"closed","ping_status":"open","sticky":false,"template":"","format":"standard","meta":{"footnotes":""},"categories":[30],"tags":[1207],"class_list":["post-122757","post","type-post","status-publish","format-standard","has-post-thumbnail","hentry","category-saglik","tag-rapor"],"_links":{"self":[{"href":"https:\/\/haberulus.net\/index.php?rest_route=\/wp\/v2\/posts\/122757","targetHints":{"allow":["GET"]}}],"collection":[{"href":"https:\/\/haberulus.net\/index.php?rest_route=\/wp\/v2\/posts"}],"about":[{"href":"https:\/\/haberulus.net\/index.php?rest_route=\/wp\/v2\/types\/post"}],"author":[{"embeddable":true,"href":"https:\/\/haberulus.net\/index.php?rest_route=\/wp\/v2\/users\/1"}],"replies":[{"embeddable":true,"href":"https:\/\/haberulus.net\/index.php?rest_route=%2Fwp%2Fv2%2Fcomments&post=122757"}],"version-history":[{"count":1,"href":"https:\/\/haberulus.net\/index.php?rest_route=\/wp\/v2\/posts\/122757\/revisions"}],"predecessor-version":[{"id":122759,"href":"https:\/\/haberulus.net\/index.php?rest_route=\/wp\/v2\/posts\/122757\/revisions\/122759"}],"wp:featuredmedia":[{"embeddable":true,"href":"https:\/\/haberulus.net\/index.php?rest_route=\/wp\/v2\/media\/122758"}],"wp:attachment":[{"href":"https:\/\/haberulus.net\/index.php?rest_route=%2Fwp%2Fv2%2Fmedia&parent=122757"}],"wp:term":[{"taxonomy":"category","embeddable":true,"href":"https:\/\/haberulus.net\/index.php?rest_route=%2Fwp%2Fv2%2Fcategories&post=122757"},{"taxonomy":"post_tag","embeddable":true,"href":"https:\/\/haberulus.net\/index.php?rest_route=%2Fwp%2Fv2%2Ftags&post=122757"}],"curies":[{"name":"wp","href":"https:\/\/api.w.org\/{rel}","templated":true}]}}