{"id":122793,"date":"2023-09-02T08:21:04","date_gmt":"2023-09-02T08:21:04","guid":{"rendered":"https:\/\/haberulus.net\/?p=122793"},"modified":"2023-09-02T08:21:04","modified_gmt":"2023-09-02T08:21:04","slug":"paris-saint-germain-kolo-muaniyi-95-milyon-euroya-transfer-etti","status":"publish","type":"post","link":"https:\/\/haberulus.net\/?p=122793","title":{"rendered":"Paris Saint-Germain, Kolo Muani\u2019yi 95 milyon Euro\u2019ya transfer etti"},"content":{"rendered":"<p>Paris Saint-Germain, Eintracht Frankfurt\u2019tan Frans\u0131z forvet Randal Kolo Muani\u2019nin transferini tamamlad\u0131.<\/p>\n<p>Eintracht\u2019tan yap\u0131lan a\u00e7\u0131klamada, haftalar s\u00fcren g\u00f6r\u00fc\u015fmelerin ard\u0131ndan kul\u00fcplerin son transfer g\u00fcn\u00fcnde bonuslar dahil 95 milyon Euro (102.6 milyon dolar) kar\u015f\u0131l\u0131\u011f\u0131nda anla\u015fmaya vard\u0131\u011f\u0131 belirtildi.<\/p>\n<p>Kolo Muani, bu yaz y\u0131ld\u0131z forvetler Lionel Messi ve Neymar\u2019\u0131n s\u0131ras\u0131yla Inter Miami ve Al Hilal\u2019e gitmesinin ard\u0131ndan PSG\u2019ye kat\u0131ld\u0131. 24 ya\u015f\u0131ndaki oyuncu PSG ile be\u015f y\u0131ll\u0131k bir anla\u015fma imzalad\u0131. PSG Ba\u015fkan\u0131 Nasser Al-Khelaifi, \u201cGururlu bir Parisli ve Frans\u0131z olan Randal Kolo Muani\u2019yi Paris Saint-Germain\u2019e; \u015fehrine ve evine davet etmekten b\u00fcy\u00fck mutluluk duyuyoruz\u201d dedi.<\/p>\n<blockquote class=\"twitter-tweet\" data-width=\"500\" data-dnt=\"true\">\n<p lang=\"fr\" dir=\"ltr\">Premi\u00e8re rencontre avec nos supporters pour notre recrue Randal Kolo Muani \u2728\u2764\ufe0f\ud83d\udc99<a href=\"https:\/\/twitter.com\/hashtag\/WelcomeKoloMuani?src=hash&amp;ref_src=twsrc%5Etfw\" target=\"_blank\" rel=\"noopener\">#WelcomeKoloMuani<\/a> <a href=\"https:\/\/t.co\/3ARo2D2yfT\" target=\"_blank\">pic.twitter.com\/3ARo2D2yfT<\/a><\/p>\n<p>&mdash; Paris Saint-Germain (@PSG_inside) <a href=\"https:\/\/twitter.com\/PSG_inside\/status\/1697743822468403631?ref_src=twsrc%5Etfw\" target=\"_blank\" rel=\"noopener\">September 1, 2023<\/a><\/p><\/blockquote>\n<p><script async src=\"https:\/\/platform.twitter.com\/widgets.js\" charset=\"utf-8\"><\/script><\/p>\n<p><b>KOLO MUANI: \u201cSABIRSIZLANIYORUM\u201d<\/b><\/p>\n<p>Randal Kolo-Muani ise \u015funlar\u0131 s\u00f6yledi: \u201cHer \u015feyin ba\u015flad\u0131\u011f\u0131 yere d\u00f6nmek harika! Kul\u00fcb\u00fcn projesi beni cezbetmi\u015fti. \u015eimdi i\u015fe koyulmak ve nihayet bu renklerde oynamak i\u00e7in sab\u0131rs\u0131zlan\u0131yorum.\u201d<\/p>\n<p><b>ANTRENMANA \u00c7IKMAYI REDDETT\u0130<\/b><\/p>\n<p>Bu transfer, Eintracht\u2019\u0131n hafta ba\u015f\u0131nda Kolo Muani\u2019nin Frans\u0131z \u015fampiyonuna transfer olmak i\u00e7in kul\u00fcple antrenmana \u00e7\u0131kmay\u0131 reddetti\u011fini a\u00e7\u0131klamas\u0131n\u0131n ard\u0131ndan geldi.<\/p>\n<p>Eintracht\u2019a Nantes\u2019tan kat\u0131lan Kolo Muani ge\u00e7en sezon 46 ma\u00e7ta 23 gol atarak g\u00f6z doldurdu ve bu sezona da d\u00f6rt ma\u00e7ta \u00fc\u00e7 gol atarak ba\u015flad\u0131.<\/p>\n<p>Fransa formas\u0131yla dokuz ma\u00e7ta bir gol atan Kolo Muani, PSG\u2019de Frans\u0131z tak\u0131m arkada\u015flar\u0131 Kylian Mbappe ve Ousmane Dembele ile yeniden bir araya gelecek.<\/p>\n<p>\u00dc\u00e7\u00fc de Katar\u2019da d\u00fczenlenen 2022 D\u00fcnya Kupas\u0131\u2019nda finale y\u00fckselen ve Arjantin\u2019e penalt\u0131larla kaybeden Fransa kadrosunun bir par\u00e7as\u0131yd\u0131. Kolo Muani Fransa\u2019n\u0131n Fas\u2019a kar\u015f\u0131 kazand\u0131\u011f\u0131 yar\u0131 final ma\u00e7\u0131nda gol atm\u0131\u015ft\u0131.<\/p>\n","protected":false},"excerpt":{"rendered":"<p>Paris Saint-Germain, Frans\u0131z forvet Randal Kolo Muani&#8217;yi transfer etti. Kolo Muani, Eintracht Frankfurt&#8217;tan 95 milyon Euro&#8217;ya transfer oldu.<\/p>\n","protected":false},"author":1,"featured_media":122795,"comment_status":"closed","ping_status":"open","sticky":false,"template":"","format":"standard","meta":{"footnotes":""},"categories":[31],"tags":[13960,6990],"class_list":["post-122793","post","type-post","status-publish","format-standard","has-post-thumbnail","hentry","category-spor","tag-kolo-muani","tag-psg"],"_links":{"self":[{"href":"https:\/\/haberulus.net\/index.php?rest_route=\/wp\/v2\/posts\/122793","targetHints":{"allow":["GET"]}}],"collection":[{"href":"https:\/\/haberulus.net\/index.php?rest_route=\/wp\/v2\/posts"}],"about":[{"href":"https:\/\/haberulus.net\/index.php?rest_route=\/wp\/v2\/types\/post"}],"author":[{"embeddable":true,"href":"https:\/\/haberulus.net\/index.php?rest_route=\/wp\/v2\/users\/1"}],"replies":[{"embeddable":true,"href":"https:\/\/haberulus.net\/index.php?rest_route=%2Fwp%2Fv2%2Fcomments&post=122793"}],"version-history":[{"count":1,"href":"https:\/\/haberulus.net\/index.php?rest_route=\/wp\/v2\/posts\/122793\/revisions"}],"predecessor-version":[{"id":122796,"href":"https:\/\/haberulus.net\/index.php?rest_route=\/wp\/v2\/posts\/122793\/revisions\/122796"}],"wp:featuredmedia":[{"embeddable":true,"href":"https:\/\/haberulus.net\/index.php?rest_route=\/wp\/v2\/media\/122795"}],"wp:attachment":[{"href":"https:\/\/haberulus.net\/index.php?rest_route=%2Fwp%2Fv2%2Fmedia&parent=122793"}],"wp:term":[{"taxonomy":"category","embeddable":true,"href":"https:\/\/haberulus.net\/index.php?rest_route=%2Fwp%2Fv2%2Fcategories&post=122793"},{"taxonomy":"post_tag","embeddable":true,"href":"https:\/\/haberulus.net\/index.php?rest_route=%2Fwp%2Fv2%2Ftags&post=122793"}],"curies":[{"name":"wp","href":"https:\/\/api.w.org\/{rel}","templated":true}]}}