{"id":122837,"date":"2023-09-02T09:51:04","date_gmt":"2023-09-02T09:51:04","guid":{"rendered":"https:\/\/haberulus.net\/?p=122837"},"modified":"2023-09-02T09:51:04","modified_gmt":"2023-09-02T09:51:04","slug":"trabzonsporda-enis-destan-ve-enis-bardhi-sezona-firtina-gibi-basladi","status":"publish","type":"post","link":"https:\/\/haberulus.net\/?p=122837","title":{"rendered":"Trabzonspor\u2019da Enis Destan ve Enis Bardhi sezona f\u0131rt\u0131na gibi ba\u015flad\u0131!"},"content":{"rendered":"<p>Trendyol S\u00fcper Ligi\u2019nin 4. haftas\u0131nda Kas\u0131mpa\u015fa\u2019y\u0131 deplasmanda 5-1 yenerek bu sezon 2. galibiyetini elde eden Trabzonspor\u2019da Enis Destan ve Enis Bardhi, sezona goll\u00fc ba\u015flang\u0131\u00e7 yapt\u0131.<\/p>\n<p>\u0130lk 4 haftada 8 gol kaydeden bordo-mavili tak\u0131mda Enis Destan ve Enis Bardhi att\u0131klar\u0131 2\u2019\u015fer golle, toplamda tak\u0131m\u0131n gollerinin yar\u0131s\u0131n\u0131 kaydetti.<\/p>\n<p>2021-2022 sezonunda Alt\u0131nordu\u2019dan 600 bin avro bonservis bedeli kar\u015f\u0131l\u0131\u011f\u0131nda transfer edilen Enis Destan, ge\u00e7en hafta tak\u0131m\u0131n\u0131n 3-2 yenildi\u011fi \u00c7aykur Rizespor ve Kas\u0131mpa\u015fa ma\u00e7\u0131nda 1\u2019er gol kaydetti. Enis Bardhi de Kas\u0131mpa\u015fa kar\u015f\u0131s\u0131nda att\u0131\u011f\u0131 2 golle tak\u0131m\u0131na destek verdi.<\/p>\n<p><b>YOKLUKTAN DO\u011eAN GOLC\u00dc EN\u0130S DESTAN<\/b><\/p>\n<p>Trabzonspor\u2019da ge\u00e7en sezon Polonya\u2019n\u0131n Warta Poznan tak\u0131m\u0131na 75 bin avro kar\u015f\u0131l\u0131\u011f\u0131nda kiralan\u0131n ve burada 422 dakika s\u00fcre alarak 1 gol atan Enis Destan, bu sezon bordo-mavili tak\u0131mda adeta yokluktan do\u011fdu.<\/p>\n<p>Sezon sonundan itibaren Dinamo Zagreb\u2019ten kadroya kat\u0131lmak istenen Bruno Petkovic\u2019in transferinin bir t\u00fcrl\u00fc ger\u00e7ekle\u015fememesi Maxi Gomez\u2019in de \u0130spanya\u2019n\u0131n Cadiz Kul\u00fcb\u00fc\u2019ne kiralanmas\u0131yla bordo-mavili tak\u0131m santrfor konusunda s\u0131k\u0131nt\u0131 ya\u015fad\u0131. Umut Bozok\u2019un da ilk 3 haftada gol atamamas\u0131yla formay\u0131 giyen Enis Destan, bunu iyi de\u011ferlendirdi.<\/p>\n<p><b>EN\u0130S DESTAN\u2019DAN 101 DAK\u0130KADA 2 GOL<\/b><\/p>\n<p>Ligin ilk haftas\u0131nda Antalyaspor ma\u00e7\u0131nda kadroda yer alamayan, Galatasaray ma\u00e7\u0131nda son 18 dakika, \u00c7aykur Rizespor ma\u00e7\u0131nda son 20 dakika forma giyen Enis Destan, Kas\u0131mpa\u015fa ma\u00e7\u0131nda ilk kez 11\u2019de yer alarak 63 dakika sahada m\u00fccadele etti.<\/p>\n<p>\u00c7aykur Rizespor ma\u00e7\u0131nda son 20 dakikada 1 gol atan, Kas\u0131mpa\u015fa ma\u00e7\u0131nda da fileleri 1 kez havaland\u0131ran Enis Destan, 101 dakikaya 2 gol s\u0131\u011fd\u0131rd\u0131.<\/p>\n<p><b>BARDH\u0130\u2019DEN 8. GOL<\/b><\/p>\n<p>Trabzonspor\u2019un ge\u00e7en sezon ba\u015f\u0131nda \u0130spanya\u2019n\u0131n Levanta Kul\u00fcb\u00fc\u2019nden kadrosuna katt\u0131\u011f\u0131 Enis Bardhi\u2019de, bordo-mavili tak\u0131mda ligde iki sezonda 8. gol\u00fcne ula\u015ft\u0131.<\/p>\n<div><img decoding=\"async\" src=\"https:\/\/i01.sozcucdn.com\/wp-content\/uploads\/2023\/09\/02\/enis-bardhi1_23638735.jpg\" alt=\"\" title=\"\"><\/p>\n<p>Enis Bardhi<\/p>\n<\/div>\n<p>Ge\u00e7en sezonu 6 golle tamamlayan Bardhi, bu sezon ise 4 ma\u00e7ta 307 dakika sahada kalarak 2 kez rakip fileleri havaland\u0131rmay\u0131 ba\u015fard\u0131.<\/p>\n<p>Karadeniz ekibinde di\u011fer goller Denswil, Benkovi\u00e7, G\u00f6ktan G\u00fcrp\u00fcz ve Bakasetas\u2019dan geldi. (AA)<\/p>\n","protected":false},"excerpt":{"rendered":"<p>Trendyol S\u00fcper Lig&#8217;de bordo-mavililer, Kas\u0131mpa\u015fa kar\u015f\u0131s\u0131nda 5-1&#8217;lik zaferle 3 puan\u0131 hanesine yazd\u0131rd\u0131. Ma\u00e7a damga vuran isimler Enis Destan ve Enis Bardhi oldu.<\/p>\n","protected":false},"author":1,"featured_media":122838,"comment_status":"closed","ping_status":"open","sticky":false,"template":"","format":"standard","meta":{"footnotes":""},"categories":[31],"tags":[1938,13962,323,201,192],"class_list":["post-122837","post","type-post","status-publish","format-standard","has-post-thumbnail","hentry","category-spor","tag-dakika","tag-enis-destan","tag-gol","tag-sezon","tag-takim"],"_links":{"self":[{"href":"https:\/\/haberulus.net\/index.php?rest_route=\/wp\/v2\/posts\/122837","targetHints":{"allow":["GET"]}}],"collection":[{"href":"https:\/\/haberulus.net\/index.php?rest_route=\/wp\/v2\/posts"}],"about":[{"href":"https:\/\/haberulus.net\/index.php?rest_route=\/wp\/v2\/types\/post"}],"author":[{"embeddable":true,"href":"https:\/\/haberulus.net\/index.php?rest_route=\/wp\/v2\/users\/1"}],"replies":[{"embeddable":true,"href":"https:\/\/haberulus.net\/index.php?rest_route=%2Fwp%2Fv2%2Fcomments&post=122837"}],"version-history":[{"count":1,"href":"https:\/\/haberulus.net\/index.php?rest_route=\/wp\/v2\/posts\/122837\/revisions"}],"predecessor-version":[{"id":122839,"href":"https:\/\/haberulus.net\/index.php?rest_route=\/wp\/v2\/posts\/122837\/revisions\/122839"}],"wp:featuredmedia":[{"embeddable":true,"href":"https:\/\/haberulus.net\/index.php?rest_route=\/wp\/v2\/media\/122838"}],"wp:attachment":[{"href":"https:\/\/haberulus.net\/index.php?rest_route=%2Fwp%2Fv2%2Fmedia&parent=122837"}],"wp:term":[{"taxonomy":"category","embeddable":true,"href":"https:\/\/haberulus.net\/index.php?rest_route=%2Fwp%2Fv2%2Fcategories&post=122837"},{"taxonomy":"post_tag","embeddable":true,"href":"https:\/\/haberulus.net\/index.php?rest_route=%2Fwp%2Fv2%2Ftags&post=122837"}],"curies":[{"name":"wp","href":"https:\/\/api.w.org\/{rel}","templated":true}]}}