{"id":122843,"date":"2023-09-02T10:05:04","date_gmt":"2023-09-02T10:05:04","guid":{"rendered":"https:\/\/haberulus.net\/?p=122843"},"modified":"2023-09-02T10:05:04","modified_gmt":"2023-09-02T10:05:04","slug":"domates-ve-meyve-fiyatlarinda-8-yilin-rekoru","status":"publish","type":"post","link":"https:\/\/haberulus.net\/?p=122843","title":{"rendered":"Domates ve meyve fiyatlar\u0131nda 8 y\u0131l\u0131n rekoru"},"content":{"rendered":"<p>Antalya Ticaret Borsas\u0131, a\u011fustos ay\u0131 Antalya hallerinde i\u015flem g\u00f6ren domates, meyve ve sebze endeksini a\u00e7\u0131klad\u0131.<\/p>\n<p>Buna g\u00f6re, a\u011fustos ay\u0131nda domates miktar\u0131 bir \u00f6nceki aya g\u00f6re y\u00fczde 24.01, meyve miktar\u0131 y\u00fczde 8.48 azal\u0131rken, sebzede y\u00fczde 76.38 artt\u0131.<\/p>\n<p>Miktar endeksleri ge\u00e7en y\u0131l\u0131n ayn\u0131 ay\u0131na g\u00f6re ise domateste y\u00fczde 2.97, meyvede y\u00fczde 38.72 azal\u0131rken, sebzede y\u00fczde 52.86 y\u00fckseldi.<\/p>\n<p>A\u011fustos ay\u0131nda endekslerdeki y\u0131ll\u0131k de\u011fi\u015fimler, miktarda meyve rekor azal\u0131\u015f\u0131, sebze rekor art\u0131\u015f\u0131 ve domates ise ortalama alt\u0131 bir azal\u0131\u015f\u0131 i\u015faret etti.<\/p>\n<p>Y\u0131ll\u0131k fiyat endekslerindeki de\u011fi\u015fimler domates ve meyve i\u00e7in 8 y\u0131l\u0131n rekoru olurken, sebze i\u00e7in ortalama \u00fcst\u00fc d\u00fczeyinde ger\u00e7ekle\u015fti.<\/p>\n<p>A\u011fustos ay\u0131nda domates fiyat endeksi y\u0131ll\u0131k y\u00fczde 125.48 artarken, miktardaki y\u00fczde 2.97\u2019lik azal\u0131\u015f ve artan talep, fiyattaki y\u00fcksek art\u0131\u015f\u0131n temel nedeni oldu.<\/p>\n<p><b>ZAMDA ARTAN TALEP ETK\u0130L\u0130 OLDU<\/b><\/p>\n<p>Sebze fiyat endeksi y\u0131ll\u0131k y\u00fczde 93.25 artt\u0131.<\/p>\n<p>Sebzenin y\u0131ll\u0131k miktar endeksinin y\u00fczde 52.86 artmas\u0131na ra\u011fmen bu ortalama \u00fcst\u00fc fiyat art\u0131\u015f\u0131nda, artan talep \u00f6nemli bir rol oynad\u0131.<\/p>\n<p>Meyve fiyat endeksi y\u0131ll\u0131k y\u00fczde 146.37 artarken, meyvenin y\u0131ll\u0131k i\u015flem miktar\u0131ndaki y\u00fczde 38.72\u2019lik azal\u0131\u015f fiyatta art\u0131\u015fa neden oldu.<\/p>\n<p>A\u011fustos ay\u0131nda miktar ve fiyat endekslerindeki ayl\u0131k de\u011fi\u015fimler, domates i\u00e7in son 5 y\u0131l\u0131n miktarda rekor art\u0131\u015f, fiyatta ise ortalama alt\u0131nda art\u0131\u015f olarak tabloya yans\u0131d\u0131.<\/p>\n<p>Bir \u00f6nceki aya g\u00f6re (ayl\u0131k) domates i\u015flem miktar endeksi, a\u011fustos ay\u0131nda y\u00fczde 24.01\u2019lik azal\u0131\u015f g\u00f6sterirken, i\u015flem fiyat endeksi de ayl\u0131k y\u00fczde 30.94 azald\u0131.<\/p>\n<p>Bir \u00f6nceki aya g\u00f6re (ayl\u0131k) sebze i\u015flem miktar endeksi, a\u011fustos ay\u0131nda y\u00fczde 76.38\u2019lik s\u0131ra d\u0131\u015f\u0131 art\u0131\u015f g\u00f6sterirken, i\u015flem fiyat endeksi ayl\u0131k y\u00fczde 14.53 gibi y\u00fcksek bir azal\u0131\u015f g\u00f6sterdi.<\/p>\n<p>Son 5 y\u0131l\u0131n a\u011fustos aylar\u0131 dikkate al\u0131nd\u0131\u011f\u0131nda sebze miktar endeksi rekor art\u0131\u015f ve fiyat endeksi de\u011fi\u015fimi ise ortalama alt\u0131nda azal\u0131\u015f g\u00f6sterdi.<\/p>\n<p>Bir \u00f6nceki aya g\u00f6re (ayl\u0131k) meyve i\u015flem miktar endeksi, a\u011fustos ay\u0131nda y\u00fczde 8.48 azal\u0131rken, i\u015flem fiyat endeksi y\u00fczde 49.24 artt\u0131. Son 5 y\u0131l\u0131n a\u011fustos aylar\u0131 dikkate al\u0131nd\u0131\u011f\u0131nda ayl\u0131k de\u011fi\u015fimler, meyve miktar endeksinde ortalama \u00fczerinde azal\u0131\u015f ve fiyat endeksinde ise rekor art\u0131\u015f g\u00f6sterdi.<\/p>\n","protected":false},"excerpt":{"rendered":"<p>Antalya Ticaret Borsas\u0131 verilerine g\u00f6re, kentteki hallerde i\u015flem g\u00f6ren domates a\u011fustosta y\u0131ll\u0131k bazda y\u00fczde 125,48 artarken, meyve fiyatlar\u0131ndaki art\u0131\u015f y\u00fczde 146&#8217;y\u0131 a\u015ft\u0131.<\/p>\n","protected":false},"author":1,"featured_media":122844,"comment_status":"closed","ping_status":"open","sticky":false,"template":"","format":"standard","meta":{"footnotes":""},"categories":[25],"tags":[62,2561,641,1762,4566],"class_list":["post-122843","post","type-post","status-publish","format-standard","has-post-thumbnail","hentry","category-ekonomi","tag-artis","tag-domates","tag-islem","tag-meyve","tag-sebze"],"_links":{"self":[{"href":"https:\/\/haberulus.net\/index.php?rest_route=\/wp\/v2\/posts\/122843","targetHints":{"allow":["GET"]}}],"collection":[{"href":"https:\/\/haberulus.net\/index.php?rest_route=\/wp\/v2\/posts"}],"about":[{"href":"https:\/\/haberulus.net\/index.php?rest_route=\/wp\/v2\/types\/post"}],"author":[{"embeddable":true,"href":"https:\/\/haberulus.net\/index.php?rest_route=\/wp\/v2\/users\/1"}],"replies":[{"embeddable":true,"href":"https:\/\/haberulus.net\/index.php?rest_route=%2Fwp%2Fv2%2Fcomments&post=122843"}],"version-history":[{"count":1,"href":"https:\/\/haberulus.net\/index.php?rest_route=\/wp\/v2\/posts\/122843\/revisions"}],"predecessor-version":[{"id":122845,"href":"https:\/\/haberulus.net\/index.php?rest_route=\/wp\/v2\/posts\/122843\/revisions\/122845"}],"wp:featuredmedia":[{"embeddable":true,"href":"https:\/\/haberulus.net\/index.php?rest_route=\/wp\/v2\/media\/122844"}],"wp:attachment":[{"href":"https:\/\/haberulus.net\/index.php?rest_route=%2Fwp%2Fv2%2Fmedia&parent=122843"}],"wp:term":[{"taxonomy":"category","embeddable":true,"href":"https:\/\/haberulus.net\/index.php?rest_route=%2Fwp%2Fv2%2Fcategories&post=122843"},{"taxonomy":"post_tag","embeddable":true,"href":"https:\/\/haberulus.net\/index.php?rest_route=%2Fwp%2Fv2%2Ftags&post=122843"}],"curies":[{"name":"wp","href":"https:\/\/api.w.org\/{rel}","templated":true}]}}