{"id":122876,"date":"2023-09-02T11:35:04","date_gmt":"2023-09-02T11:35:04","guid":{"rendered":"https:\/\/haberulus.net\/?p=122876"},"modified":"2023-09-02T11:35:04","modified_gmt":"2023-09-02T11:35:04","slug":"metaverse-er-veya-gec-gelecek","status":"publish","type":"post","link":"https:\/\/haberulus.net\/?p=122876","title":{"rendered":"\u201cMetaverse er veya ge\u00e7 gelecek\u201d"},"content":{"rendered":"<p>Avrupa&#8217;n\u0131n en b\u00fcy\u00fck t\u00fcketici elektroni\u011fi fuar\u0131 olarak g\u00f6sterilen ve Almanya\u2019n\u0131n ba\u015fkenti Berlin&#8217;de her y\u0131l d\u00fczenlenen IFA 2023\u2019te, Meta \u015firketinin Avrupa, Afrika ve Orta Do\u011fu\u2019dan Sorumlu Ba\u015fkan Yard\u0131mc\u0131s\u0131 Angie Gifford da yer ald\u0131.<\/p>\n<p>Fuarda \u201cSanal S\u0131n\u0131rlar: Metaversenin t\u00fcketiciler, sanat\u00e7\u0131lar ve \u015firketler i\u00e7in etkileri nelerdir? konulu oturumda konu\u015fan Meta \u015firketinin Avrupa, Afrika ve Orta Do\u011fu\u2019dan Sorumlu Ba\u015fkan Yard\u0131mc\u0131s\u0131 Angie Gifford, metaverse projesinin gelece\u011fi \u00fczerine a\u00e7\u0131klamalarda bulundu.<br \/>Metaverse\u2019\u00fcn tek bir teknoloji olmad\u0131\u011f\u0131n\u0131n alt\u0131n\u0131 \u00e7izen Gifford, projenin internetin yeni hali oldu\u011funu s\u00f6yledi. Metaverse\u2019\u00fc k\u0131saca internetin 2 boyutlu halden 3 boyutlu hale gelmesi olarak tan\u0131mlayan Gifford, internetin b\u00f6ylelikle daha kapsay\u0131c\u0131 bir hale gelece\u011fini anlatt\u0131.<\/p>\n<p><b>\u201c\u00d6N\u00dcM\u00dcZDEK\u0130 8-10 YIL \u0130\u00c7\u0130NDE G\u00d6REE\u011e\u0130Z\u201d<\/b><\/p>\n<p>Programda metaverse\u2019\u00fcn abart\u0131lm\u0131\u015f bir proje olup olmad\u0131\u011f\u0131na dair sorulara yan\u0131t veren Gifford \u015funlar\u0131 s\u00f6yledi: \u201cMetaverse er veya ge\u00e7 gelecek. 2 y\u0131l \u00f6nce metaverse \u00e7ok konu\u015fulmu\u015ftu. \u015eimdi o kadar konu\u015fulmuyor. Uzun zamand\u0131r teknoloji sekt\u00f6r\u00fcnde \u00e7al\u0131\u015fan biri olarak teknolojik devrimlerin hayata ge\u00e7mesinin biraz zaman ald\u0131\u011f\u0131n\u0131 s\u00f6yleyebilirim.<\/p>\n<p>Ben Microsoft\u2019ta da \u00e7al\u0131\u015ft\u0131m. 90\u2019larda Bill Gates\u2019in g\u00fczel bir vizyonu vard\u0131: Gates her masada bir bilgisayar olaca\u011f\u0131n\u0131 s\u00f6yl\u00fcyordu. O zamanlar herkes bunun \u00e7\u0131lg\u0131nca oldu\u011funu d\u00fc\u015f\u00fcn\u00fcyordu. Ama \u015fu anda burada herkesin cebinde en az 1 belki 2 tane telefon var. Yani teknoloji zaman ister ve biz metaverse\u2019\u00fc \u00f6n\u00fcm\u00fczdeki 8-10 y\u0131l i\u00e7inde g\u00f6rece\u011fiz.\u201d<\/p>\n<p>Meta \u00dcst Y\u00f6neticisi (CEO) Mark Zuckerberg\u2019in eski ad\u0131 Facebook olan \u015firketinin ismini Meta olarak de\u011fi\u015ftirmesi ile metaverse, d\u00fcnya g\u00fcndeminde en \u00e7ok konu\u015fulan konulardan biri haline gelmi\u015fti.<\/p>\n<p>Konseptin d\u00fcnyada pop\u00fcler hale gelmesi ile metaverse platformlar\u0131nda sanal arsalar sat\u0131lmaya ba\u015flanm\u0131\u015f ve pek \u00e7ok ki\u015fi bu arsalara yat\u0131r\u0131m yapm\u0131\u015ft\u0131. Ancak ge\u00e7en zaman i\u00e7inde metaverse d\u00fcnyadaki pop\u00fclerli\u011fini yitirmi\u015fti. (AA)<\/p>\n","protected":false},"excerpt":{"rendered":"<p>Meta \u015firketinin Avrupa, Afrika ve Orta Do\u011fu&#8217;dan Sorumlu Ba\u015fkan Yard\u0131mc\u0131s\u0131 Angie Gifford, teknolojik geli\u015fmelerin zaman istedi\u011fini belirterek, Meta \u015firketinin metaverse projesinin 8-10 y\u0131l i\u00e7inde hayata ge\u00e7ece\u011fini s\u00f6yledi.<\/p>\n","protected":false},"author":1,"featured_media":122877,"comment_status":"closed","ping_status":"open","sticky":false,"template":"","format":"standard","meta":{"footnotes":""},"categories":[32],"tags":[1256,586,289],"class_list":["post-122876","post","type-post","status-publish","format-standard","has-post-thumbnail","hentry","category-teknoloji","tag-meta","tag-tek","tag-zaman"],"_links":{"self":[{"href":"https:\/\/haberulus.net\/index.php?rest_route=\/wp\/v2\/posts\/122876","targetHints":{"allow":["GET"]}}],"collection":[{"href":"https:\/\/haberulus.net\/index.php?rest_route=\/wp\/v2\/posts"}],"about":[{"href":"https:\/\/haberulus.net\/index.php?rest_route=\/wp\/v2\/types\/post"}],"author":[{"embeddable":true,"href":"https:\/\/haberulus.net\/index.php?rest_route=\/wp\/v2\/users\/1"}],"replies":[{"embeddable":true,"href":"https:\/\/haberulus.net\/index.php?rest_route=%2Fwp%2Fv2%2Fcomments&post=122876"}],"version-history":[{"count":1,"href":"https:\/\/haberulus.net\/index.php?rest_route=\/wp\/v2\/posts\/122876\/revisions"}],"predecessor-version":[{"id":122878,"href":"https:\/\/haberulus.net\/index.php?rest_route=\/wp\/v2\/posts\/122876\/revisions\/122878"}],"wp:featuredmedia":[{"embeddable":true,"href":"https:\/\/haberulus.net\/index.php?rest_route=\/wp\/v2\/media\/122877"}],"wp:attachment":[{"href":"https:\/\/haberulus.net\/index.php?rest_route=%2Fwp%2Fv2%2Fmedia&parent=122876"}],"wp:term":[{"taxonomy":"category","embeddable":true,"href":"https:\/\/haberulus.net\/index.php?rest_route=%2Fwp%2Fv2%2Fcategories&post=122876"},{"taxonomy":"post_tag","embeddable":true,"href":"https:\/\/haberulus.net\/index.php?rest_route=%2Fwp%2Fv2%2Ftags&post=122876"}],"curies":[{"name":"wp","href":"https:\/\/api.w.org\/{rel}","templated":true}]}}