{"id":122885,"date":"2023-09-02T11:51:05","date_gmt":"2023-09-02T11:51:05","guid":{"rendered":"https:\/\/haberulus.net\/?p=122885"},"modified":"2023-09-02T11:51:05","modified_gmt":"2023-09-02T11:51:05","slug":"yaban-domuzlarini-beslemeyin","status":"publish","type":"post","link":"https:\/\/haberulus.net\/?p=122885","title":{"rendered":"\u2018Yaban domuzlar\u0131n\u0131 beslemeyin\u2019"},"content":{"rendered":"<p>Mu\u011fla S\u0131tk\u0131 Ko\u00e7man \u00dcniversitesi (MSK\u00dc) Fethiye Meslek Y\u00fcksekokulu \u00c7evre Koruma Teknolojileri B\u00f6l\u00fcm\u00fc \u00d6\u011fretim \u00dcyesi Dr. Yasin \u0130lemin, bir yaban domuzuyla kar\u015f\u0131la\u015fma an\u0131n\u0131n g\u00f6r\u00fcnt\u00fcs\u00fcn\u00fc \u00e7ekerek, sosyal medya hesab\u0131ndan payla\u015ft\u0131.<\/p>\n<p>Ege ve Akdeniz b\u00f6lgelerinde normalin \u00fcst\u00fcnde yaban domuzu art\u0131\u015f\u0131 oldu\u011funu belirten \u0130lemin, bunun da do\u011fada onlar\u0131n \u00fcst\u00fcnden beslenen ba\u015fta karakulak, va\u015fak ve kurtlar\u0131n say\u0131s\u0131n\u0131n azalmas\u0131ndan kaynakland\u0131\u011f\u0131n\u0131 bildirdi.<\/p>\n<p><img decoding=\"async\" src=\"https:\/\/i01.sozcucdn.com\/wp-content\/uploads\/2023\/09\/02\/resimid_236299311_23629931.jpg\" alt=\"\" title=\"\"><\/p>\n<p>H\u0131zl\u0131 \u00e7o\u011falma g\u00f6steren yaban domuzlar\u0131 i\u00e7in ormanlardaki do\u011fal besinlerin yetmemeye ba\u015flad\u0131\u011f\u0131n\u0131 ifade eden \u0130lemin, \u015funlar\u0131 kaydetti:<\/p>\n<p>\u201c\u00d6zellikle yaz aylar\u0131nda k\u0131z\u0131l\u00e7am ormanlar\u0131nda besin azalmaya ba\u015flay\u0131nca yak\u0131nlardaki kasabalara ve \u015fehirlere iniyorlar. \u0130\u015fte burada tehlike ba\u015fl\u0131yor. \u0130nsanlar\u0131m\u0131z g\u00fczel bir \u015fey yapt\u0131\u011f\u0131n\u0131 d\u00fc\u015f\u00fcnerek onlar\u0131 besliyor. Bu bir hata. Yaban hayvanlar\u0131 asla beslenmemelidir. Hele ki yaban domuzu gibi kolay al\u0131\u015fabilen canl\u0131larda bu durum tehlikeler yaratabilir. Yaban domuzlar\u0131n\u0131n do\u011fadaki avc\u0131s\u0131 olan kurt, karakulak ve va\u015fak gibi et\u00e7il t\u00fcrlerin \u00e7ok s\u0131k\u0131 korunmas\u0131 ve izlenmesi gerekiyor.\u201d<\/p>\n<p>\u0130nsanlar\u0131n zincirleme bir ekosistem \u00e7\u00f6k\u00fc\u015f\u00fcne neden olabilece\u011fini aktaran \u0130lemin, yaban domuzlar\u0131 beslendik\u00e7e daha fazla \u015fehre inmeye ba\u015flayacaklar\u0131n\u0131 belirtti.<\/p>\n<p>\u0130lemin, yaban domuzlar\u0131ndan insanlara, insanlardan domuzlara hastal\u0131k ve mikroorganizma ge\u00e7ebilece\u011fini bildirdi.<\/p>\n<p>Kurtlar\u0131n b\u00f6lgede canavar olarak adland\u0131r\u0131ld\u0131\u011f\u0131n\u0131 ve k\u00fc\u00e7\u00fckba\u015f hayvan sahipleri taraf\u0131ndan sevilmediklerini anlatan \u0130lemin, k\u00fc\u00e7\u00fckba\u015f hayvanlar\u0131 yedikleri iddias\u0131yla kurtlar\u0131n \u00f6ld\u00fcr\u00fcld\u00fc\u011f\u00fcn\u00fc ifade etti.<\/p>\n<p>Ege ve Akdeniz k\u0131y\u0131lar\u0131ndaki kasabalarda \u00e7ok say\u0131da terkedilmi\u015f k\u00f6pek bulundu\u011funu s\u00f6yleyen \u0130lemin, ba\u015f\u0131bo\u015f k\u00f6peklerin do\u011fada vah\u015file\u015ferek kurtlara da zarar verdi\u011fini belirtti. (AA)<\/p>\n","protected":false},"excerpt":{"rendered":"<p>Mu\u011fla S\u0131tk\u0131 Ko\u00e7man \u00dcniversitesi (MSK\u00dc) Fethiye Meslek Y\u00fcksekokulu \u00c7evre Koruma Teknolojileri B\u00f6l\u00fcm\u00fc \u00d6\u011fretim \u00dcyesi Dr. Yasin \u0130lemin, \u015fehre inen yaban domuzlar\u0131n\u0131n insanlar taraf\u0131ndan beslenmemesi uyar\u0131s\u0131nda bulundu.<\/p>\n","protected":false},"author":1,"featured_media":122886,"comment_status":"closed","ping_status":"open","sticky":false,"template":"","format":"standard","meta":{"footnotes":""},"categories":[33],"tags":[1058],"class_list":["post-122885","post","type-post","status-publish","format-standard","has-post-thumbnail","hentry","category-yasam","tag-yaban"],"_links":{"self":[{"href":"https:\/\/haberulus.net\/index.php?rest_route=\/wp\/v2\/posts\/122885","targetHints":{"allow":["GET"]}}],"collection":[{"href":"https:\/\/haberulus.net\/index.php?rest_route=\/wp\/v2\/posts"}],"about":[{"href":"https:\/\/haberulus.net\/index.php?rest_route=\/wp\/v2\/types\/post"}],"author":[{"embeddable":true,"href":"https:\/\/haberulus.net\/index.php?rest_route=\/wp\/v2\/users\/1"}],"replies":[{"embeddable":true,"href":"https:\/\/haberulus.net\/index.php?rest_route=%2Fwp%2Fv2%2Fcomments&post=122885"}],"version-history":[{"count":1,"href":"https:\/\/haberulus.net\/index.php?rest_route=\/wp\/v2\/posts\/122885\/revisions"}],"predecessor-version":[{"id":122887,"href":"https:\/\/haberulus.net\/index.php?rest_route=\/wp\/v2\/posts\/122885\/revisions\/122887"}],"wp:featuredmedia":[{"embeddable":true,"href":"https:\/\/haberulus.net\/index.php?rest_route=\/wp\/v2\/media\/122886"}],"wp:attachment":[{"href":"https:\/\/haberulus.net\/index.php?rest_route=%2Fwp%2Fv2%2Fmedia&parent=122885"}],"wp:term":[{"taxonomy":"category","embeddable":true,"href":"https:\/\/haberulus.net\/index.php?rest_route=%2Fwp%2Fv2%2Fcategories&post=122885"},{"taxonomy":"post_tag","embeddable":true,"href":"https:\/\/haberulus.net\/index.php?rest_route=%2Fwp%2Fv2%2Ftags&post=122885"}],"curies":[{"name":"wp","href":"https:\/\/api.w.org\/{rel}","templated":true}]}}