{"id":122898,"date":"2023-09-02T12:21:04","date_gmt":"2023-09-02T12:21:04","guid":{"rendered":"https:\/\/haberulus.net\/?p=122898"},"modified":"2023-09-02T12:21:04","modified_gmt":"2023-09-02T12:21:04","slug":"kongre-binasi-baskinina-katilan-2-kisiye-hapis-cezasi","status":"publish","type":"post","link":"https:\/\/haberulus.net\/?p=122898","title":{"rendered":"Kongre binas\u0131 bask\u0131n\u0131na kat\u0131lan 2 ki\u015fiye hapis cezas\u0131"},"content":{"rendered":"<p>BBC\u2019nin haberine g\u00f6re, 46 ya\u015f\u0131ndaki Pezzola, polise sald\u0131r\u0131 ve mukavemetten 10 y\u0131l hapis cezas\u0131na \u00e7arpt\u0131r\u0131ld\u0131. \u201cProud Boys\u201d grubunu Kongre binas\u0131na y\u00f6nlendiren 32 ya\u015f\u0131ndaki Ethan Nordean ise devlete komplo kurmaktan 18 y\u0131l hapis cezas\u0131 ald\u0131.<\/p>\n<p>Nordean, mahkemede cezas\u0131 verilmeden \u00f6nce, \u201cDirekt veya dolayl\u0131 olarak kime yanl\u0131\u015f yapt\u0131ysam \u00f6z\u00fcr dilerim\u201d ifadesini kulland\u0131. Ayr\u0131ca, gelecek hafta hakim kar\u015f\u0131s\u0131na \u00e7\u0131kmas\u0131 beklenen grubun bir di\u011fer lideri Enrique Tarrio i\u00e7in 33 y\u0131l hapis cezas\u0131 isteniyor.<\/p>\n<p>Bask\u0131na kat\u0131lan ABD ordusu gazileri Joe Biggs ve Zachary Rehl, 31 A\u011fustos\u2019ta s\u0131ras\u0131yla 17 ve 15 y\u0131l hapis cezas\u0131na \u00e7arpt\u0131r\u0131lm\u0131\u015ft\u0131.<\/p>\n<p><img decoding=\"async\" src=\"https:\/\/i01.sozcucdn.com\/wp-content\/uploads\/2023\/09\/02\/kongre-reuters4.jpg\" alt=\"\" title=\"\"><\/p>\n<p>Beyaz Saray \u00f6n\u00fcndeki mitingden sonra ABD Kongresi\u2019ne y\u00fcr\u00fcyen binlerce g\u00f6sterici, Kongre binas\u0131n\u0131n \u00f6n\u00fcndeki barikatlar\u0131 a\u015farak binaya girmeye \u00e7al\u0131\u015fm\u0131\u015ft\u0131. Polisle ya\u015fanan \u00e7at\u0131\u015fmalardan k\u0131sa s\u00fcre sonra baz\u0131 g\u00f6stericiler Senatoya girmi\u015fti.<\/p>\n<p>Kongredeki Ba\u015fkanl\u0131k Se\u00e7imi Se\u00e7iciler Kurulu oylamas\u0131n\u0131n onay oturumuna ara verilmi\u015f, oturuma ba\u015fkanl\u0131k eden Ba\u015fkan Yard\u0131mc\u0131s\u0131 Mike Pence ve Kongre \u00fcyeleri binadan \u00e7\u0131kar\u0131lm\u0131\u015ft\u0131.<br \/>ABD Ba\u015fkan\u0131 Donald Trump ise Twitter hesab\u0131ndan Kongre binas\u0131 \u00f6n\u00fcnde g\u00f6steri d\u00fczenleyen destek\u00e7ilerine \u201citidal\u201d \u00e7a\u011fr\u0131s\u0131nda bulunmu\u015ftu.<\/p>\n<p><img decoding=\"async\" src=\"https:\/\/i01.sozcucdn.com\/wp-content\/uploads\/2023\/09\/02\/kongre-reuters-1.jpg\" alt=\"\" title=\"\"><\/p>\n<p>Ba\u015fkent Washington\u2019da \u015fiddet olaylar\u0131 nedeniyle 12 saatlik \u201csoka\u011fa \u00e7\u0131kma\u201d yasa\u011f\u0131 ilan edilmi\u015fti.<\/p>\n<p>ABD ba\u015fkan\u0131 se\u00e7ilen Joe Biden ise ABD demokrasisi ve hukukun \u00fcst\u00fcnl\u00fc\u011f\u00fcne y\u00f6nelik sald\u0131r\u0131lara son verilmesi \u00e7a\u011fr\u0131s\u0131 yapm\u0131\u015ft\u0131. Biden, \u201cBa\u015fkan Trump\u2019\u0131 TV\u2019ye \u00e7\u0131karak etti\u011fi yemini yerine getirmeye, Anayasa\u2019y\u0131 savunmaya ve bu ku\u015fatmaya son verilmesini talep etmeye \u00e7a\u011f\u0131r\u0131yorum\u201d demi\u015fti.<\/p>\n<p><img decoding=\"async\" src=\"https:\/\/i01.sozcucdn.com\/wp-content\/uploads\/2023\/09\/02\/kongre-reuters5.jpg\" alt=\"\" title=\"\"><\/p>\n<p>Trump\u2019\u0131n g\u00f6stericilerden evlerine gitmesini istemesi \u00fczerine kalabal\u0131k da\u011f\u0131lmaya ba\u015flam\u0131\u015f, ABD Kongresinin g\u00fcvenli\u011finden sorumlu polis, yakla\u015f\u0131k 4 saat sonra binan\u0131n g\u00fcvenli\u011finin sa\u011fland\u0131\u011f\u0131n\u0131 a\u00e7\u0131klam\u0131\u015ft\u0131.<\/p>\n<p>ABD Kongresinin bas\u0131lmas\u0131 s\u0131ras\u0131ndaki olaylarda 4 ki\u015fi hayat\u0131n\u0131 kaybetmi\u015fti. (AA)<\/p>\n","protected":false},"excerpt":{"rendered":"<p>ABD&#8217;de 6 Ocak 2021&#8217;de Kongre binas\u0131na yap\u0131lan bask\u0131na kat\u0131lan &#8220;Proud Boys&#8221; isimli a\u015f\u0131r\u0131 sa\u011fc\u0131 grubun \u00fcyelerinden Ethan Nordean 18 y\u0131l, Dominic Pezzola ise 10 y\u0131l hapisle cezaland\u0131r\u0131ld\u0131.<\/p>\n","protected":false},"author":1,"featured_media":122899,"comment_status":"closed","ping_status":"open","sticky":false,"template":"","format":"standard","meta":{"footnotes":""},"categories":[24],"tags":[11,443,3434],"class_list":["post-122898","post","type-post","status-publish","format-standard","has-post-thumbnail","hentry","category-dunya","tag-abd","tag-baskan","tag-kongre"],"_links":{"self":[{"href":"https:\/\/haberulus.net\/index.php?rest_route=\/wp\/v2\/posts\/122898","targetHints":{"allow":["GET"]}}],"collection":[{"href":"https:\/\/haberulus.net\/index.php?rest_route=\/wp\/v2\/posts"}],"about":[{"href":"https:\/\/haberulus.net\/index.php?rest_route=\/wp\/v2\/types\/post"}],"author":[{"embeddable":true,"href":"https:\/\/haberulus.net\/index.php?rest_route=\/wp\/v2\/users\/1"}],"replies":[{"embeddable":true,"href":"https:\/\/haberulus.net\/index.php?rest_route=%2Fwp%2Fv2%2Fcomments&post=122898"}],"version-history":[{"count":1,"href":"https:\/\/haberulus.net\/index.php?rest_route=\/wp\/v2\/posts\/122898\/revisions"}],"predecessor-version":[{"id":122900,"href":"https:\/\/haberulus.net\/index.php?rest_route=\/wp\/v2\/posts\/122898\/revisions\/122900"}],"wp:featuredmedia":[{"embeddable":true,"href":"https:\/\/haberulus.net\/index.php?rest_route=\/wp\/v2\/media\/122899"}],"wp:attachment":[{"href":"https:\/\/haberulus.net\/index.php?rest_route=%2Fwp%2Fv2%2Fmedia&parent=122898"}],"wp:term":[{"taxonomy":"category","embeddable":true,"href":"https:\/\/haberulus.net\/index.php?rest_route=%2Fwp%2Fv2%2Fcategories&post=122898"},{"taxonomy":"post_tag","embeddable":true,"href":"https:\/\/haberulus.net\/index.php?rest_route=%2Fwp%2Fv2%2Ftags&post=122898"}],"curies":[{"name":"wp","href":"https:\/\/api.w.org\/{rel}","templated":true}]}}