{"id":122910,"date":"2023-09-02T12:51:02","date_gmt":"2023-09-02T12:51:02","guid":{"rendered":"https:\/\/haberulus.net\/?p=122910"},"modified":"2023-09-02T12:51:02","modified_gmt":"2023-09-02T12:51:02","slug":"britney-spearsin-paylasimi-olay-oldu-yilan-dovmesi-yaptirip-ciplak-ata-bindi","status":"publish","type":"post","link":"https:\/\/haberulus.net\/?p=122910","title":{"rendered":"Britney Spears\u2019\u0131n payla\u015f\u0131m\u0131 olay oldu\u2026 Y\u0131lan d\u00f6vmesi yapt\u0131r\u0131p \u00e7\u0131plak ata bindi"},"content":{"rendered":"<p>Son y\u0131llarda ailesiyle girdi\u011fi vasilik davas\u0131 ve ard\u0131ndan yapt\u0131\u011f\u0131 g\u00f6steri\u015fli d\u00fc\u011f\u00fcnle dikkat \u00e7eken \u00fcnl\u00fc y\u0131ld\u0131z Britney Spears, sosyal medya payla\u015f\u0131mlar\u0131yla da s\u0131k s\u0131k g\u00fcndeme geliyor.<\/p>\n<p>Bu defa da Spears, Sam Asghari ile ya\u015fad\u0131\u011f\u0131 ayr\u0131l\u0131k s\u0131ras\u0131nda yapt\u0131rd\u0131\u011f\u0131 d\u00f6vmesi ve ata binerken tercih etti\u011fi k\u0131yafetlerle olay oldu.<\/p>\n<p>Britney Spears \u00e7\u00f6lde ata binmeye gitti ve yaz s\u0131ca\u011f\u0131n\u0131 o kadar bunalt\u0131c\u0131 buldu ki \u00fcst\u00fcn\u00fc y\u0131rtt\u0131. \u00dcnl\u00fc y\u0131ld\u0131z, \u00fcsts\u00fcz bir \u015fekilde ata binerken \u00e7ekilen videosunu sosyal medya hesab\u0131nda payla\u015fmay\u0131 ihmal etmedi.<\/p>\n<p><img decoding=\"async\" src=\"https:\/\/i01.sozcucdn.com\/wp-content\/uploads\/2023\/09\/02\/spears4.jpg\" alt=\"\" title=\"\"><\/p>\n<p>41 ya\u015f\u0131ndaki y\u0131ld\u0131z, ayr\u0131ca yapt\u0131rd\u0131\u011f\u0131 y\u0131lan d\u00f6vmesini de g\u00f6stermi\u015f oldu.<\/p>\n<p><img decoding=\"async\" src=\"https:\/\/i01.sozcucdn.com\/wp-content\/uploads\/2023\/09\/02\/spears2.jpg\" alt=\"\" title=\"\"><\/p>\n<p>Spears, ata bindi\u011fini g\u00f6steren payla\u015f\u0131mlardan sadece birka\u00e7 saat \u00f6nce y\u0131lan d\u00f6vmesini hayranlar\u0131na sergilemi\u015fti.<\/p>\n<p><img decoding=\"async\" src=\"https:\/\/i01.sozcucdn.com\/wp-content\/uploads\/2023\/09\/02\/sars1.jpg\" alt=\"\" title=\"\"><\/p>\n<p>Spears\u2019\u0131n payla\u015f\u0131mlar\u0131n\u0131n, Sam Asghari\u2019nin 16 A\u011fustos\u2019ta \u00fcnl\u00fc y\u0131ld\u0131za bo\u015fanma davas\u0131 a\u00e7mas\u0131ndan ve art\u0131k Spears\u2019\u0131 takip etmeyi b\u0131rakmas\u0131ndan sonra gelmesi dikkat \u00e7ekti.<\/p>\n<p><img decoding=\"async\" src=\"https:\/\/i01.sozcucdn.com\/wp-content\/uploads\/2023\/09\/02\/spears3.jpg\" alt=\"\" title=\"\"><\/p>\n<p>Ge\u00e7ti\u011fimiz g\u00fcnlerde Spears\u2019\u0131n, Asghari\u2019nin g\u00f6r\u00fc\u015fmedi\u011fi babas\u0131 Jamie ile gizlice \u00e7al\u0131\u015ft\u0131\u011f\u0131na inand\u0131\u011f\u0131 ve ona 13 y\u0131ll\u0131k vasilik g\u00f6revine ba\u011fl\u0131 kalmas\u0131na yard\u0131mc\u0131 olacak bilgiler sa\u011flad\u0131\u011f\u0131 iddia edilmi\u015fti. Pop y\u0131ld\u0131z\u0131na yak\u0131n bir kaynak, Spears\u2019\u0131n resmi olarak ayr\u0131lmadan \u00e7ok \u00f6nce ili\u015fki hakk\u0131nda ciddi \u015f\u00fcpheler duymaya ba\u015flad\u0131\u011f\u0131n\u0131 iddia etti.<\/p>\n<p><img decoding=\"async\" src=\"https:\/\/i01.sozcucdn.com\/wp-content\/uploads\/2023\/09\/02\/spears_asghari1.jpg\" alt=\"\" title=\"\"><\/p>\n<p>Spears ailesinden birinin s\u00f6yledi\u011fine g\u00f6re Britney, babas\u0131n\u0131n kendisi \u00fczerindeki uzun velayet d\u00f6nemi sona ermeden be\u015f y\u0131l \u00f6nce \u00e7\u0131kmaya ba\u015flad\u0131\u011f\u0131 akt\u00f6r Sam Asghari\u2019nin, Jamie Spears\u2019a hayat\u0131yla ilgili ki\u015fisel ayr\u0131nt\u0131lar vermek i\u00e7in birlikte \u00e7al\u0131\u015ft\u0131\u011f\u0131ndan \u015f\u00fcphelenmeye ba\u015flam\u0131\u015ft\u0131.<\/p>\n","protected":false},"excerpt":{"rendered":"<p>G\u00f6steri d\u00fcnyas\u0131n\u0131n sansasyonel isimlerinden biri olan Britney Spears, bu defa yapt\u0131rd\u0131\u011f\u0131 yeni d\u00f6vmesi ve \u00e7\u0131plak bir \u015fekilde ata bini\u015fiyle g\u00fcndem oldu.<\/p>\n","protected":false},"author":1,"featured_media":122911,"comment_status":"closed","ping_status":"open","sticky":false,"template":"","format":"standard","meta":{"footnotes":""},"categories":[29],"tags":[3922,1156],"class_list":["post-122910","post","type-post","status-publish","format-standard","has-post-thumbnail","hentry","category-magazin","tag-spears","tag-yildiz"],"_links":{"self":[{"href":"https:\/\/haberulus.net\/index.php?rest_route=\/wp\/v2\/posts\/122910","targetHints":{"allow":["GET"]}}],"collection":[{"href":"https:\/\/haberulus.net\/index.php?rest_route=\/wp\/v2\/posts"}],"about":[{"href":"https:\/\/haberulus.net\/index.php?rest_route=\/wp\/v2\/types\/post"}],"author":[{"embeddable":true,"href":"https:\/\/haberulus.net\/index.php?rest_route=\/wp\/v2\/users\/1"}],"replies":[{"embeddable":true,"href":"https:\/\/haberulus.net\/index.php?rest_route=%2Fwp%2Fv2%2Fcomments&post=122910"}],"version-history":[{"count":1,"href":"https:\/\/haberulus.net\/index.php?rest_route=\/wp\/v2\/posts\/122910\/revisions"}],"predecessor-version":[{"id":122912,"href":"https:\/\/haberulus.net\/index.php?rest_route=\/wp\/v2\/posts\/122910\/revisions\/122912"}],"wp:featuredmedia":[{"embeddable":true,"href":"https:\/\/haberulus.net\/index.php?rest_route=\/wp\/v2\/media\/122911"}],"wp:attachment":[{"href":"https:\/\/haberulus.net\/index.php?rest_route=%2Fwp%2Fv2%2Fmedia&parent=122910"}],"wp:term":[{"taxonomy":"category","embeddable":true,"href":"https:\/\/haberulus.net\/index.php?rest_route=%2Fwp%2Fv2%2Fcategories&post=122910"},{"taxonomy":"post_tag","embeddable":true,"href":"https:\/\/haberulus.net\/index.php?rest_route=%2Fwp%2Fv2%2Ftags&post=122910"}],"curies":[{"name":"wp","href":"https:\/\/api.w.org\/{rel}","templated":true}]}}