{"id":122916,"date":"2023-09-02T13:05:13","date_gmt":"2023-09-02T13:05:13","guid":{"rendered":"https:\/\/haberulus.net\/?p=122916"},"modified":"2023-09-02T13:05:13","modified_gmt":"2023-09-02T13:05:13","slug":"yuksel-yildirim-samsunsporun-basarisi-icin-her-seyi-yapiyoruz-camiamiz-destek-olsun","status":"publish","type":"post","link":"https:\/\/haberulus.net\/?p=122916","title":{"rendered":"Y\u00fcksel Y\u0131ld\u0131r\u0131m: Samsunspor\u2019un ba\u015far\u0131s\u0131 i\u00e7in her \u015feyi yap\u0131yoruz, camiam\u0131z destek olsun"},"content":{"rendered":"<p>Trendyol S\u00fcper Lig ekiplerinden Y\u0131lport Samsunspor\u2019un kul\u00fcp ba\u015fkan\u0131 Y\u00fcksel Y\u0131ld\u0131r\u0131m, tak\u0131m i\u00e7in her \u015feyi yapt\u0131\u011f\u0131n\u0131 s\u00f6yleyip camiadan destek istedi.<\/p>\n<p>Y\u0131ld\u0131r\u0131m yapt\u0131\u011f\u0131 yaz\u0131l\u0131 a\u00e7\u0131klamada, Frans\u0131z Toulouse Kul\u00fcb\u00fc bir anla\u015fma imzalad\u0131klar\u0131n\u0131 hat\u0131rlatt\u0131.<\/p>\n<p>Fransa\u2019da 2. Lig\u2019de m\u00fccadele eden Dunkerque FC tak\u0131m\u0131n\u0131 sat\u0131n ald\u0131\u011f\u0131n\u0131 dile getiren Y\u0131ld\u0131r\u0131m, \u201cBu tak\u0131m\u0131 da sat\u0131n ald\u0131ktan sonra Toulouse Kul\u00fcb\u00fc anla\u015fmalar\u0131 ger\u00e7ekle\u015ftirdik. Bu projede a\u011f\u0131rl\u0131kl\u0131 olarak akademiye y\u00f6nelik \u00e7al\u0131\u015fmalar yap\u0131lacak. Oyuncu yeti\u015ftirme, geli\u015ftirme, idman metodlar\u0131 gibi programlar olacak. Her sene \u00e7ok yetenekli bir oyuncumuzu Fransa\u2019ya g\u00f6ndermek ve orada e\u011fitimlerini ald\u0131rmak hedefimiz. A tak\u0131mda ise yapay zeka ve geli\u015ftirilmi\u015f datalar\u0131 kullanma imkanlar\u0131 sa\u011flanacak. Oyuncular\u0131n \u00f6zelliklerine daha detayl\u0131 bakabilme imkan\u0131m\u0131z olacak.\u201d dedi.<\/p>\n<p><b>\u201cB\u0130Z DE G.SARAY, F.BAH\u00c7E, BE\u015e\u0130KTA\u015e\u2019I FARKLI YENMEY\u0130\u201d<\/b><\/p>\n<p>Y\u0131ld\u0131r\u0131m, altyap\u0131ya b\u00fcy\u00fck \u00f6nem verdiklerine i\u015faret ederek, \u201c10 milyon avronun \u00fczerinde altyap\u0131ya yat\u0131r\u0131m yapt\u0131k. S\u00fcper bir altyap\u0131 tesisi olu\u015fturduk, Avrupa standartlar\u0131 ayar\u0131nda m\u00fckemmel bir tesis gen\u00e7lerimizin imkan\u0131na sunuldu. Bir\u00e7ok Avrupa kul\u00fcplerini bu anlamda geride b\u0131rakt\u0131k. Samsunspor zor zamanlar ya\u015farken ben \u2018Atat\u00fcrkl\u00fc Armam\u0131za\u2019 sahip \u00e7\u0131kt\u0131m ve S\u00fcper Lig&#8217;e yeniden y\u00fckselmesini sa\u011flad\u0131m. Ke\u015fke di\u011fer k\u00f6kl\u00fc camialar da k\u00f6t\u00fc durumlar ya\u015famasa ve kapanma tehlikesi ile kar\u015f\u0131 kar\u015f\u0131ya kalmasa. Biz de \u00e7ok isteriz, Galatasaray, Fenerbah\u00e7e ve Be\u015fikta\u015f\u2019\u0131 farkl\u0131 skorlarla yenmeyi ama bunlar zamanla olacak durumlar.\u201d ifadesini kulland\u0131.<\/p>\n<p><b>\u201c\u0130NSANLAR ANLAMSIZ \u015eEK\u0130LDE TEPK\u0130 G\u00d6STER\u0130YORLAR\u201d<\/b><\/p>\n<p>Samsunspor\u2019un kendisinin \u00e7ocukluk tak\u0131m\u0131 oldu\u011funu aktaran Y\u0131ld\u0131r\u0131m, \u015f\u00f6yle devam etti.<\/p>\n<p>\u201cBu tak\u0131m i\u00e7in her \u015feyi yap\u0131yorum. Herkesten daha \u00e7ok ba\u015far\u0131l\u0131 olmak istiyorum. Ama bunlar hemen olacak \u015feyler de\u011fil. Biraz zamana ve sab\u0131ra ihtiyac\u0131m\u0131z var. Samsunspor yenilince kahroluyorum sabaha kadar uyuyam\u0131yorum, enerjim gidiyor. G\u00fcn\u00fcn sonunda insanlar anlams\u0131z bir \u015fekilde bana tepki g\u00f6steriyor. Ortak noktam\u0131z Samsunspor\u2019un ba\u015far\u0131s\u0131 ve ben bunun i\u00e7in buraday\u0131m. Hocam\u0131z 10 oyuncu istemi\u015fti ben de 11 oyuncu olsun dedim. Kul\u00fcbede alternatif imkanlar\u0131 olsun diye bunu yapt\u0131k. Benim ve hocam\u0131z\u0131n bu ligde ilk sezonu. Do\u011fal olarak hata yapma durumumuz olabilir.\u201d<\/p>\n<p><b>\u201cCAM\u0130AMIZ BANA DESTEK OLSUN\u201d<\/b><\/p>\n<p>Tak\u0131m\u0131n eksik b\u00f6lgelerine transfer yapmaya devam ettiklerini belirten Y\u0131ld\u0131r\u0131m, \u015funlar\u0131 kaydetti:<\/p>\n<p>\u201cGe\u00e7en hafta 6 transfer yapaca\u011f\u0131z demi\u015ftik, 3&#8217;\u00fcn\u00fc tamamlad\u0131k. \u015eimdide 6-8 pozisyonlar\u0131 ile kanat b\u00f6lgesine oyuncu takviyesi yap\u0131p transferi kapataca\u011f\u0131z. Transfer sezonu bu sezon zor ge\u00e7iyor, herkes bu durumdan \u015fikayet\u00e7i. Harcama limitlerimiz belli, TFF bunun \u00fcst\u00fcne \u00e7\u0131kt\u0131\u011f\u0131n\u0131zda oyuncunun lisans\u0131n\u0131 \u00e7\u0131karm\u0131yor ve \u00e7e\u015fitli yapt\u0131r\u0131mlar uyguluyor. Ben Samsunspor&#8217;un bu sezon ilk 10 i\u00e7erisine girmesi i\u00e7in elimden geleni yap\u0131yorum. L\u00fctfen camiam\u0131z bana destek olsun, her \u015feyin \u00fcstesinden beraber gelece\u011fiz.\u201d (AA)<\/p>\n","protected":false},"excerpt":{"rendered":"<p>Y\u0131lport Samsunspor Ba\u015fkan\u0131 Y\u00fcksel Y\u0131ld\u0131r\u0131m, Frans\u0131z Toulouse ve Dunkerque FC ile yap\u0131lan anla\u015fmalar\u0131, altyap\u0131 yat\u0131r\u0131mlar\u0131n\u0131 ve transfer hedeflerini a\u00e7\u0131klad\u0131. Samsunspor&#8217;a olan ba\u011fl\u0131l\u0131\u011f\u0131n\u0131 vurgulayan Y\u0131ld\u0131r\u0131m, taraftardan destek istedi.<\/p>\n","protected":false},"author":1,"featured_media":122917,"comment_status":"closed","ping_status":"open","sticky":false,"template":"","format":"standard","meta":{"footnotes":""},"categories":[31],"tags":[197,1899,192,321],"class_list":["post-122916","post","type-post","status-publish","format-standard","has-post-thumbnail","hentry","category-spor","tag-oyuncu","tag-samsunspor","tag-takim","tag-yildirim"],"_links":{"self":[{"href":"https:\/\/haberulus.net\/index.php?rest_route=\/wp\/v2\/posts\/122916","targetHints":{"allow":["GET"]}}],"collection":[{"href":"https:\/\/haberulus.net\/index.php?rest_route=\/wp\/v2\/posts"}],"about":[{"href":"https:\/\/haberulus.net\/index.php?rest_route=\/wp\/v2\/types\/post"}],"author":[{"embeddable":true,"href":"https:\/\/haberulus.net\/index.php?rest_route=\/wp\/v2\/users\/1"}],"replies":[{"embeddable":true,"href":"https:\/\/haberulus.net\/index.php?rest_route=%2Fwp%2Fv2%2Fcomments&post=122916"}],"version-history":[{"count":1,"href":"https:\/\/haberulus.net\/index.php?rest_route=\/wp\/v2\/posts\/122916\/revisions"}],"predecessor-version":[{"id":122918,"href":"https:\/\/haberulus.net\/index.php?rest_route=\/wp\/v2\/posts\/122916\/revisions\/122918"}],"wp:featuredmedia":[{"embeddable":true,"href":"https:\/\/haberulus.net\/index.php?rest_route=\/wp\/v2\/media\/122917"}],"wp:attachment":[{"href":"https:\/\/haberulus.net\/index.php?rest_route=%2Fwp%2Fv2%2Fmedia&parent=122916"}],"wp:term":[{"taxonomy":"category","embeddable":true,"href":"https:\/\/haberulus.net\/index.php?rest_route=%2Fwp%2Fv2%2Fcategories&post=122916"},{"taxonomy":"post_tag","embeddable":true,"href":"https:\/\/haberulus.net\/index.php?rest_route=%2Fwp%2Fv2%2Ftags&post=122916"}],"curies":[{"name":"wp","href":"https:\/\/api.w.org\/{rel}","templated":true}]}}