{"id":122943,"date":"2023-09-02T14:05:03","date_gmt":"2023-09-02T14:05:03","guid":{"rendered":"https:\/\/haberulus.net\/?p=122943"},"modified":"2023-09-02T14:05:03","modified_gmt":"2023-09-02T14:05:03","slug":"yargitaydan-milyonlarca-calisani-ilgilendiren-emsal-karar-grev-bildirilen-tarihte-yapilmazsa-duser","status":"publish","type":"post","link":"https:\/\/haberulus.net\/?p=122943","title":{"rendered":"Yarg\u0131tay&#8217;dan milyonlarca \u00e7al\u0131\u015fan\u0131 ilgilendiren emsal karar: Grev bildirilen tarihte yap\u0131lmazsa d\u00fc\u015fer"},"content":{"rendered":"<p> <strong>Yarg\u0131tay<\/strong>, patron ve i\u015f\u00e7i anla\u015fmazl\u0131klar\u0131 sonras\u0131 al\u0131nan grev karar\u0131na ili\u015fkin \u00f6nemli bir karar verdi. Grevin bildirilen tarihte yap\u0131lmamas\u0131 durumunda grev hakk\u0131n\u0131n d\u00fc\u015fece\u011fine h\u00fckmeden y\u00fcksek mahkeme, emsal bir karara imza att\u0131. <\/p>\n<p>Fabrikas\u0131nda grev karar\u0131 al\u0131nan i\u015f adam\u0131 grev karar\u0131 sebebiyle sendikay\u0131 mahkemeye \u015fikayet etti. Daval\u0131 sendikan\u0131n alm\u0131\u015f oldu\u011fu grev karar\u0131n\u0131n durdurulmas\u0131na ve daval\u0131 sendikan\u0131n yetki belgesinin ge\u00e7ersizli\u011fine karar verilmesini talep etti. Daval\u0131 sendika y\u00f6netimi ise sendikan\u0131n toplu i\u015f s\u00f6zle\u015fmesi yapma yetkisi netle\u015fti\u011finden itibaren yetkinin d\u00fc\u015fmesi i\u00e7in bu a\u015famay\u0131 planlad\u0131\u011f\u0131n\u0131, i\u015fverenin d\u00fcr\u00fcstl\u00fck kural\u0131na ayk\u0131r\u0131 hareketinin mahkeme karar\u0131yla bir yapt\u0131r\u0131ma tabi tutulmas\u0131 gerekti\u011fini belirterek davan\u0131n reddini istedi.<\/p>\n<p><b>SON S\u00d6Z\u00dc YARGITAY S\u00d6YLED\u0130 <\/b><\/p>\n<p>Mahkeme, sendika \u00fcyelerinin d\u00f6rtte \u00fc\u00e7\u00fcn\u00fc kaybetmi\u015f olmas\u0131 sebebiyle grev karar\u0131 uygulanmad\u0131\u011f\u0131ndan durdurulma talebinin konusuz kald\u0131\u011f\u0131n\u0131n ve daval\u0131 sendikan\u0131n yetki belgesinin ge\u00e7ersizli\u011finin tespitine karar verdi. Daval\u0131 sendika karar\u0131 istinafa g\u00f6t\u00fcrd\u00fc. B\u00f6lge Adliye Mahkemesi, itirazlar\u0131 reddetti. Sendika y\u00f6netimi bu kez karar\u0131 temyiz edince devreye Yarg\u0131tay 9. Hukuk Dairesi girdi.<\/p>\n<p><b>EMSAL KARAR <\/b><\/p>\n<p>Y\u00fcksek Mahkeme emsal nitelikte bir karara imza att\u0131. Kararda \u015fu ifadelere yer verildi:<\/p>\n<p>&#8220;Grev i\u015f\u00e7ilere \u00f6zg\u00fc ekonomik bir bask\u0131 arac\u0131d\u0131r. Mevcut \u00e7al\u0131\u015fma \u015fartlar\u0131n\u0131 be\u011fenmeyen ve bunlar\u0131 d\u00fczeltmeyi hedefleyen i\u015f\u00e7iler i\u015fverenin bu talepleri ret etmesi durumunda toplu halde i\u015fi b\u0131rakarak i\u015fvereni isteklerini kabule zorlarlar. Kanuni grev ise i\u015f\u00e7ilerin, Kanun&#8217;da belirlenen hedef i\u00e7inde ve yine Kanun&#8217;da \u00f6ng\u00f6r\u00fclen usul, yasak ve s\u00fcrelere uyarak topluca \u00e7al\u0131\u015fmamak suretiyle bir i\u015fyerinde faaliyeti durdurmak veya i\u015fin niteli\u011fine g\u00f6re \u00f6nemli \u00f6l\u00e7\u00fcde aksatmak amac\u0131yla, toplu i\u015f s\u00f6zle\u015fmesi ehliyet ve yetkisine sahip bir i\u015f\u00e7i sendikas\u0131n\u0131n topluca \u00e7al\u0131\u015fmalar\u0131 i\u00e7in verdi\u011fi karara uyarak i\u015fi b\u0131rakmal\u0131d\u0131r. Kanuni s\u00fcre i\u00e7inde grev karar\u0131n\u0131n al\u0131nmas\u0131, ancak bildirilen tarihte grevin ba\u015flamamas\u0131 durumunda 6356 say\u0131l\u0131 Kanun&#8217;un 60&#8217;\u0131nc\u0131 maddesinin d\u00f6rd\u00fcnc\u00fc f\u0131kras\u0131 uygulama alan\u0131 bulacakt\u0131r. <\/p>\n<p>S\u00f6z konusu h\u00fckm\u00fcn ilk c\u00fcmlesinde belirtildi\u011fi \u00fczere &#8216;Bildirilen tarihte ba\u015flamayan grev hakk\u0131 veya lokavt d\u00fc\u015fer&#8217; h\u00fckm\u00fcn ilk c\u00fcmlesinde sendikan\u0131n yetkisinin devam edip etmeyece\u011fi belirtilmemi\u015ftir. Ancak; ayn\u0131 f\u0131kran\u0131n devam\u0131nda &#8216;S\u00fcresi i\u00e7inde grev karar\u0131 uygulamaya konulmam\u0131\u015f ve al\u0131nm\u0131\u015f bir lokavt karar\u0131 da yoksa veya lokavt da s\u00fcresi i\u00e7inde uygulamaya konulmam\u0131\u015fsa&#8217; yetki belgesinin h\u00fckm\u00fc kalmayaca\u011f\u0131 belirtildi\u011finden, ayn\u0131 f\u0131krada d\u00fczenlenmesi itibar\u0131yla, bildirilen tarihte grevin ba\u015flamamas\u0131 durumunda da yetki belgesinin h\u00fckm\u00fcn\u00fcn kalmayaca\u011f\u0131n\u0131n kabul\u00fc gerekmektedir. Karar\u0131n bozulmas\u0131na oy birli\u011fi ile karar verilmi\u015ftir. B\u00f6lge Adliye Mahkemesi karar\u0131n\u0131n ortadan kald\u0131r\u0131lmas\u0131na h\u00fckmedilmi\u015ftir.&#8221;<\/p>\n<div>Kaynak: \u0130hlas Haber Ajans\u0131 \/  Politika <\/div>\n","protected":false},"excerpt":{"rendered":"<p>Yarg\u0131tay 9. Hukuk Dairesi, milyonlarca sendikal\u0131 i\u015f\u00e7iyi yak\u0131ndan ilgilendiren bir karara imza att\u0131. Y\u00fcksek Mahkeme, yasal s\u00fcresi i\u00e7erisinde grev karar\u0131 al\u0131nm\u0131\u015f olmas\u0131na ra\u011fmen grevin bildirilen tarihte yap\u0131lmamas\u0131 halinde grev hakk\u0131n\u0131n d\u00fc\u015fece\u011fine h\u00fckmetti.<\/p>\n","protected":false},"author":1,"featured_media":122944,"comment_status":"closed","ping_status":"open","sticky":false,"template":"","format":"standard","meta":{"footnotes":""},"categories":[28],"tags":[522,83,580,505,2396],"class_list":["post-122943","post","type-post","status-publish","format-standard","has-post-thumbnail","hentry","category-politika","tag-grev","tag-is","tag-karar","tag-mahkeme","tag-yetki"],"_links":{"self":[{"href":"https:\/\/haberulus.net\/index.php?rest_route=\/wp\/v2\/posts\/122943","targetHints":{"allow":["GET"]}}],"collection":[{"href":"https:\/\/haberulus.net\/index.php?rest_route=\/wp\/v2\/posts"}],"about":[{"href":"https:\/\/haberulus.net\/index.php?rest_route=\/wp\/v2\/types\/post"}],"author":[{"embeddable":true,"href":"https:\/\/haberulus.net\/index.php?rest_route=\/wp\/v2\/users\/1"}],"replies":[{"embeddable":true,"href":"https:\/\/haberulus.net\/index.php?rest_route=%2Fwp%2Fv2%2Fcomments&post=122943"}],"version-history":[{"count":1,"href":"https:\/\/haberulus.net\/index.php?rest_route=\/wp\/v2\/posts\/122943\/revisions"}],"predecessor-version":[{"id":122945,"href":"https:\/\/haberulus.net\/index.php?rest_route=\/wp\/v2\/posts\/122943\/revisions\/122945"}],"wp:featuredmedia":[{"embeddable":true,"href":"https:\/\/haberulus.net\/index.php?rest_route=\/wp\/v2\/media\/122944"}],"wp:attachment":[{"href":"https:\/\/haberulus.net\/index.php?rest_route=%2Fwp%2Fv2%2Fmedia&parent=122943"}],"wp:term":[{"taxonomy":"category","embeddable":true,"href":"https:\/\/haberulus.net\/index.php?rest_route=%2Fwp%2Fv2%2Fcategories&post=122943"},{"taxonomy":"post_tag","embeddable":true,"href":"https:\/\/haberulus.net\/index.php?rest_route=%2Fwp%2Fv2%2Ftags&post=122943"}],"curies":[{"name":"wp","href":"https:\/\/api.w.org\/{rel}","templated":true}]}}