{"id":122964,"date":"2023-09-02T15:05:02","date_gmt":"2023-09-02T15:05:02","guid":{"rendered":"https:\/\/haberulus.net\/?p=122964"},"modified":"2023-09-02T15:05:02","modified_gmt":"2023-09-02T15:05:02","slug":"suriyede-hukumet-karsiti-protestolar-yayiliyor-kalabaliklarin-agzinda-esad-istifa-sloganlari-var","status":"publish","type":"post","link":"https:\/\/haberulus.net\/?p=122964","title":{"rendered":"Suriye&#8217;de h\u00fck\u00fcmet kar\u015f\u0131t\u0131 protestolar yay\u0131l\u0131yor! Kalabal\u0131klar\u0131n a\u011fz\u0131nda &#8220;Esad istifa&#8221; sloganlar\u0131 var"},"content":{"rendered":"<p> <strong>Suriye<\/strong>&#8216;nin S\u00fcveyda kentinde ya\u015fayan D\u00fcrzilerin hayat pahal\u0131l\u0131\u011f\u0131 nedeniyle Esad rejimine kar\u015f\u0131 ba\u015flatt\u0131\u011f\u0131 g\u00f6steriler 2 haftad\u0131r devam ediyor. Protestocular Be\u015far Esad ve h\u00fck\u00fcmetine istifa \u00e7a\u011fr\u0131s\u0131 yaparken; g\u00f6steriler Haseke&#8217;nin Rasulayn il\u00e7esi, \u0130dlib&#8217;in Binni\u015f, Maratm\u0131srin, Termenin b\u00f6lgeleri ile Halep&#8217;in Daret \u0130zze, Mare, Azez, Afrin, Bab, Etarib ve Raco b\u00f6lgelerinin yan\u0131 s\u0131ra Akdeniz k\u0131y\u0131s\u0131ndaki Tartus&#8217;a da s\u0131\u00e7rad\u0131. D\u00fczenlenen g\u00f6sterilere binlerce ki\u015fi kat\u0131ld\u0131. \u00d6te yandan, Esad rejiminin kontrol\u00fcndeki ba\u015fkent \u015eam, Lazkiye ve di\u011fer kentlerde halk\u0131n y\u00f6netime kar\u015f\u0131 ele\u015ftirilerini daha sessiz bir \u015fekilde ifade etti\u011fi \u00f6\u011frenildi. Protestolara destek mesajlar\u0131n\u0131 ka\u011f\u0131tlara yazan halk, sokaklarda yaz\u0131lar\u0131n\u0131n foto\u011fraflar\u0131n\u0131 \u00e7ekerek sosyal medyada payla\u015ft\u0131. Yerel bas\u0131nda, son 2 haftad\u0131r ya\u015fanan g\u00f6sterilerin Arap Bahar\u0131 olaylar\u0131n\u0131 hat\u0131rlatt\u0131\u011f\u0131 ifade ediliyor.<\/p>\n<p><b>&#8220;YA\u015eASIN SUR\u0130YE, KAHROLSUN BE\u015eAR ESAD&#8221;<\/b><\/p>\n<p> <strong>Suriye<\/strong>&#8216;nin g\u00fcneyinde D\u00fcrzi halk\u0131n yo\u011fun olarak ya\u015fad\u0131\u011f\u0131 rejim <u>kontrol\u00fcndeki <\/u>S\u00fcveyda ilinde h\u00fck\u00fcmete kar\u015f\u0131 protestolar ikinci haftas\u0131na girdi. Y\u00fcksek enflasyonu ve ekonominin k\u00f6t\u00fc gidi\u015fat\u0131n\u0131 protesto eden halk, Be\u015far Esad ve h\u00fck\u00fcmetin istifas\u0131n\u0131 istedi. G\u00f6sterilerde &#8220;Ya\u015fas\u0131n  <strong>Suriye<\/strong>, kahrolsun Be\u015far Esad&#8221; sloganlar\u0131 at\u0131p, ana yollar\u0131 kapatan protestocular, Esad&#8217;\u0131n posterlerini yakt\u0131. \u00d6fkeli protestocular, iktidardaki Baas Partisi&#8217;nin ofislerine de bask\u0131n d\u00fczenleyerek, sprey boyayla duvarlara h\u00fck\u00fcmet aleyhinde sloganlar yazd\u0131.<\/p>\n<p><img decoding=\"async\" src=\"https:\/\/i.hbrcdn.com\/haber\/2023\/09\/02\/suriye-de-hukumet-karsiti-protestolar-yayiliyor-16288164_8977_m.jpg\" alt=\"\" title=\"\"><\/p>\n<p><b>S\u00dcVEYDA&#8217;DA FIRINLAR VE BANKALAR A\u00c7ILAMIYOR<\/b><\/p>\n<p>\u0130\u00e7 sava\u015f boyunca \u015eam rejiminin kontrol\u00fc alt\u0131nda kalan S\u00fcveyda&#8217;daki g\u00f6steriler giderek yay\u0131ld\u0131, h\u00fck\u00fcmet yanl\u0131s\u0131 medya g\u00f6sterilerin devlet kurumlar\u0131n\u0131n faaliyetlerine engel oldu\u011funu, f\u0131r\u0131nlar\u0131n ve bankalar\u0131n a\u00e7\u0131lamad\u0131\u011f\u0131n\u0131 yazd\u0131.<\/p>\n<p><img decoding=\"async\" src=\"https:\/\/i.hbrcdn.com\/haber\/2023\/09\/02\/suriye-de-hukumet-karsiti-protestolar-yayiliyor-16288164_1410_m.jpg\" alt=\"\" title=\"\"><\/p>\n<p><b>DERA&#8217;DA 57 K\u0130\u015e\u0130 G\u00d6ZALTINA ALINDI<\/b><\/p>\n<p>\u00dclkede Arap Bahar\u0131 protestolar\u0131n\u0131n ba\u015flad\u0131\u011f\u0131 Dera ilinde de halk, ekonomik krize kar\u015f\u0131 g\u00f6steriler d\u00fczenledi. \u0130ngiltere merkezli Suriye \u0130nsan Haklar\u0131 G\u00f6zlemevi taraf\u0131ndan yap\u0131lan a\u00e7\u0131klamada, Dera&#8217;daki g\u00f6sterilerde en az 57 ki\u015finin g\u00f6zalt\u0131na al\u0131nd\u0131\u011f\u0131 belirtildi. Yerel kaynaklara g\u00f6re Esad rejimi Dera&#8217;daki g\u00f6sterilerde orant\u0131s\u0131z g\u00fc\u00e7 kullanmad\u0131.<\/p>\n<p><img decoding=\"async\" src=\"https:\/\/i.hbrcdn.com\/haber\/2023\/09\/02\/suriye-de-hukumet-karsiti-protestolar-yayiliyor-16288164_7204_m.jpg\" alt=\"\" title=\"\"><\/p>\n<p><b>G\u00d6STER\u0130LER TARTUS&#8217;A DA YAYILDI<\/b><\/p>\n<p>Eyl\u00fcl&#8217;\u00fcn ba\u015f\u0131nda S\u00fcveyda ve Dera&#8217;ya Akdeniz k\u0131y\u0131s\u0131ndaki Tartus \u015fehri de eklendi. Hayat pahal\u0131l\u0131\u011f\u0131 ve zamlar\u0131 protesto eden kalabal\u0131klar &#8216;Suriye \u00e7iftlik biz ise koyun de\u011filiz&#8217; ve &#8216;Suriye bize ait, iktidardaki Baas Partisi&#8217;ne de\u011fil&#8217; yaz\u0131l\u0131 afi\u015fler ta\u015f\u0131d\u0131. <\/p>\n<p><b>BA\u015eKENT \u015eAM&#8217;DA ELE\u015eT\u0130R\u0130LER SOSYAL MEDYADAN YAPILIYOR<\/b><\/p>\n<p>\u00d6te yandan, Esad rejiminin kontrol\u00fcndeki ba\u015fkent \u015eam, Lazkiye ve di\u011fer kentlerde halk\u0131n y\u00f6netime kar\u015f\u0131 ele\u015ftirilerini daha sessiz bir \u015fekilde ifade etti\u011fi \u00f6\u011frenildi. Protestolara destek mesajlar\u0131n\u0131 ka\u011f\u0131tlara yazan halk, sokaklarda yaz\u0131lar\u0131n\u0131n foto\u011fraflar\u0131n\u0131 \u00e7ekerek sosyal medyada payla\u015ft\u0131.<\/p>\n<p><b>ARAP BAHARI OLAYLARINI HATIRLATIYOR<\/b><\/p>\n<p>Suriye&#8217;de ya\u015fayan D\u00fcrzi toplulu\u011fu, 2011&#8217;de Arap Bahar\u0131 protestolar\u0131 s\u0131ras\u0131nda rejime kar\u015f\u0131 muhalif bir tav\u0131r sergilememi\u015f, Esad yanl\u0131s\u0131 bir tav\u0131r alm\u0131\u015ft\u0131. Ancak yerel bas\u0131nda, son 2 haftad\u0131r ya\u015fanan g\u00f6sterilerin Arap Bahar\u0131 olaylar\u0131n\u0131 hat\u0131rlatt\u0131\u011f\u0131 ifade ediliyor.<\/p>\n","protected":false},"excerpt":{"rendered":"<p>Suriye&#8217;de D\u00fcrzilerin ya\u015fad\u0131\u011f\u0131 S\u00fcveyda kentinde ba\u015flayan Esad rejimine kar\u015f\u0131 g\u00f6steriler Akdeniz k\u0131y\u0131s\u0131ndaki Tartus&#8217;a kadar yay\u0131ld\u0131. Farkl\u0131 \u015fehirlerde soka\u011fa d\u00f6k\u00fclen kalabal\u0131klar y\u00fcksek enflasyonu ve ekonominin k\u00f6t\u00fc gidi\u015fat\u0131n\u0131 protesto ederek &#8220;Be\u015far Esad istifa&#8221; sloganlar\u0131 at\u0131yor. Pankartlardaki &#8220;Suriye \u00e7iftlik biz ise koyun de\u011filiz&#8221; yaz\u0131lar\u0131 dikkat \u00e7ekti.<\/p>\n","protected":false},"author":1,"featured_media":122965,"comment_status":"closed","ping_status":"open","sticky":false,"template":"","format":"standard","meta":{"footnotes":""},"categories":[28],"tags":[13970,404,8570,3252,44],"class_list":["post-122964","post","type-post","status-publish","format-standard","has-post-thumbnail","hentry","category-politika","tag-dera","tag-esad","tag-gosteriler","tag-rejim","tag-suriye"],"_links":{"self":[{"href":"https:\/\/haberulus.net\/index.php?rest_route=\/wp\/v2\/posts\/122964","targetHints":{"allow":["GET"]}}],"collection":[{"href":"https:\/\/haberulus.net\/index.php?rest_route=\/wp\/v2\/posts"}],"about":[{"href":"https:\/\/haberulus.net\/index.php?rest_route=\/wp\/v2\/types\/post"}],"author":[{"embeddable":true,"href":"https:\/\/haberulus.net\/index.php?rest_route=\/wp\/v2\/users\/1"}],"replies":[{"embeddable":true,"href":"https:\/\/haberulus.net\/index.php?rest_route=%2Fwp%2Fv2%2Fcomments&post=122964"}],"version-history":[{"count":1,"href":"https:\/\/haberulus.net\/index.php?rest_route=\/wp\/v2\/posts\/122964\/revisions"}],"predecessor-version":[{"id":122966,"href":"https:\/\/haberulus.net\/index.php?rest_route=\/wp\/v2\/posts\/122964\/revisions\/122966"}],"wp:featuredmedia":[{"embeddable":true,"href":"https:\/\/haberulus.net\/index.php?rest_route=\/wp\/v2\/media\/122965"}],"wp:attachment":[{"href":"https:\/\/haberulus.net\/index.php?rest_route=%2Fwp%2Fv2%2Fmedia&parent=122964"}],"wp:term":[{"taxonomy":"category","embeddable":true,"href":"https:\/\/haberulus.net\/index.php?rest_route=%2Fwp%2Fv2%2Fcategories&post=122964"},{"taxonomy":"post_tag","embeddable":true,"href":"https:\/\/haberulus.net\/index.php?rest_route=%2Fwp%2Fv2%2Ftags&post=122964"}],"curies":[{"name":"wp","href":"https:\/\/api.w.org\/{rel}","templated":true}]}}