{"id":122967,"date":"2023-09-02T15:05:03","date_gmt":"2023-09-02T15:05:03","guid":{"rendered":"https:\/\/haberulus.net\/?p=122967"},"modified":"2023-09-02T15:05:03","modified_gmt":"2023-09-02T15:05:03","slug":"sokaktaki-tartismada-yaralanan-cansu-donmezin-tedavisi-suruyor","status":"publish","type":"post","link":"https:\/\/haberulus.net\/?p=122967","title":{"rendered":"Sokaktaki tart\u0131\u015fmada yaralanan Cansu D\u00f6nmez\u2019in tedavisi s\u00fcr\u00fcyor"},"content":{"rendered":"<p>Manisa\u2019n\u0131n Akhisar il\u00e7esi Rag\u0131pbey Mahallesi 158\u2019inci Sokak\u2019ta d\u00fcn saat 21.30 s\u0131ralar\u0131nda, e\u015finden bir s\u00fcre \u00f6nce bo\u015fand\u0131\u011f\u0131 \u00f6\u011frenilen Meliha Uluda\u011f, Akhisar\u2019da birlikte ya\u015fad\u0131\u011f\u0131 k\u0131z\u0131 Cansu D\u00f6nmez ile yolda y\u00fcr\u00fcrken, yanlar\u0131na Veysel M\u0131zrak geldi.<\/p>\n<p>Burada taraflar aras\u0131nda hen\u00fcz belirlenemeyen nedenle tart\u0131\u015fma \u00e7\u0131kt\u0131. Tart\u0131\u015fma b\u00fcy\u00fcy\u00fcnce M\u0131zrak, belinden \u00e7\u0131kard\u0131\u011f\u0131 tabancas\u0131n\u0131 anne-k\u0131za do\u011frultup pe\u015f pe\u015fe ate\u015fledi.<\/p>\n<p>Meliha Uluda\u011f ve k\u0131z\u0131, ba\u015f ve v\u00fccutlar\u0131na isabet eden mermilerle kanlar i\u00e7inde yere y\u0131\u011f\u0131l\u0131rken, M\u0131zrak, ayn\u0131 tabancay\u0131 kendi ba\u015f\u0131na dayay\u0131p teti\u011fi \u00e7ekerek intihar etti.<\/p>\n<p><img decoding=\"async\" src=\"https:\/\/i01.sozcucdn.com\/wp-content\/uploads\/2023\/09\/02\/33-manisa.jpg\" alt=\"\" title=\"\"><\/p>\n<p><strong>ANNE KURTARILAMADI<\/strong><\/p>\n<p>Silah sesine ko\u015fan \u00e7evredekiler yerdeki 3 ki\u015fiyi g\u00f6r\u00fcnce, durumu polis ve sa\u011fl\u0131k ekiplerine bildirdi. \u0130hbarla b\u00f6lgeye gelen sa\u011fl\u0131k g\u00f6revlileri, hayati fonksiyonlar\u0131n\u0131n devam etti\u011fini\u00a0belirledi\u011fi Meliha Uluda\u011f ile k\u0131z\u0131 Cansu D\u00f6nmez\u2019i ambulansla Akhisar Mustafa Kirazo\u011flu Devlet Hastanesi\u2019ne kald\u0131rd\u0131. Uluda\u011f, doktorlar\u0131n m\u00fcdahalesine ra\u011fmen hayat\u0131n\u0131 kaybetti. Cansu D\u00f6nmez\u2019in ise yo\u011fun bak\u0131mdaki tedavisinin ve hayati tehlikesinin s\u00fcrd\u00fc\u011f\u00fc belirtildi.<\/p>\n<p><strong>G\u00d6RDES\u2019TE YA\u015eIYORMU\u015e<\/strong><\/p>\n<p>E\u015finden bir s\u00fcre \u00f6nce bo\u015fand\u0131\u011f\u0131 belirtilen 2 \u00e7ocuk babas\u0131 Veysel M\u0131zrak\u2019\u0131n cesedi, polis ve savc\u0131n\u0131n olay yeri incelemelerinin ard\u0131ndan ayn\u0131 hastanenin morguna kald\u0131r\u0131ld\u0131. G\u00f6rdes il\u00e7esinde ya\u015fayan Veysel M\u0131zrak\u2019\u0131n, 45 AAD 665 plakal\u0131 otomobili de olay yerinin yak\u0131n\u0131nda bulundu. Polisin, olayla ilgili soru\u015fturmas\u0131 s\u00fcr\u00fcyor. (DHA)<\/p>\n","protected":false},"excerpt":{"rendered":"<p>Manisa&#8217;n\u0131n Akhisar il\u00e7esinde, sokakta \u00e7\u0131kan tart\u0131\u015fmada Veysel M\u0131zrak&#8217;\u0131n (47) tabancayla vurarak \u00f6ld\u00fcrd\u00fc\u011f\u00fc Meliha Uluda\u011f&#8217;\u0131n (45) olayda a\u011f\u0131r yaralanan k\u0131z\u0131 Cansu D\u00f6nmez&#8217;in (19) sa\u011fl\u0131k durumunun ciddiyetini korudu\u011fu bildirildi. Olay\u0131n ard\u0131ndan intihar eden M\u0131zrak&#8217;\u0131n G\u00f6rdes il\u00e7esinde ya\u015fad\u0131\u011f\u0131 ve \u00e7ift\u00e7ilik yapt\u0131\u011f\u0131 belirtildi.<\/p>\n","protected":false},"author":1,"featured_media":122968,"comment_status":"closed","ping_status":"open","sticky":false,"template":"","format":"standard","meta":{"footnotes":""},"categories":[26],"tags":[13971],"class_list":["post-122967","post","type-post","status-publish","format-standard","has-post-thumbnail","hentry","category-gundem","tag-mizrak"],"_links":{"self":[{"href":"https:\/\/haberulus.net\/index.php?rest_route=\/wp\/v2\/posts\/122967","targetHints":{"allow":["GET"]}}],"collection":[{"href":"https:\/\/haberulus.net\/index.php?rest_route=\/wp\/v2\/posts"}],"about":[{"href":"https:\/\/haberulus.net\/index.php?rest_route=\/wp\/v2\/types\/post"}],"author":[{"embeddable":true,"href":"https:\/\/haberulus.net\/index.php?rest_route=\/wp\/v2\/users\/1"}],"replies":[{"embeddable":true,"href":"https:\/\/haberulus.net\/index.php?rest_route=%2Fwp%2Fv2%2Fcomments&post=122967"}],"version-history":[{"count":1,"href":"https:\/\/haberulus.net\/index.php?rest_route=\/wp\/v2\/posts\/122967\/revisions"}],"predecessor-version":[{"id":122969,"href":"https:\/\/haberulus.net\/index.php?rest_route=\/wp\/v2\/posts\/122967\/revisions\/122969"}],"wp:featuredmedia":[{"embeddable":true,"href":"https:\/\/haberulus.net\/index.php?rest_route=\/wp\/v2\/media\/122968"}],"wp:attachment":[{"href":"https:\/\/haberulus.net\/index.php?rest_route=%2Fwp%2Fv2%2Fmedia&parent=122967"}],"wp:term":[{"taxonomy":"category","embeddable":true,"href":"https:\/\/haberulus.net\/index.php?rest_route=%2Fwp%2Fv2%2Fcategories&post=122967"},{"taxonomy":"post_tag","embeddable":true,"href":"https:\/\/haberulus.net\/index.php?rest_route=%2Fwp%2Fv2%2Ftags&post=122967"}],"curies":[{"name":"wp","href":"https:\/\/api.w.org\/{rel}","templated":true}]}}