{"id":123000,"date":"2023-09-02T17:05:02","date_gmt":"2023-09-02T17:05:02","guid":{"rendered":"https:\/\/haberulus.net\/?p=123000"},"modified":"2023-09-02T17:05:02","modified_gmt":"2023-09-02T17:05:02","slug":"market-calisanini-bicaklayarak-oldurmustu-o-saldirgan-tutuklandi","status":"publish","type":"post","link":"https:\/\/haberulus.net\/?p=123000","title":{"rendered":"Market \u00e7al\u0131\u015fan\u0131n\u0131 b\u0131\u00e7aklayarak \u00f6ld\u00fcrm\u00fc\u015ft\u00fc! O sald\u0131rgan tutukland\u0131"},"content":{"rendered":"<p>Cinayet, Beylikd\u00fcz\u00fc\u2019nde bulunan Kavakl\u0131 Mahallesi\u2019nde d\u00fcn saat 18.45\u2019te ger\u00e7ekle\u015fti.<\/p>\n<p>Alkoll\u00fc oldu\u011fu \u00f6ne s\u00fcr\u00fclen Yusuf Ceyhun T\u00fcrkgen\u00e7, al\u0131\u015fveri\u015f yapmak i\u00e7in bir markete girdi. Burada market \u00e7al\u0131\u015fanlar\u0131yla tart\u0131\u015fan T\u00fcrkgen\u00e7, bir \u00e7al\u0131\u015fan\u0131 \u201cSen bekle ben geliyorum\u201d diyerek tehdit etti.<\/p>\n<p>Bu s\u0131rada i\u015fyerini terk eden T\u00fcrkgen\u00e7, bir s\u00fcre sonra elinde b\u0131\u00e7akla yeniden markete geldi. T\u00fcrkgen\u00e7, tart\u0131\u015ft\u0131\u011f\u0131 \u00e7al\u0131\u015fan\u0131n \u00fczerine do\u011fru y\u00fcr\u00fcrken markette \u00e7al\u0131\u015fan Ayd\u0131n Karay isimli gen\u00e7, araya girmek istedi. T\u00fcrkgen\u00e7 bu sefer tart\u0131\u015ft\u0131\u011f\u0131 \u00e7al\u0131\u015fan\u0131 b\u0131rakt\u0131 ve Karay\u2019\u0131n \u00fcst\u00fcne gitti. Karay\u2019\u0131 karn\u0131ndan ve baca\u011f\u0131ndan b\u0131\u00e7aklad\u0131. Karay kanlar i\u00e7inde yerlere y\u0131\u011f\u0131l\u0131rken \u015f\u00fcpheli, ka\u00e7arak olay yerinden uzakla\u015ft\u0131.<\/p>\n<p>Ayd\u0131n Karay, ihbar \u00fczerine olay yerine gelen sa\u011fl\u0131k ekiplerince hastaneye kald\u0131r\u0131ld\u0131. Karay, yap\u0131lan t\u00fcm m\u00fcdahalelere ra\u011fmen kurtar\u0131lamayarak hayat\u0131n\u0131 kaybetti.<\/p>\n<div><img decoding=\"async\" src=\"https:\/\/i01.sozcucdn.com\/wp-content\/uploads\/2023\/09\/02\/aydin-karay.jpg\" alt=\"\" title=\"\"><\/p>\n<p>Ayd\u0131n Karay<\/p>\n<\/div>\n<p>Polis \u015f\u00fcphelinin yakalanmas\u0131 i\u00e7in \u00e7al\u0131\u015fma ba\u015flatt\u0131. Ekipler yapt\u0131klar\u0131 \u00e7al\u0131\u015fmalarda, \u015f\u00fcphelinin olaydan sonra ara\u00e7 de\u011fi\u015ftirdi\u011fini, bu ara\u00e7la \u00f6nce Anadolu Yakas\u0131\u2019na ge\u00e7ti\u011fini daha sonra yeniden Avrupa Yakas\u0131\u2019na d\u00f6nd\u00fc\u011f\u00fcn\u00fc belirledi. Bunun \u00fczerine arac\u0131n ge\u00e7ece\u011fi g\u00fczergahlarda beklemeye ba\u015flayan ekipler, T\u00fcrkgen\u00e7\u2019i Kavakl\u0131 Mahallesi Orhangazi Caddesi \u00fczerinde durdurdu. G\u00f6zalt\u0131na al\u0131nan T\u00fcrkgen\u00e7, i\u015flemleri i\u00e7in emniyete g\u00f6t\u00fcr\u00fcld\u00fc.<\/p>\n<p>Emniyetteki i\u015flemleri tamamlanan Yusuf Ceyhun T\u00fcrkgen\u00e7, \u00e7\u0131kar\u0131ld\u0131\u011f\u0131 mahkeme taraf\u0131ndan tutuklanarak cezaevine g\u00f6nderildi. (DHA)<\/p>\n","protected":false},"excerpt":{"rendered":"<p>\u0130stanbul Beylikd\u00fcz\u00fc\u2019nde ya\u015fanan tart\u0131\u015fma s\u0131ras\u0131nda market \u00e7al\u0131\u015fan\u0131 Ayd\u0131n Karay&#8217;\u0131 \u00f6ld\u00fcren Yusuf Ceyhun T\u00fcrkgen\u00e7 tutukland\u0131.<\/p>\n","protected":false},"author":1,"featured_media":123001,"comment_status":"closed","ping_status":"open","sticky":false,"template":"","format":"standard","meta":{"footnotes":""},"categories":[26],"tags":[624,13963],"class_list":["post-123000","post","type-post","status-publish","format-standard","has-post-thumbnail","hentry","category-gundem","tag-calisan","tag-karay"],"_links":{"self":[{"href":"https:\/\/haberulus.net\/index.php?rest_route=\/wp\/v2\/posts\/123000","targetHints":{"allow":["GET"]}}],"collection":[{"href":"https:\/\/haberulus.net\/index.php?rest_route=\/wp\/v2\/posts"}],"about":[{"href":"https:\/\/haberulus.net\/index.php?rest_route=\/wp\/v2\/types\/post"}],"author":[{"embeddable":true,"href":"https:\/\/haberulus.net\/index.php?rest_route=\/wp\/v2\/users\/1"}],"replies":[{"embeddable":true,"href":"https:\/\/haberulus.net\/index.php?rest_route=%2Fwp%2Fv2%2Fcomments&post=123000"}],"version-history":[{"count":1,"href":"https:\/\/haberulus.net\/index.php?rest_route=\/wp\/v2\/posts\/123000\/revisions"}],"predecessor-version":[{"id":123002,"href":"https:\/\/haberulus.net\/index.php?rest_route=\/wp\/v2\/posts\/123000\/revisions\/123002"}],"wp:featuredmedia":[{"embeddable":true,"href":"https:\/\/haberulus.net\/index.php?rest_route=\/wp\/v2\/media\/123001"}],"wp:attachment":[{"href":"https:\/\/haberulus.net\/index.php?rest_route=%2Fwp%2Fv2%2Fmedia&parent=123000"}],"wp:term":[{"taxonomy":"category","embeddable":true,"href":"https:\/\/haberulus.net\/index.php?rest_route=%2Fwp%2Fv2%2Fcategories&post=123000"},{"taxonomy":"post_tag","embeddable":true,"href":"https:\/\/haberulus.net\/index.php?rest_route=%2Fwp%2Fv2%2Ftags&post=123000"}],"curies":[{"name":"wp","href":"https:\/\/api.w.org\/{rel}","templated":true}]}}