{"id":123042,"date":"2023-09-02T19:05:03","date_gmt":"2023-09-02T19:05:03","guid":{"rendered":"https:\/\/haberulus.net\/?p=123042"},"modified":"2023-09-02T19:05:03","modified_gmt":"2023-09-02T19:05:03","slug":"akpli-baskanin-ogluna-silahli-saldiri","status":"publish","type":"post","link":"https:\/\/haberulus.net\/?p=123042","title":{"rendered":"AKP\u2019li ba\u015fkan\u0131n o\u011fluna silahl\u0131 sald\u0131r\u0131"},"content":{"rendered":"<p>\u015eanl\u0131urfa\u2019n\u0131n Haliliye \u0130l\u00e7esi&#8217;ne ba\u011fl\u0131\u00a0Bah\u00e7elievler Mahallesi\u2019ndeki bir kafede ak\u015fam saatlerinde silahl\u0131 sald\u0131r\u0131 ya\u015fand\u0131.<\/p>\n<p>\u0130ddiaya\u00a0g\u00f6re\u00a0AKP \u015eanl\u0131urfa \u0130l Ba\u015fkan\u0131 Ali \u0130hsan Delio\u011flu\u2019nun o\u011flu T\u00fcrkiye Judo Federasyonu \u015eanl\u0131urfa Temsilcisi M\u00fccahit Delio\u011flu\u00a0ile kimlikleri belirlenemeyen ki\u015filer aras\u0131nda bilinmeyen bir nedenle tart\u0131\u015fma \u00e7\u0131kt\u0131.<\/p>\n<p>K\u0131sa s\u00fcrede b\u00fcy\u00fcyen tart\u0131\u015fma daha sonra kavgaya d\u00f6n\u00fc\u015ft\u00fc. Kavgada kim taraf\u0131ndan ate\u015flendi\u011fi belirlenemeyen silahtan \u00e7\u0131kan mermiler, Delio\u011flu\u2019nun iki aya\u011f\u0131na isabet etti.<\/p>\n<p><img decoding=\"async\" src=\"https:\/\/i01.sozcucdn.com\/wp-content\/uploads\/2023\/09\/02\/23-akp.jpg\" alt=\"\" title=\"\"><\/p>\n<p><strong>HAYAT\u0130 TEHL\u0130KES\u0130 YOK<\/strong><\/p>\n<p>Delio\u011flu,\u00a0\u00f6nce Bal\u0131kl\u0131g\u00f6l\u00a0Devlet Hastanesi\u2019ne, burada yap\u0131lan ilk m\u00fcdahalenin ard\u0131ndan da \u015eanl\u0131urfa Mehmet Akif \u0130nan E\u011fitim ve Ara\u015ft\u0131rma Hastanesi&#8217;ne g\u00f6t\u00fcr\u00fcld\u00fc.<\/p>\n<p>Yaral\u0131 M\u00fccahid Delio\u011flu&#8217;nun hayati tehlikesinin bulunmad\u0131\u011f\u0131 ve sald\u0131r\u0131dan sonra ka\u00e7an sald\u0131rganlar\u0131n yakalanmas\u0131 i\u00e7in operasyon ba\u015flat\u0131ld\u0131\u011f\u0131 bildirildi.<\/p>\n","protected":false},"excerpt":{"rendered":"<p>AKP \u015eanl\u0131urfa \u0130l Ba\u015fkan\u0131 Ali \u0130hsan Delio\u011flu&#8217;nun o\u011flu M\u00fccahid Delio\u011flu, u\u011frad\u0131\u011f\u0131 silahl\u0131 sald\u0131r\u0131 sonucu ayaklar\u0131ndan yaraland\u0131. Tedavi at\u0131na al\u0131nan Delio\u011flu&#8217;nun hayati tehlikesinin bulunmad\u0131\u011f\u0131 bildirildi.<\/p>\n","protected":false},"author":1,"featured_media":123043,"comment_status":"closed","ping_status":"open","sticky":false,"template":"","format":"standard","meta":{"footnotes":""},"categories":[26],"tags":[],"class_list":["post-123042","post","type-post","status-publish","format-standard","has-post-thumbnail","hentry","category-gundem"],"_links":{"self":[{"href":"https:\/\/haberulus.net\/index.php?rest_route=\/wp\/v2\/posts\/123042","targetHints":{"allow":["GET"]}}],"collection":[{"href":"https:\/\/haberulus.net\/index.php?rest_route=\/wp\/v2\/posts"}],"about":[{"href":"https:\/\/haberulus.net\/index.php?rest_route=\/wp\/v2\/types\/post"}],"author":[{"embeddable":true,"href":"https:\/\/haberulus.net\/index.php?rest_route=\/wp\/v2\/users\/1"}],"replies":[{"embeddable":true,"href":"https:\/\/haberulus.net\/index.php?rest_route=%2Fwp%2Fv2%2Fcomments&post=123042"}],"version-history":[{"count":1,"href":"https:\/\/haberulus.net\/index.php?rest_route=\/wp\/v2\/posts\/123042\/revisions"}],"predecessor-version":[{"id":123044,"href":"https:\/\/haberulus.net\/index.php?rest_route=\/wp\/v2\/posts\/123042\/revisions\/123044"}],"wp:featuredmedia":[{"embeddable":true,"href":"https:\/\/haberulus.net\/index.php?rest_route=\/wp\/v2\/media\/123043"}],"wp:attachment":[{"href":"https:\/\/haberulus.net\/index.php?rest_route=%2Fwp%2Fv2%2Fmedia&parent=123042"}],"wp:term":[{"taxonomy":"category","embeddable":true,"href":"https:\/\/haberulus.net\/index.php?rest_route=%2Fwp%2Fv2%2Fcategories&post=123042"},{"taxonomy":"post_tag","embeddable":true,"href":"https:\/\/haberulus.net\/index.php?rest_route=%2Fwp%2Fv2%2Ftags&post=123042"}],"curies":[{"name":"wp","href":"https:\/\/api.w.org\/{rel}","templated":true}]}}