{"id":123051,"date":"2023-09-02T19:51:02","date_gmt":"2023-09-02T19:51:02","guid":{"rendered":"https:\/\/haberulus.net\/?p=123051"},"modified":"2023-09-02T19:51:02","modified_gmt":"2023-09-02T19:51:02","slug":"bulgaristan-sinirinda-yangin-alevler-edirneden-goruldu-ekipler-bolgede","status":"publish","type":"post","link":"https:\/\/haberulus.net\/?p=123051","title":{"rendered":"Bulgaristan s\u0131n\u0131r\u0131nda yang\u0131n\u2026 Alevler Edirne\u2019den g\u00f6r\u00fcld\u00fc, ekipler b\u00f6lgede"},"content":{"rendered":"<p>Bulgaristan&#8217;\u0131n T\u00fcrkiye s\u0131n\u0131r\u0131na yak\u0131n b\u00f6lgeside ak\u015fam saatlerinde orman yang\u0131n\u0131 \u00e7\u0131kt\u0131. Alevler r\u00fczgar\u0131n da etkisiyle Edirne s\u0131n\u0131r\u0131na do\u011fru yakla\u015ft\u0131.<\/p>\n<p>Bunun \u00fczerine Edirne Orman \u0130\u015fletme M\u00fcd\u00fcrl\u00fc\u011f\u00fc ile Edirne Belediyesi ekipleri, \u00f6nlem ama\u00e7l\u0131 s\u0131n\u0131ra sevk edildi. Ekipler, yang\u0131n\u0131n s\u0131n\u0131r\u0131 a\u015fmas\u0131 halinde m\u00fcdahale etmek i\u00e7in b\u00f6lgede teyakkuz halinde.<\/p>\n<p>Geni\u015f bir alana yay\u0131lan alevler Edirne&#8217;nin s\u0131n\u0131rda bulunan Saksa\u011fan, Suakaca\u011f\u0131, H\u00fcseyinp\u0131nar k\u00f6ylerinden g\u00f6r\u00fcld\u00fc.<\/p>\n<p>Yetkililer, alevlerin y\u00f6n de\u011fi\u015ftiren r\u00fczgar\u0131n etkisiyle Bulgaristan\u2019\u0131n i\u00e7 kesimlerine do\u011fru y\u00f6neldi\u011fini kaydetti. (DHA)<\/p>\n","protected":false},"excerpt":{"rendered":"<p>Bulgaristan\u2019\u0131n T\u00fcrkiye s\u0131n\u0131r\u0131nda orman yang\u0131n\u0131 \u00e7\u0131kt\u0131. R\u00fczgar\u0131n etkisiyle b\u00fcy\u00fcyen alevlerin Edirne s\u0131n\u0131r\u0131n\u0131 a\u015fmas\u0131 ihtimaline kar\u015f\u0131 b\u00f6lgeye \u00e7ok say\u0131da itfaiye ekibi sevk edildi.<\/p>\n","protected":false},"author":1,"featured_media":123052,"comment_status":"closed","ping_status":"open","sticky":false,"template":"","format":"standard","meta":{"footnotes":""},"categories":[26],"tags":[],"class_list":["post-123051","post","type-post","status-publish","format-standard","has-post-thumbnail","hentry","category-gundem"],"_links":{"self":[{"href":"https:\/\/haberulus.net\/index.php?rest_route=\/wp\/v2\/posts\/123051","targetHints":{"allow":["GET"]}}],"collection":[{"href":"https:\/\/haberulus.net\/index.php?rest_route=\/wp\/v2\/posts"}],"about":[{"href":"https:\/\/haberulus.net\/index.php?rest_route=\/wp\/v2\/types\/post"}],"author":[{"embeddable":true,"href":"https:\/\/haberulus.net\/index.php?rest_route=\/wp\/v2\/users\/1"}],"replies":[{"embeddable":true,"href":"https:\/\/haberulus.net\/index.php?rest_route=%2Fwp%2Fv2%2Fcomments&post=123051"}],"version-history":[{"count":1,"href":"https:\/\/haberulus.net\/index.php?rest_route=\/wp\/v2\/posts\/123051\/revisions"}],"predecessor-version":[{"id":123053,"href":"https:\/\/haberulus.net\/index.php?rest_route=\/wp\/v2\/posts\/123051\/revisions\/123053"}],"wp:featuredmedia":[{"embeddable":true,"href":"https:\/\/haberulus.net\/index.php?rest_route=\/wp\/v2\/media\/123052"}],"wp:attachment":[{"href":"https:\/\/haberulus.net\/index.php?rest_route=%2Fwp%2Fv2%2Fmedia&parent=123051"}],"wp:term":[{"taxonomy":"category","embeddable":true,"href":"https:\/\/haberulus.net\/index.php?rest_route=%2Fwp%2Fv2%2Fcategories&post=123051"},{"taxonomy":"post_tag","embeddable":true,"href":"https:\/\/haberulus.net\/index.php?rest_route=%2Fwp%2Fv2%2Ftags&post=123051"}],"curies":[{"name":"wp","href":"https:\/\/api.w.org\/{rel}","templated":true}]}}