{"id":123054,"date":"2023-09-02T20:05:02","date_gmt":"2023-09-02T20:05:02","guid":{"rendered":"https:\/\/haberulus.net\/?p=123054"},"modified":"2023-09-02T20:05:02","modified_gmt":"2023-09-02T20:05:02","slug":"chpdeki-danisman-atamasina-gamze-tascierden-sert-tepki-gorevden-alinmis-dahi-olsa-kabul-edilemez","status":"publish","type":"post","link":"https:\/\/haberulus.net\/?p=123054","title":{"rendered":"CHP&#8217;deki dan\u0131\u015fman atamas\u0131na Gamze Ta\u015fc\u0131er&#8217;den sert tepki: G\u00f6revden al\u0131nm\u0131\u015f dahi olsa kabul edilemez"},"content":{"rendered":"<p>CHP Genel Ba\u015fkan\u0131  <strong>Kemal K\u0131l\u0131\u00e7daro\u011flu<\/strong>&#8216;nun, &#8220;Kad\u0131n ve Aile Politikalar\u0131 konusunda \u00e7al\u0131\u015fmalar y\u00fcr\u00fctmek \u00fczere Genel Ba\u015fkan Dan\u0131\u015fman\u0131&#8221; olarak atad\u0131\u011f\u0131 Perinaz Mahpeyker Yaman&#8217;\u0131n, \u00f6nceki y\u0131llarda K\u0131l\u0131\u00e7daro\u011flu&#8217;nu hedef alan\u0131n ifadelerinin ortaya \u00e7\u0131kmas\u0131n\u0131n yank\u0131s\u0131 s\u00fcr\u00fcyor. Son olarak CHP Ankara Milletvekili  <strong>Gamze Ta\u015fc\u0131er<\/strong>, s\u00f6z konusu atamaya sosyal medya hesab\u0131ndan sert tepki g\u00f6sterdi.<\/p>\n<p>Ge\u00e7ti\u011fimiz g\u00fcnlerde K\u0131l\u0131\u00e7daro\u011flu&#8217;nun atad\u0131\u011f\u0131 Perinaz Mahpeyker Yaman&#8217;\u0131n, 2016 y\u0131l\u0131nda K\u0131l\u0131\u00e7daro\u011flu&#8217;nu hedef alan ifadelerinin ortaya \u00e7\u0131kmas\u0131 \u00e7ok konu\u015fulmu\u015ftu.<\/p>\n<p><img decoding=\"async\" src=\"https:\/\/i.hbrcdn.com\/haber\/2023\/09\/02\/chp-deki-danisman-atamasina-gamze-tascier-den-16288711_466_m.jpg\" alt=\"\" title=\"\"><\/p>\n<p><b>&#8220;KABUL ED\u0130LEMEZ&#8221;<\/b><\/p>\n<p>Tart\u0131\u015fmal\u0131 dan\u0131\u015fman atamas\u0131na ili\u015fkin ilk tepki Ankara Milletvekili ve Parti Meclis \u00fcyesi Gamze Ta\u015fc\u0131er&#8217;den geldi. Atama karar\u0131na sert tepki g\u00f6steren Ta\u015f\u00e7\u0131er, sosyal medya hesab\u0131ndan yapt\u0131\u011f\u0131 payla\u015f\u0131mda, &#8220;TBMM Kad\u0131n Erkek F\u0131rsat E\u015fitli\u011fi Komisyonu CHP s\u00f6zc\u00fcs\u00fcy\u00fcm. Elimden geldi\u011fince T\u00fcrkiye&#8217;de kad\u0131n haklar\u0131 konusunda hem parlamentoda, hem mahkemede, hem sokakta m\u00fccadele eden bir ki\u015fiyim. Bildi\u011fim tek ger\u00e7ek \u015fu: Bu \u00fclkede kad\u0131nlar Ortado\u011fu&#8217;da g\u00f6rd\u00fcklerimizi ya\u015fam\u0131yorsa bunu Atat\u00fcrk&#8217;e ve onun en temel ilkesi laikli\u011fe bor\u00e7ludur. Atat\u00fcrk&#8217;\u00fcn kurdu\u011fu ve laikli\u011fin bayraktarl\u0131\u011f\u0131n\u0131 yapan partimizde, laiklik kar\u015f\u0131t\u0131, Atat\u00fcrk d\u00fc\u015fman\u0131 bir ki\u015finin hem de kad\u0131n ve aile politikalar\u0131ndan sorumlu dan\u0131\u015fman olarak bulunmas\u0131, g\u00f6revden al\u0131nm\u0131\u015f dahi olsa kabul edilemez!&#8221; ifadelerini kulland\u0131.<\/p>\n<p><img decoding=\"async\" src=\"https:\/\/i.hbrcdn.com\/haber\/2023\/09\/02\/chp-deki-danisman-atamasina-gamze-tascier-den-16288711_5363_o.jpg\" alt=\"\" title=\"\"><\/p>\n<p><b>NE OLMU\u015eTU?<\/b><\/p>\n<p>CHP lideri K\u0131l\u0131\u00e7daro\u011flu&#8217;nun \u0131slak imzas\u0131 ile &#8216;Kad\u0131n ve Aile Politikalar\u0131&#8217; konusunda \u00e7al\u0131\u015fmalar y\u00fcr\u00fctmek \u00fczere Genel Ba\u015fkan Dan\u0131\u015fman\u0131&#8217; olarak Perinaz Mahpeyker Yaman atanm\u0131\u015ft\u0131. 28 May\u0131s se\u00e7imlerinden yenilgiyle ayr\u0131lan K\u0131l\u0131\u00e7daro\u011flu, de\u011fi\u015fim tart\u0131\u015fmalar\u0131 sonras\u0131 partinin y\u00f6netimini yeniden \u015fekillendirerek dan\u0131\u015fmanlar\u0131n\u0131n g\u00f6revlerine son vermi\u015fti.<\/p>\n<p><img decoding=\"async\" src=\"https:\/\/i.hbrcdn.com\/haber\/2023\/09\/02\/chp-deki-danisman-atamasina-gamze-tascier-den-16288711_9873_m.jpg\" alt=\"\" title=\"\"><\/p>\n<p><b>YILLAR \u00d6NCEK\u0130 PAYLA\u015eIMI ORTAYA \u00c7IKMI\u015eTI<\/b><\/p>\n<p>\u00d6te yandan Perinaz Mahpeyker Yaman&#8217;\u0131n ge\u00e7ti\u011fimiz y\u0131llarda K\u0131l\u0131\u00e7daro\u011flu&#8217;nu hedef alan bir payla\u015f\u0131m\u0131nda, &#8220;Yar\u0131n bu \u00fclkede i\u00e7 sava\u015f \u00e7\u0131ksa, \u00fclkeden ilk ka\u00e7anlar\u0131 ba\u015f\u0131nda Kemal K\u0131l\u0131\u00e7daro\u011flu olur kan\u0131 bozuk&#8221; dedi\u011fi ortaya \u00e7\u0131km\u0131\u015ft\u0131.<\/p>\n<p><img decoding=\"async\" src=\"https:\/\/i.hbrcdn.com\/haber\/2023\/09\/02\/chp-deki-danisman-atamasina-gamze-tascier-den-16288711_6552_m.jpg\" alt=\"\" title=\"\"><\/p>\n<p><b>\u00d6Z\u00dcR PAYLA\u015eIMI YAYINLADI<\/b><\/p>\n<p>CHP&#8217;de tart\u0131\u015fmalara neden olan payla\u015f\u0131m g\u00fcndem olurken Yaman, sosyal medya hesab\u0131ndan \u00f6z\u00fcr dilemi\u015fti. Yaz\u0131lanlar\u0131 kendisinin payla\u015fmad\u0131\u011f\u0131n\u0131 belirten Yaman, &#8221; &#8220;\u00d6z\u00fcr dilerim. D\u00fcnden beri sosyal medya \u00fczerinden benimle ilgili yap\u0131lan yorumlar\u0131 okuyunca bir a\u00e7\u0131klama yapmam gerekti\u011fine inan\u0131yorum. Her \u015feyden \u00f6nce benim \u00fczerimden Say\u0131n Kemal K\u0131l\u0131\u00e7daro\u011flu&#8217;na yap\u0131lan son derece yak\u0131\u015f\u0131ks\u0131z su\u00e7lamalar i\u00e7in buradan Say\u0131n Kemal K\u0131l\u0131\u00e7daro\u011flu&#8217;ndan \u00f6z\u00fcr diliyorum. B\u00fct\u00fcn samimiyetimle ve inanc\u0131mla s\u00f6yl\u00fcyorum ki o tweetleri ben yazmad\u0131m.&#8221; ifadelerini kullanm\u0131\u015ft\u0131.<\/p>\n<p> <i><strong>\u0130\u015fte Yaman&#8217;\u0131n o payla\u015f\u0131m\u0131:<\/strong> <\/i> <\/p>\n<p><img decoding=\"async\" src=\"https:\/\/i.hbrcdn.com\/haber\/2023\/09\/02\/chp-deki-danisman-atamasina-gamze-tascier-den-16288711_8414_m.jpg\" alt=\"\" title=\"\"><\/p>\n","protected":false},"excerpt":{"rendered":"<p>CHP Genel Ba\u015fkan\u0131 Kemal K\u0131l\u0131\u00e7daro\u011flu&#8217;nun yeni dan\u0131\u015fman\u0131 Perinaz Mahpeyker Yaman&#8217;\u0131n, ge\u00e7mi\u015fte K\u0131l\u0131\u00e7daro\u011flu&#8217;nu hedef alan ifadeleri g\u00fcndemdeki yerini koruyor. Yaman&#8217;\u0131n atamas\u0131na ilk tepki CHP Ankara Milletvekili Gamze Ta\u015fc\u0131er&#8217;den geldi. Ta\u015fc\u0131er, sosyal medya hesab\u0131ndan yapt\u0131\u011f\u0131 payla\u015f\u0131mda, &#8220;Partimizde, laiklik kar\u015f\u0131t\u0131, Atat\u00fcrk d\u00fc\u015fman\u0131 bir ki\u015finin hem de kad\u0131n ve aile politikalar\u0131ndan sorumlu dan\u0131\u015fman olarak bulunmas\u0131, g\u00f6revden al\u0131nm\u0131\u015f dahi olsa kabul edilemez!&#8221; ifadelerini kulland\u0131.<\/p>\n","protected":false},"author":1,"featured_media":123055,"comment_status":"closed","ping_status":"open","sticky":false,"template":"","format":"standard","meta":{"footnotes":""},"categories":[28],"tags":[6824,209,11038,403,2541],"class_list":["post-123054","post","type-post","status-publish","format-standard","has-post-thumbnail","hentry","category-politika","tag-danisman","tag-kadin","tag-kilicdaroglunu","tag-paylasim","tag-yaman"],"_links":{"self":[{"href":"https:\/\/haberulus.net\/index.php?rest_route=\/wp\/v2\/posts\/123054","targetHints":{"allow":["GET"]}}],"collection":[{"href":"https:\/\/haberulus.net\/index.php?rest_route=\/wp\/v2\/posts"}],"about":[{"href":"https:\/\/haberulus.net\/index.php?rest_route=\/wp\/v2\/types\/post"}],"author":[{"embeddable":true,"href":"https:\/\/haberulus.net\/index.php?rest_route=\/wp\/v2\/users\/1"}],"replies":[{"embeddable":true,"href":"https:\/\/haberulus.net\/index.php?rest_route=%2Fwp%2Fv2%2Fcomments&post=123054"}],"version-history":[{"count":1,"href":"https:\/\/haberulus.net\/index.php?rest_route=\/wp\/v2\/posts\/123054\/revisions"}],"predecessor-version":[{"id":123056,"href":"https:\/\/haberulus.net\/index.php?rest_route=\/wp\/v2\/posts\/123054\/revisions\/123056"}],"wp:featuredmedia":[{"embeddable":true,"href":"https:\/\/haberulus.net\/index.php?rest_route=\/wp\/v2\/media\/123055"}],"wp:attachment":[{"href":"https:\/\/haberulus.net\/index.php?rest_route=%2Fwp%2Fv2%2Fmedia&parent=123054"}],"wp:term":[{"taxonomy":"category","embeddable":true,"href":"https:\/\/haberulus.net\/index.php?rest_route=%2Fwp%2Fv2%2Fcategories&post=123054"},{"taxonomy":"post_tag","embeddable":true,"href":"https:\/\/haberulus.net\/index.php?rest_route=%2Fwp%2Fv2%2Ftags&post=123054"}],"curies":[{"name":"wp","href":"https:\/\/api.w.org\/{rel}","templated":true}]}}