{"id":123057,"date":"2023-09-02T20:05:03","date_gmt":"2023-09-02T20:05:03","guid":{"rendered":"https:\/\/haberulus.net\/?p=123057"},"modified":"2023-09-02T20:05:03","modified_gmt":"2023-09-02T20:05:03","slug":"ataturkun-sivasa-gelisi-temsili-olarak-canlandirildi","status":"publish","type":"post","link":"https:\/\/haberulus.net\/?p=123057","title":{"rendered":"Atat\u00fcrk\u2019\u00fcn Sivas\u2019a geli\u015fi temsili olarak canland\u0131r\u0131ld\u0131"},"content":{"rendered":"<p>Karaa\u011fa\u00e7 K\u00f6pr\u00fcs\u00fc\u2019nde Sivas Valisi Y\u0131lmaz \u015eim\u015fek, Garnizon ve 5. Piyade E\u011fitim ve Tugay Komutan\u0131 Albay C\u00fcneyt Mutlu, Belediye Ba\u015fkan\u0131 Hilmi Bilgin, di\u011fer protokol \u00fcyeleri ve Sivasl\u0131lar taraf\u0131ndan kar\u015f\u0131lanan temsili Atat\u00fcrk ve silah arkada\u015flar\u0131, Atat\u00fcrk Kongre M\u00fczesi \u00f6n\u00fcne geldi.<\/p>\n<p><img decoding=\"async\" src=\"https:\/\/i01.sozcucdn.com\/wp-content\/uploads\/2023\/09\/02\/sivas.jpg\" alt=\"\" title=\"\"><\/p>\n<p>Atat\u00fcrk\u2019\u00fc canland\u0131ran Devlet Tiyatrosu oyuncusu Abd\u00fclsamet S\u00fcnb\u00fcl, \u00fcst\u00fc a\u00e7\u0131k arabayla g\u00fczergah boyunca halk\u0131 selamlad\u0131.<\/p>\n<p>G\u00fczergah boyunca vatanda\u015flar\u0131n sevgi g\u00f6sterisinde bulundu\u011fu S\u00fcnb\u00fcl, m\u00fcze balkonunda beraberindekilerle hat\u0131ra foto\u011fraf\u0131 \u00e7ektirdi.<\/p>\n<p><img decoding=\"async\" src=\"https:\/\/i01.sozcucdn.com\/wp-content\/uploads\/2023\/09\/02\/sivas3.jpg\" alt=\"\" title=\"\"><\/p>\n<p><strong> CO\u015eKUYLA KUTLANIYOR<\/strong><\/p>\n<p>Vali Y\u0131lmaz, gazetecilere yapt\u0131\u011f\u0131 a\u00e7\u0131klamada Sivas Kongresi\u2019nin 104. y\u0131l d\u00f6n\u00fcm\u00fcn\u00fcn co\u015fkuyla kutland\u0131\u011f\u0131n\u0131 s\u00f6yledi.<\/p>\n<p>Sivas\u2019\u0131n Mustafa Kemal ve arkada\u015flar\u0131n\u0131 104 y\u0131l \u00f6nce b\u00fcy\u00fck bir co\u015fku ve heyecanla kar\u015f\u0131lad\u0131\u011f\u0131n\u0131 ifade eden \u015eim\u015fek \u015funlar\u0131 kaydetti:<\/p>\n<p>*Sivas, bu \u015fehir, Atat\u00fcrk ve arkada\u015flar\u0131na da tam 108 g\u00fcn boyunca ev sahipli\u011fi yapm\u0131\u015ft\u0131. \u015eu an i\u00e7erisinde bulundu\u011fumuz tarihi binada da Milli Kurtulu\u015f Sava\u015f\u0131m\u0131z i\u00e7in tarihi kararlar al\u0131nm\u0131\u015f, tarihi toplant\u0131lar yap\u0131lm\u0131\u015ft\u0131.<\/p>\n<p>*Bug\u00fcn temsili de olsa bu heyecan\u0131, bu co\u015fkuyu tekrar ya\u015fad\u0131k. Mustafa Kemal ve arkada\u015flar\u0131n\u0131 tekrar kar\u015f\u0131lad\u0131k. Milli kurtulu\u015f ruhunu, Sivas\u2019\u0131n sokak caddelerinde insanlar\u0131n da tekrar hissettik.<\/p>\n<p>*Amac\u0131m\u0131z bu ruhu ya\u015fatmak, canl\u0131 tutmak ve bizden sonraki nesillere de aktarmakt\u0131r. Bizden sonraki nesillere bu Kurtulu\u015f Sava\u015f\u0131\u2019n\u0131n nas\u0131l kazan\u0131ld\u0131\u011f\u0131n\u0131, bu vatan\u0131n nas\u0131l kuruldu\u011funu anlatarak bu ruhu hep diri tutmakt\u0131r. (AA)<\/p>\n","protected":false},"excerpt":{"rendered":"<p>Sivas Kongresi&#8217;nin 104. y\u0131l d\u00f6n\u00fcm\u00fc etkinlikleri kapsam\u0131nda, B\u00fcy\u00fck \u00d6nder Mustafa Kemal Atat\u00fcrk&#8217;\u00fcn Sivas&#8217;a geli\u015fi temsili olarak canland\u0131r\u0131ld\u0131.<\/p>\n","protected":false},"author":1,"featured_media":123058,"comment_status":"closed","ping_status":"open","sticky":false,"template":"","format":"standard","meta":{"footnotes":""},"categories":[26],"tags":[108],"class_list":["post-123057","post","type-post","status-publish","format-standard","has-post-thumbnail","hentry","category-gundem","tag-sivas"],"_links":{"self":[{"href":"https:\/\/haberulus.net\/index.php?rest_route=\/wp\/v2\/posts\/123057","targetHints":{"allow":["GET"]}}],"collection":[{"href":"https:\/\/haberulus.net\/index.php?rest_route=\/wp\/v2\/posts"}],"about":[{"href":"https:\/\/haberulus.net\/index.php?rest_route=\/wp\/v2\/types\/post"}],"author":[{"embeddable":true,"href":"https:\/\/haberulus.net\/index.php?rest_route=\/wp\/v2\/users\/1"}],"replies":[{"embeddable":true,"href":"https:\/\/haberulus.net\/index.php?rest_route=%2Fwp%2Fv2%2Fcomments&post=123057"}],"version-history":[{"count":1,"href":"https:\/\/haberulus.net\/index.php?rest_route=\/wp\/v2\/posts\/123057\/revisions"}],"predecessor-version":[{"id":123059,"href":"https:\/\/haberulus.net\/index.php?rest_route=\/wp\/v2\/posts\/123057\/revisions\/123059"}],"wp:featuredmedia":[{"embeddable":true,"href":"https:\/\/haberulus.net\/index.php?rest_route=\/wp\/v2\/media\/123058"}],"wp:attachment":[{"href":"https:\/\/haberulus.net\/index.php?rest_route=%2Fwp%2Fv2%2Fmedia&parent=123057"}],"wp:term":[{"taxonomy":"category","embeddable":true,"href":"https:\/\/haberulus.net\/index.php?rest_route=%2Fwp%2Fv2%2Fcategories&post=123057"},{"taxonomy":"post_tag","embeddable":true,"href":"https:\/\/haberulus.net\/index.php?rest_route=%2Fwp%2Fv2%2Ftags&post=123057"}],"curies":[{"name":"wp","href":"https:\/\/api.w.org\/{rel}","templated":true}]}}