{"id":123060,"date":"2023-09-02T20:05:03","date_gmt":"2023-09-02T20:05:03","guid":{"rendered":"https:\/\/haberulus.net\/?p=123060"},"modified":"2023-09-02T20:05:03","modified_gmt":"2023-09-02T20:05:03","slug":"emre-belozoglu-bazen-her-sey-ust-uste-gelir","status":"publish","type":"post","link":"https:\/\/haberulus.net\/?p=123060","title":{"rendered":"Emre Bel\u00f6zo\u011flu: Bazen her \u015fey \u00fcst \u00fcste gelir"},"content":{"rendered":"<p>RAMS Ba\u015fak\u015fehir Teknik Direkt\u00f6r\u00fc Emre Bel\u00f6zo\u011flu, Trendyol S\u00fcper Lig\u2019de T\u00dcMOSAN Konyaspor\u2019a 1-0 yenildikleri ma\u00e7ta iyi oynamalar\u0131na ra\u011fmen kaybettiklerini s\u00f6yledi.<\/p>\n<p>Kar\u015f\u0131la\u015fman\u0131n ard\u0131ndan d\u00fczenlenen bas\u0131n toplant\u0131s\u0131nda a\u00e7\u0131klamada bulunan Bel\u00f6zo\u011flu, ligde oynad\u0131klar\u0131 3 ma\u00e7\u0131 da kaybettikleri i\u00e7in \u00fczg\u00fcn olduklar\u0131n\u0131 belirterek, \u201cAl\u0131\u015f\u0131k olmad\u0131\u011f\u0131m\u0131z bir s\u00fcre\u00e7 ya\u015f\u0131yoruz. Sabretmemiz gereken bir s\u00fcre\u00e7 gibi g\u00f6r\u00fcn\u00fcyor. Bu da bizim s\u0131nav\u0131m\u0131z.\u201d dedi.<\/p>\n<p>Emre Bel\u00f6zo\u011flu, futbolcular\u0131n\u0131n ma\u00e7ta g\u00f6sterdi\u011fi performanstan dolay\u0131 memnun oldu\u011funu dile getirerek, \u201cBaz\u0131 k\u0131r\u0131lma anlar\u0131 var. Bazen her \u015fey \u00fcst \u00fcste gelir. Oyuncular\u0131m\u0131n eme\u011fi i\u00e7in \u00fczg\u00fcn\u00fcm. \u00c7al\u0131\u015ft\u0131\u011f\u0131m\u0131z\u0131n kar\u015f\u0131l\u0131\u011f\u0131n\u0131 alam\u0131yoruz. Bundan dolay\u0131 \u00fczg\u00fcn\u00fcm. En iyi yapt\u0131\u011f\u0131m\u0131za inand\u0131\u011f\u0131m\u0131z i\u015fi yapmaya devam edece\u011fiz. Saha i\u00e7ine konsantre olmaya \u00e7al\u0131\u015faca\u011f\u0131z.\u201d diye konu\u015ftu.<\/p>\n<p><b>\u201cBU DA B\u0130Z\u0130M SINAVIMIZ\u201d<\/b><\/p>\n<p>Kar\u015f\u0131la\u015fmaya \u00e7ok iyi haz\u0131rland\u0131klar\u0131n\u0131 aktaran Bel\u00f6zo\u011flu, \u015funlar\u0131 kaydetti:<\/p>\n<p>\u201cBen bug\u00fcn kaybedilecek bir \u015fey g\u00f6rmedim ama oluyor bazen. \u00c7ok da kolay gol yiyoruz. Bazen bunlar\u0131 ya\u015famak gerekiyor. Bu da bizim s\u0131nav\u0131m\u0131z. Teknik adaml\u0131k b\u00f6yle bir meslek. \u00dcstesinden gelebilece\u011fimi, tak\u0131ma bunun \u00fcstesinden gelebilece\u011fine inand\u0131raca\u011f\u0131m\u0131 d\u00fc\u015f\u00fcn\u00fcyorum. Fikrim de\u011fi\u015firse, o zaman ba\u015fka \u015feyler konu\u015furuz. \u00c7ok eksi\u011fimiz var. Ge\u00e7en sezondan \u00e7ok farkl\u0131 bir kadro var ama ben bu oyuncu grubunun da ma\u00e7\u0131 kazanacak g\u00fc\u00e7te oldu\u011funu d\u00fc\u015f\u00fcn\u00fcyorum. Bu durumun bir yerde d\u00f6nece\u011fine inan\u0131yorum.\u201d<\/p>\n<p>Emre Bel\u00f6zo\u011flu, transfer \u00e7al\u0131\u015fmalar\u0131yla ilgili soruya, \u201cY\u00f6neticilerimizle konu\u015ftuk. Onlar da ekonomimiz \u00e7er\u00e7evesinde ellerinden geleni yapmaya \u00e7al\u0131\u015f\u0131yor. Belli mevkilerde eksikliklerimiz var. Stoper mevkisinde \u00e7ok eksi\u011fimiz var. Bir de 6 numara konusunda d\u00fc\u015f\u00fcncemiz vard\u0131. \u015eu an i\u00e7in yapamad\u0131k. \u00d6n\u00fcm\u00fczdeki g\u00fcnlerde yap\u0131p yapamayaca\u011f\u0131m\u0131z\u0131 g\u00f6rece\u011fiz.\u201d cevab\u0131n\u0131 verdi.<\/p>\n<p><b>STANOJEVIC: KIRMIZI KARTTAN SONRA\u2026<\/b><\/p>\n<p>T\u00dcMOSAN Konyaspor Teknik Direkt\u00f6r\u00fc Aleksandar Stanojevic, galibiyetten dolay\u0131 mutlu olduklar\u0131n\u0131 dile getirdi.<\/p>\n<p>Ma\u00e7\u0131n genelini disiplinli oynad\u0131klar\u0131n\u0131 aktaran Stanojevic, \u201cBug\u00fcn galibiyetten dolay\u0131 memnunuz. \u0130lk dakikadan itibaren m\u00fccadeleyi b\u0131rakmad\u0131k. Ma\u00e7\u0131n anahtar noktalar\u0131ndan biri k\u0131rm\u0131z\u0131 kartt\u0131. K\u0131rm\u0131z\u0131 karttan sonra oyun kurmam\u0131z daha rahat oldu. An\u0131 bekledik, sab\u0131rl\u0131 davrand\u0131k ve ma\u00e7\u0131 kontrol ettik.\u201d de\u011ferlendirmesinde bulundu. (AA)<\/p>\n","protected":false},"excerpt":{"rendered":"<p>Ba\u015fak\u015fehir Teknik Direkt\u00f6r\u00fc Emre Bel\u00f6zo\u011flu, 1-0 ma\u011flup olduklar\u0131 Konyaspor ma\u00e7\u0131n\u0131n ard\u0131ndan a\u00e7\u0131klamalarda bulundu.<\/p>\n","protected":false},"author":1,"featured_media":123061,"comment_status":"closed","ping_status":"open","sticky":false,"template":"","format":"standard","meta":{"footnotes":""},"categories":[31],"tags":[6834],"class_list":["post-123060","post","type-post","status-publish","format-standard","has-post-thumbnail","hentry","category-spor","tag-belozoglu"],"_links":{"self":[{"href":"https:\/\/haberulus.net\/index.php?rest_route=\/wp\/v2\/posts\/123060","targetHints":{"allow":["GET"]}}],"collection":[{"href":"https:\/\/haberulus.net\/index.php?rest_route=\/wp\/v2\/posts"}],"about":[{"href":"https:\/\/haberulus.net\/index.php?rest_route=\/wp\/v2\/types\/post"}],"author":[{"embeddable":true,"href":"https:\/\/haberulus.net\/index.php?rest_route=\/wp\/v2\/users\/1"}],"replies":[{"embeddable":true,"href":"https:\/\/haberulus.net\/index.php?rest_route=%2Fwp%2Fv2%2Fcomments&post=123060"}],"version-history":[{"count":1,"href":"https:\/\/haberulus.net\/index.php?rest_route=\/wp\/v2\/posts\/123060\/revisions"}],"predecessor-version":[{"id":123062,"href":"https:\/\/haberulus.net\/index.php?rest_route=\/wp\/v2\/posts\/123060\/revisions\/123062"}],"wp:featuredmedia":[{"embeddable":true,"href":"https:\/\/haberulus.net\/index.php?rest_route=\/wp\/v2\/media\/123061"}],"wp:attachment":[{"href":"https:\/\/haberulus.net\/index.php?rest_route=%2Fwp%2Fv2%2Fmedia&parent=123060"}],"wp:term":[{"taxonomy":"category","embeddable":true,"href":"https:\/\/haberulus.net\/index.php?rest_route=%2Fwp%2Fv2%2Fcategories&post=123060"},{"taxonomy":"post_tag","embeddable":true,"href":"https:\/\/haberulus.net\/index.php?rest_route=%2Fwp%2Fv2%2Ftags&post=123060"}],"curies":[{"name":"wp","href":"https:\/\/api.w.org\/{rel}","templated":true}]}}