{"id":123066,"date":"2023-09-02T20:35:02","date_gmt":"2023-09-02T20:35:02","guid":{"rendered":"https:\/\/haberulus.net\/?p=123066"},"modified":"2023-09-02T20:35:02","modified_gmt":"2023-09-02T20:35:02","slug":"kosu-yaparken-dusen-almanya-basbakani-scholz-yaralandi","status":"publish","type":"post","link":"https:\/\/haberulus.net\/?p=123066","title":{"rendered":"Ko\u015fu yaparken d\u00fc\u015fen Almanya Ba\u015fbakan\u0131 Scholz yaraland\u0131"},"content":{"rendered":"<p>Almanya Ba\u015fbakan\u0131 Olaf Scholz ko\u015fu yaparken d\u00fc\u015ft\u00fc ve y\u00fcz\u00fcnde darbeye ba\u011fl\u0131 ezilme meydana geldi.<\/p>\n<p><strong>ETK\u0130NL\u0130\u011eE KATILMAYACAK<\/strong><\/p>\n<p>Alman medyas\u0131nda yer alan haberlere g\u00f6re Scholz&#8217;un Hessen eyaletinde yar\u0131n kat\u0131lmay\u0131 planlad\u0131\u011f\u0131 Sosyal Demokrat Parti\u2019nin (SPD) eyalet meclisi se\u00e7im kampanyas\u0131 i\u00e7in d\u00fczenlenecek etkinliklere gitmeyece\u011fi, hafta i\u00e7inde kat\u0131laca\u011f\u0131 etkinliklerin bundan etkilenmeyece\u011fi aktar\u0131ld\u0131.<\/p>\n<p>4 Eyl\u00fcl\u2019de ba\u015fbakanl\u0131k ofisinde \u00e7al\u0131\u015facak olan Scholz, 5 Eyl\u00fcl\u2019de M\u00fcnih Uluslararas\u0131 Otomobil Fuar\u0131&#8217;na (IAA) kat\u0131lacak.<\/p>\n<p>Scholz, Hindistan&#8217;da 8 Eyl\u00fcl&#8217;deki G20 Liderler Zirvesi\u2019ne gitmeden \u00f6nce 6 Eyl\u00fcl\u2019de b\u00fct\u00e7e g\u00f6r\u00fc\u015fmeleri kapsam\u0131nda Federal Meclis\u2019te konu\u015fma yapacak.<\/p>\n<p>Scholz&#8217;un haftada iki veya \u00fc\u00e7 kez ko\u015fmaya, k\u00fcrek \u00e7ekmeye veya y\u00fcr\u00fcy\u00fc\u015fe zaman ay\u0131rmaya \u00e7al\u0131\u015ft\u0131\u011f\u0131 biliniyor. (AA)<\/p>\n","protected":false},"excerpt":{"rendered":"<p>Almanya Ba\u015fbakan\u0131 Olaf Scholz\u2019un ko\u015fu yaparken d\u00fc\u015ferek yaraland\u0131\u011f\u0131 bildirildi. Y\u00fcz\u00fcnde morluklar olu\u015ftu\u011fu belirtilen Scholz\u2019un se\u00e7im kampanyas\u0131 i\u00e7in d\u00fczenlenen baz\u0131 etkinliklere kat\u0131lamayaca\u011f\u0131 \u00f6\u011frenildi.<\/p>\n","protected":false},"author":1,"featured_media":123067,"comment_status":"closed","ping_status":"open","sticky":false,"template":"","format":"standard","meta":{"footnotes":""},"categories":[24],"tags":[3569],"class_list":["post-123066","post","type-post","status-publish","format-standard","has-post-thumbnail","hentry","category-dunya","tag-scholz"],"_links":{"self":[{"href":"https:\/\/haberulus.net\/index.php?rest_route=\/wp\/v2\/posts\/123066","targetHints":{"allow":["GET"]}}],"collection":[{"href":"https:\/\/haberulus.net\/index.php?rest_route=\/wp\/v2\/posts"}],"about":[{"href":"https:\/\/haberulus.net\/index.php?rest_route=\/wp\/v2\/types\/post"}],"author":[{"embeddable":true,"href":"https:\/\/haberulus.net\/index.php?rest_route=\/wp\/v2\/users\/1"}],"replies":[{"embeddable":true,"href":"https:\/\/haberulus.net\/index.php?rest_route=%2Fwp%2Fv2%2Fcomments&post=123066"}],"version-history":[{"count":1,"href":"https:\/\/haberulus.net\/index.php?rest_route=\/wp\/v2\/posts\/123066\/revisions"}],"predecessor-version":[{"id":123068,"href":"https:\/\/haberulus.net\/index.php?rest_route=\/wp\/v2\/posts\/123066\/revisions\/123068"}],"wp:featuredmedia":[{"embeddable":true,"href":"https:\/\/haberulus.net\/index.php?rest_route=\/wp\/v2\/media\/123067"}],"wp:attachment":[{"href":"https:\/\/haberulus.net\/index.php?rest_route=%2Fwp%2Fv2%2Fmedia&parent=123066"}],"wp:term":[{"taxonomy":"category","embeddable":true,"href":"https:\/\/haberulus.net\/index.php?rest_route=%2Fwp%2Fv2%2Fcategories&post=123066"},{"taxonomy":"post_tag","embeddable":true,"href":"https:\/\/haberulus.net\/index.php?rest_route=%2Fwp%2Fv2%2Ftags&post=123066"}],"curies":[{"name":"wp","href":"https:\/\/api.w.org\/{rel}","templated":true}]}}