{"id":123072,"date":"2023-09-02T21:21:04","date_gmt":"2023-09-02T21:21:04","guid":{"rendered":"https:\/\/haberulus.net\/?p=123072"},"modified":"2023-09-02T21:21:04","modified_gmt":"2023-09-02T21:21:04","slug":"bilal-erdogan-bircogu-memur-olmak-icin-ogretmen-oluyor","status":"publish","type":"post","link":"https:\/\/haberulus.net\/?p=123072","title":{"rendered":"Bilal Erdo\u011fan: Bir\u00e7o\u011fu memur olmak i\u00e7in \u00f6\u011fretmen oluyor"},"content":{"rendered":"<p>\u0130lim Yayma Vakf\u0131 M\u00fctevelli Heyeti Ba\u015fkan\u0131 Bilal Erdo\u011fan, U\u015fak \u00dcniversitesi Recep Tayyip Erdo\u011fan Kongre Merkezi\u2019nde d\u00fczenlenen \u00d6NDER 20. \u0130mam Hatipliler Kurultay\u0131\u2019nda konu\u015ftu.<\/p>\n<p>Erdo\u011fan, burada yapt\u0131\u011f\u0131 konu\u015fmada, \u201ce\u011fitimin \u00e7ok y\u00f6nl\u00fc bir hadise oldu\u011funu\u201d s\u00f6yledi.<\/p>\n<p>Bu konuda sorumlulu\u011fun, bir y\u00f6n\u00fcyle \u00f6\u011fretmen ve idarecilerde oldu\u011funu belirten Erdo\u011fan, \u201cHer ne kadar kapitalist d\u00fczen bize, \u2018Anahtar teslim; paras\u0131n\u0131 verirsin, \u00e7ocu\u011fun e\u011fitimini istedi\u011fin \u015fekilde okuldan al\u0131rs\u0131n\u2019 tarz\u0131 bir kurgu sunmu\u015fsa da esasen elbette ki veli, \u00e7ocu\u011fun ailesi de bu e\u011fitimin \u00e7ok \u00f6nemli bir taraf\u0131d\u0131r\u201d ifadesini kulland\u0131.<\/p>\n<p>T\u00fcrkiye\u2019de 8 \u00f6\u011frenciden birinin imam hatibe gitti\u011fini aktaran Erdo\u011fan, imam hatiplilerin her ge\u00e7en y\u0131l ba\u015far\u0131 \u00e7\u0131tas\u0131n\u0131 yukar\u0131ya ta\u015f\u0131d\u0131\u011f\u0131 g\u00f6r\u00fc\u015f\u00fcn\u00fc dile getirdi.<\/p>\n<p><strong>\u201cTOPLANIYORUZ, DA\u011eILIYORUZ\u201d<\/strong><\/p>\n<p>\u201cOkul aile birlikleri ile okullar\u0131 destekleyen STK\u2019lerin toptanc\u0131 \u00e7al\u0131\u015fmalar yerine biraz daha detaya giren ve \u00f6\u011frenciyi birebir destekleyen \u00e7al\u0131\u015fmalar\u0131n par\u00e7as\u0131 olmalar\u0131 hususunun konu\u015fulmas\u0131 gerekti\u011fini\u201d d\u00fc\u015f\u00fcnd\u00fc\u011f\u00fcn\u00fc ifade eden Erdo\u011fan, bu konudaki as\u0131l g\u00f6revin rehber \u00f6\u011fretmenler, \u00f6\u011fretmenler ve idarecilerde oldu\u011funu dile getirerek \u015f\u00f6yle dedi:<\/p>\n<p>\u201c\u0130lim Yayma Vakf\u0131nda dedim ki kendi kendime, \u2018\u015eu yurtta ismiyle ka\u00e7 \u00f6\u011frenciyi biliyorum?\u2019 Oturuyoruz burada toplant\u0131 yap\u0131yoruz, kararlar al\u0131yoruz, bir \u015feyler yap\u0131yoruz ama ka\u00e7 \u00f6\u011frenciyi tan\u0131yoruz? Bunu her birimiz kendimize sormal\u0131y\u0131z. \u2018\u0130lgilendi\u011fim yurtta ka\u00e7 talebeyi ismiyle tan\u0131yorum, ilgilendi\u011fim okulda ka\u00e7 talebeyi ismiyle tan\u0131yorum?\u2019 Bu d\u00fczeyde ilgilenmeye ba\u015flad\u0131\u011f\u0131m\u0131z zaman inan\u0131yorum ki o zaman i\u015fte bu nitelik konusuna o zaman girmi\u015f oluruz ama toplan\u0131yoruz da\u011f\u0131l\u0131yoruz, salonlar\u0131 doldurabiliyoruz, bir\u00e7ok \u00e7ocu\u011fumuza etkinlik yapabiliyoruz ama o etkinlik acaba her bir \u00e7ocukta hangi sonuca ula\u015fmam\u0131za katk\u0131 sa\u011flad\u0131?\u201d<\/p>\n<p><strong>\u201cKISITLI \u0130MKANLARI HARCAYAN S\u0130V\u0130L TOPLUM KURULU\u015eLARI OLARAK\u2026\u201d<\/strong><\/p>\n<p>\u201c\u00d6l\u00e7emedi\u011finiz \u015feyi y\u00f6netemezsiniz\u201d prensibine dikkati \u00e7eken Erdo\u011fan \u015f\u00f6yle devam etti:<\/p>\n<p>\u201cBiz k\u0131s\u0131tl\u0131 imkanlar\u0131 harcayan, kullanan sivil toplum kurulu\u015flar\u0131 olarak, \u2018\u0130\u015fte bu sene 1000 \u00f6\u011frenciye temas eden \u00e7al\u0131\u015fma yapt\u0131m, toplam 1 milyon para harcad\u0131m, \u00f6\u011frenci ba\u015f\u0131na 1000 lira. Ben bu \u00e7ocuklarda ne geli\u015fmeleri acaba sa\u011flad\u0131m, ba\u015fard\u0131m?\u2019 Sene ba\u015f\u0131nda baz\u0131 bataryalar, baz\u0131 profil testleri, sene sonunda baz\u0131 profil testleri ve sene boyunca baz\u0131 odak grup \u00e7al\u0131\u015fmalar\u0131 yaparak bu \u00e7ocuklar\u0131m\u0131zdaki geli\u015fmeleri, detayl\u0131 incelikleri \u00e7\u00f6zmemiz laz\u0131m ki yapt\u0131\u011f\u0131m\u0131z \u00e7al\u0131\u015fmalar daha isabetli olsun ve bu \u00e7al\u0131\u015fmalar\u0131n sonucunu al\u0131p almad\u0131\u011f\u0131m\u0131z konusunda da biraz daha i\u00e7imiz mutmain olsun. Bu t\u00fcr \u00e7al\u0131\u015fmalarda, e\u011fitim fak\u00fcltelerindeki hocalar\u0131m\u0131z\u0131n, \u00f6l\u00e7me de\u011ferlendirme uzmanlar\u0131m\u0131z\u0131n da desteklerine ihtiyac\u0131m\u0131z oldu\u011funu d\u00fc\u015f\u00fcn\u00fcyorum. Onlar\u0131 da \u00e7al\u0131\u015fmalar\u0131m\u0131za dahil etmemiz gerekti\u011fini d\u00fc\u015f\u00fcn\u00fcyorum.\u201d<\/p>\n<p><strong>\u00d6\u011eRETMENLERE \u201c\u0130DEAL\u0130ZM\u201d ELE\u015eT\u0130R\u0130S\u0130<\/strong><\/p>\n<p>T\u00fcrkiye\u2019de 1 milyon 100 binin \u00fczerinde devlette \u00e7al\u0131\u015fan \u00f6\u011fretmen oldu\u011funu belirten Bilal Erdo\u011fan, \u00f6\u011fretmenleri motive etme ve g\u00fc\u00e7lendirme konusunun ele al\u0131nmas\u0131 gerekti\u011fini s\u00f6yledi.<\/p>\n<p>T\u00fcrkiye\u2019de \u00f6\u011fretmen belirleme sisteminin \u201cideal meslek\u201d kurgusuna g\u00f6re de\u011fil memuriyet sistemine g\u00f6re yap\u0131ld\u0131\u011f\u0131n\u0131 iddia eden Erdo\u011fan \u015f\u00f6yle devam etti:<\/p>\n<p>\u201cT\u00fcrkiye\u2019de kimse iddia edemez ki ancak idealist insanlar \u00f6\u011fretmen oluyor. B\u00f6yle bir iddias\u0131 olan varsa tart\u0131\u015fabiliriz tabii ama bir\u00e7o\u011fu memur olmak i\u00e7in \u00f6\u011fretmen oluyor. Velhas\u0131l kelam, \u2018Ben ideal meslek olarak \u00f6\u011fretmenli\u011fe girdim.\u2019 diyerek gelenlerle bu \u00f6\u011fretmenlik mesle\u011fi kurgulanm\u0131yorsa T\u00fcrkiye\u2019de, o zaman bu gelen arkada\u015flar\u0131m\u0131z\u0131 biz nas\u0131l de\u011ferli hissettirebiliriz, yapt\u0131klar\u0131 i\u015fin \u00f6nemine nas\u0131l vak\u0131f hale getirebiliriz, nas\u0131l motive edebiliriz, buna kafa yormam\u0131z laz\u0131m ve bu \u015fu anda e\u011fitimde en h\u0131zl\u0131 sonu\u00e7 alabilece\u011fimiz ve sivil toplum olarak boynumuzun borcu olan bir \u00e7al\u0131\u015fma sistemati\u011fi diye d\u00fc\u015f\u00fcn\u00fcyorum. Gelin hep birlikte bizler imam hatip mezunu dernekleri olarak, imam hatipliler olarak kendi okullar\u0131m\u0131zdaki \u00f6\u011fretmenlere k\u0131ymet vermeyi tercih edelim.\u201d<\/p>\n<p><img decoding=\"async\" src=\"https:\/\/i01.sozcucdn.com\/wp-content\/uploads\/2023\/09\/02\/aa-20230902-32055763-32055753-onder_20_imam_hatipliler_kurultayi-min.jpg\" alt=\"\" title=\"\"><\/p>\n<p><strong>\u201cBA\u015eLIYORSUN, EMEKL\u0130L\u0130\u011eE KADAR G\u0130D\u0130YORSUN\u201d<\/strong><\/p>\n<p>Sisteme dahil olan idealist \u00f6\u011fretmenin bile 3 y\u0131l sonra \u201cNiye u\u011fra\u015f\u0131yorum?\u201d diyece\u011fini aktaran Erdo\u011fan \u015funlar\u0131 kaydetti:<\/p>\n<p>\u201cBen olsam ben kendime g\u00fcvenemem. \u2018Niye u\u011fra\u015f\u0131yorum?\u2019. \u2018Daha ba\u015far\u0131l\u0131 oldum diye birisi beni m\u00fckafatland\u0131racak m\u0131?\u2019, \u2018Daha ba\u015far\u0131l\u0131 oldum diye bana bir kuru\u015f fazla bir \u015fey mi verilecek?\u2019 Var m\u0131 b\u00f6yle bir \u015fey \u00f6\u011fretmenlikte? Yok. Ba\u015fl\u0131yorsun, emeklili\u011fe kadar gidiyorsunuz. Yani dolay\u0131s\u0131yla bir de bir tarafta yan gelip yatan \u00e7ok fazla gayret g\u00f6stermeyen birka\u00e7 \u00f6\u011fretmen arkada\u015f\u0131n\u0131 g\u00f6r\u00fcrsen o da seni de demotive ediyor, \u2018Ben niye u\u011fra\u015f\u0131yorum\u2019 diyorsun. B\u00f6yle bir ortamda bizim o zaman bu i\u015fin destek\u00e7ileri, g\u00f6n\u00fcll\u00fcleri olarak bu \u00f6\u011fretmen arkada\u015flar\u0131m\u0131z\u0131 yermek yerine, k\u0131namak yerine, kar\u015f\u0131m\u0131za almak yerine, yan\u0131m\u0131za alman\u0131n, arkas\u0131nda durman\u0131n, desteklemenin m\u00fccadelesini verirsek, moral-motivasyon verecek \u00e7al\u0131\u015fmalar\u0131 g\u00fcdebilirsek o zaman onun neticesini biz bir \u00f6\u011fretmenle onun o g\u00fcn s\u0131n\u0131f\u0131ndaki 30-40 \u00f6\u011frencide ger\u00e7ekle\u015ftirmi\u015f, ba\u015farm\u0131\u015f oluruz.\u201d<\/p>\n<p><strong>\u201cEN BA\u015eARILI \u00c7OCUKLARIMIZI \u00d6\u011eRETMEN OLMAYA TE\u015eV\u0130K EDECE\u011e\u0130Z\u201d<\/strong><\/p>\n<p>\u00d6\u011fretmenlerin motivasyonun art\u0131racak \u00e7al\u0131\u015fmalar\u0131n h\u0131zl\u0131 \u015fekilde d\u00f6n\u00fc\u015f\u00fc olaca\u011f\u0131na inand\u0131\u011f\u0131n\u0131 belirten Erdo\u011fan, \u201cBug\u00fcn mevcut \u00f6\u011fretmenlerimizi motive edelim; peki \u201910 y\u0131l sonra, 20 y\u0131l sonra daha iyi bir \u00f6\u011fretmen kadrosuna nas\u0131l sahip olabiliriz\u2019 diyorsak o zaman \u00e7ocuklar\u0131m\u0131z \u00f6\u011fretmen yapaca\u011f\u0131z. O zaman en ba\u015far\u0131l\u0131 \u00e7ocuklar\u0131m\u0131z\u0131, \u00f6\u011fretmen olmaya te\u015fvik edece\u011fiz.\u201d dedi.<\/p>\n<p>\u201c\u00d6\u011fretmen olmak isteyen var m\u0131?\u201d \u015feklinde anaokulu ve ilkokullarda soru y\u00f6neltildi\u011finde, \u00e7ocuklar\u0131n \u00e7o\u011funlu\u011funun el kald\u0131rd\u0131\u011f\u0131n\u0131 ifade eden Erdo\u011fan s\u00f6zlerini \u015f\u00f6yle s\u00fcrd\u00fcrd\u00fc:<\/p>\n<p>\u201cOrtaokulda sorun ayn\u0131 soruyu, azal\u0131yor. Lisede sorun, neredeyse el kald\u0131ran g\u00f6remiyorsunuz. \u00d6zellikle ba\u015far\u0131l\u0131 okullarda bu tablo daha da k\u00f6t\u00fc. Bunu biraz daha kurcalad\u0131\u011f\u0131m\u0131z zaman, \u00f6\u011fretmeninden \u015fikayet eden \u00f6\u011frenci, \u00f6\u011frencisinden \u015fikayet eden \u00f6\u011fretmenlerle kar\u015f\u0131la\u015f\u0131yorsunuz. Dolay\u0131s\u0131yla e\u011fer biz T\u00fcrkiye\u2019nin gelece\u011fini kuracak olan bu \u00e7ocuklar\u0131m\u0131z\u0131 yeti\u015ftiren \u00f6\u011fretmenlerimiz en nirengi noktadaysa e\u011fer, o zaman g\u00f6z bebe\u011fimiz \u00e7ocuklar\u0131m\u0131z\u0131 \u00e7ok seviyorsak, \u00e7ok ba\u015far\u0131l\u0131 olduklar\u0131n\u0131 d\u00fc\u015f\u00fcn\u00fcyorsak, \u00e7ok b\u00fcy\u00fck i\u015fler yaps\u0131nlar istiyorsak, kendi \u00e7ocuklar\u0131m\u0131z\u0131 e\u011fitime, \u00f6\u011fretmenli\u011fe y\u00f6nlendirelim, akademisyen olmaya y\u00f6nlendirelim. Okul \u00f6ncesinde, ilkokulda ya ortaokulda, lisede, ya \u00fcniversite koridorlar\u0131nda nesil yeti\u015ftirmek isteyen neferleri acaba motive edebiliyor muyuz? Biraz daha orta ve uzun vadede bunun hesab\u0131n\u0131 yapmam\u0131z gerekti\u011fini d\u00fc\u015f\u00fcn\u00fcyorum.\u201d<\/p>\n<p><strong>\u201cHAN\u0130 \u0130LAH\u0130YAT FAK\u00dcLTES\u0130NE G\u0130DEN?\u201d<\/strong><\/p>\n<p>En ba\u015far\u0131l\u0131 imam hatiplerde, ba\u015far\u0131l\u0131 \u00f6\u011frencilerin \u00e7o\u011funlukla m\u00fchendislik ya da t\u0131p e\u011fitimi almak istedi\u011fini kaydeden Bilal Erdo\u011fan, \u201cHani e\u011fitim fak\u00fcltesine giden, hani \u00f6\u011fretmen olmak isteyen, hani ilahiyat fak\u00fcltesine giden?\u201d diye sordu.<\/p>\n<p>Kartal \u0130mam Hatip Lisesi&#8217;nde ilahiyat fak\u00fcltesine ve sosyal bilimler alan\u0131ndaki di\u011fer b\u00f6l\u00fcmlere gitmesi i\u00e7in \u00f6\u011frencileri te\u015fvik ettiklerini belirten Erdo\u011fan \u015f\u00f6yle konu\u015ftu:<\/p>\n<p>\u201cBug\u00fcn bizim bo\u011fu\u015ftu\u011fumuz meselelerle bo\u011fu\u015facak olanlar fikredenler, sosyal bilimciler, kanaat \u00f6nderleri, toplumun \u00f6n\u00fcnde y\u00fcr\u00fcyen insanlar, yazd\u0131klar\u0131yla \u00e7izdikleriyle konu\u015ftuklar\u0131yla kitlelere ilham veren insanlar, bu insanlar\u0131 t\u0131p fak\u00fclteleri, m\u00fchendislik fak\u00fclteleri yeti\u015ftirsin g\u00f6n\u00fcl arzu ediyor ama istisna. Dolay\u0131s\u0131yla toplumun meselelerine kafa yoracak, \u00f6zellikle \u0130slami ilimleri 21. y\u00fczy\u0131lda yeniden y\u00fcceltecek fikir insanlar\u0131n\u0131 yeti\u015ftirmek istiyorsak, bu parlak \u00e7ocuklar\u0131m\u0131z\u0131n \u00f6zellikle ilahiyat fak\u00fcltelerimize, sosyal bilimlere y\u00f6nlenmesini sa\u011flayacak \u00f6\u011fretmenlere ihtiyac\u0131m\u0131z var.\u201d<\/p>\n<p><strong>\u201c\u0130\u00c7\u0130M \u00c7OK RAHAT\u201d<\/strong><\/p>\n<p>\u0130mam hatip liselerinde meslek derslerini verecek \u00f6\u011fretmen bulunamad\u0131\u011f\u0131 d\u00f6nemlerden bug\u00fcnlere b\u00fcy\u00fck a\u015famalar kaydedildi\u011fini, \u00fcniversite s\u0131navlar\u0131nda, uluslararas\u0131 alanda ve TEKNOFEST organizasyonlar\u0131ndaki imam hatiplilerden s\u00f6z edildi\u011fini, Cumhurba\u015fkan\u0131 Recep Tayyip Erdo\u011fan ve TBMM Ba\u015fkan\u0131 Numan Kurtulmu\u015f\u2019un da aralar\u0131nda yer ald\u0131\u011f\u0131 imam hatiplilerin ba\u015far\u0131lar\u0131n\u0131 m\u00fc\u015fahede ettiklerini dile getiren Erdo\u011fan, \u201cYeni yeti\u015fen \u00e7ocuklar\u0131n \u00f6n\u00fcm\u00fczdeki 20-30 y\u0131la nas\u0131l damgas\u0131n\u0131 vuraca\u011f\u0131 konusunda benim i\u00e7im \u00e7ok rahat ama elimizdeki imkanlarla, motivasyonlarla daha iyisini yapabilece\u011fini d\u00fc\u015f\u00fcn\u00fcyorum ve bunun m\u00fccadelesi i\u00e7inde olmam\u0131z gerekti\u011fini d\u00fc\u015f\u00fcn\u00fcyorum.\u201d dedi. (AA)<\/p>\n","protected":false},"excerpt":{"rendered":"<p>Cumhurba\u015fkan\u0131 ve AKP Genel Ba\u015fkan\u0131 Recep Tayyip Erdo\u011fan\u2019\u0131n o\u011flu Bilal Erdo\u011fan, \u00f6\u011fretmenlerin bir\u00e7o\u011funun idealist oldu\u011fu i\u00e7in de\u011fil memur olmak istedi\u011fi i\u00e7in bu mesle\u011fi se\u00e7ti\u011fini savundu.<\/p>\n","protected":false},"author":1,"featured_media":123073,"comment_status":"closed","ping_status":"open","sticky":false,"template":"","format":"standard","meta":{"footnotes":""},"categories":[26],"tags":[546,2058,259,2754,3840],"class_list":["post-123072","post","type-post","status-publish","format-standard","has-post-thumbnail","hentry","category-gundem","tag-basari","tag-calismalar","tag-erdogan","tag-ogrenci","tag-ogretmen"],"_links":{"self":[{"href":"https:\/\/haberulus.net\/index.php?rest_route=\/wp\/v2\/posts\/123072","targetHints":{"allow":["GET"]}}],"collection":[{"href":"https:\/\/haberulus.net\/index.php?rest_route=\/wp\/v2\/posts"}],"about":[{"href":"https:\/\/haberulus.net\/index.php?rest_route=\/wp\/v2\/types\/post"}],"author":[{"embeddable":true,"href":"https:\/\/haberulus.net\/index.php?rest_route=\/wp\/v2\/users\/1"}],"replies":[{"embeddable":true,"href":"https:\/\/haberulus.net\/index.php?rest_route=%2Fwp%2Fv2%2Fcomments&post=123072"}],"version-history":[{"count":1,"href":"https:\/\/haberulus.net\/index.php?rest_route=\/wp\/v2\/posts\/123072\/revisions"}],"predecessor-version":[{"id":123074,"href":"https:\/\/haberulus.net\/index.php?rest_route=\/wp\/v2\/posts\/123072\/revisions\/123074"}],"wp:featuredmedia":[{"embeddable":true,"href":"https:\/\/haberulus.net\/index.php?rest_route=\/wp\/v2\/media\/123073"}],"wp:attachment":[{"href":"https:\/\/haberulus.net\/index.php?rest_route=%2Fwp%2Fv2%2Fmedia&parent=123072"}],"wp:term":[{"taxonomy":"category","embeddable":true,"href":"https:\/\/haberulus.net\/index.php?rest_route=%2Fwp%2Fv2%2Fcategories&post=123072"},{"taxonomy":"post_tag","embeddable":true,"href":"https:\/\/haberulus.net\/index.php?rest_route=%2Fwp%2Fv2%2Ftags&post=123072"}],"curies":[{"name":"wp","href":"https:\/\/api.w.org\/{rel}","templated":true}]}}