{"id":123075,"date":"2023-09-02T21:21:04","date_gmt":"2023-09-02T21:21:04","guid":{"rendered":"https:\/\/haberulus.net\/?p=123075"},"modified":"2023-09-02T21:21:04","modified_gmt":"2023-09-02T21:21:04","slug":"isyan-haftalardir-suruyor-100-binlerce-kisi-sokakta","status":"publish","type":"post","link":"https:\/\/haberulus.net\/?p=123075","title":{"rendered":"\u0130syan haftalard\u0131r s\u00fcr\u00fcyor: 100 binlerce ki\u015fi sokakta"},"content":{"rendered":"<p>\u0130srail\u2019de Ba\u015fbakan Binyamin Netanyahu h\u00fck\u00fcmetinin, Meclis\u2019ten ge\u00e7irdi\u011fi tart\u0131\u015fmal\u0131 yarg\u0131 d\u00fczenlemesine kar\u015f\u0131 \u0130srail\u2019in Hayfa kentinde ger\u00e7ekle\u015ftirilen protesto g\u00f6sterileri 35. haftas\u0131nda devam etti.<\/p>\n<p><img decoding=\"async\" src=\"https:\/\/i01.sozcucdn.com\/wp-content\/uploads\/2023\/09\/02\/ya101_23645086.jpg\" alt=\"\" title=\"\"><\/p>\n<p>Binlerce \u0130srailli, bayraklar, yarg\u0131 d\u00fczenlemesi kar\u015f\u0131t\u0131 pankartlar, trampet ve d\u00fcd\u00fcklerle Hayfa\u2019n\u0131n i\u015flek noktalar\u0131ndan Kermel Caddesi\u2019nde topland\u0131.<\/p>\n<p><img decoding=\"async\" src=\"https:\/\/i01.sozcucdn.com\/wp-content\/uploads\/2023\/09\/02\/ya91_23645064.jpg\" alt=\"\" title=\"\"><\/p>\n<p>G\u00f6stericiler Kermel Caddesi\u2019nden Netanyahu h\u00fck\u00fcmeti kar\u015f\u0131t\u0131 protestolarda sembol haline gelen Hurib kav\u015fa\u011f\u0131na do\u011fru y\u00fcr\u00fcd\u00fc.<\/p>\n<p><img decoding=\"async\" src=\"https:\/\/i01.sozcucdn.com\/wp-content\/uploads\/2023\/09\/02\/ya81_23645065.jpg\" alt=\"\" title=\"\"><\/p>\n<p><strong>\u0130SRA\u0130L\u2019DE H\u00dcK\u00dcMET\u0130N YARGI D\u00dcZENLEMES\u0130<\/strong><\/p>\n<p>\u0130srail\u2019de h\u00fck\u00fcmetin tart\u0131\u015fmal\u0131 yarg\u0131 d\u00fczenlemesi y\u0131lba\u015f\u0131ndan bug\u00fcne \u00fclke g\u00fcndeminin merkezinde kalmaya devam ediyor.<\/p>\n<p><img decoding=\"async\" src=\"https:\/\/i01.sozcucdn.com\/wp-content\/uploads\/2023\/09\/02\/ya14.jpg\" alt=\"\" title=\"\"><\/p>\n<p>\u0130srail Adalet Bakan\u0131 Yariv Levin\u2019in, 5 Ocak\u2019ta duyurdu\u011fu \u201cyarg\u0131 reformu\u201d Y\u00fcksek Mahkeme\u2019nin yetkilerini s\u0131n\u0131rland\u0131rma ve iktidar\u0131n yarg\u0131 atamalar\u0131nda s\u00f6z sahibi olmas\u0131 gibi de\u011fi\u015fiklikler i\u00e7eriyor.<\/p>\n<p><img decoding=\"async\" src=\"https:\/\/i01.sozcucdn.com\/wp-content\/uploads\/2023\/09\/02\/ya13.jpg\" alt=\"\" title=\"\"><\/p>\n<p>Ba\u015fbakan Netanyahu, 27 Mart\u2019ta, \u00fclke \u00e7ap\u0131nda giderek artan kitlesel protestolara ve grevlere neden olan yarg\u0131 d\u00fczenlemesini erteledi\u011fini a\u00e7\u0131klam\u0131\u015f ancak 2023-2024 b\u00fct\u00e7esinin may\u0131s sonunda Meclisten ge\u00e7mesinin ard\u0131ndan yarg\u0131 d\u00fczenlemesini tekrar g\u00fcndeme getireceklerini duyurmu\u015ftu.<\/p>\n<p><img decoding=\"async\" src=\"https:\/\/i01.sozcucdn.com\/wp-content\/uploads\/2023\/09\/02\/ya12.jpg\" alt=\"\" title=\"\"><\/p>\n<p>H\u00fck\u00fcmet, muhalefetle m\u00fczakerelerin t\u0131kanmas\u0131n\u0131n ard\u0131ndan yarg\u0131 d\u00fczenlemesi i\u00e7in yeniden d\u00fc\u011fmeye basm\u0131\u015ft\u0131.<\/p>\n<p><img decoding=\"async\" src=\"https:\/\/i01.sozcucdn.com\/wp-content\/uploads\/2023\/09\/02\/ya1.jpg\" alt=\"\" title=\"\"><\/p>\n<p>Netanyahu h\u00fck\u00fcmeti, Y\u00fcksek Mahkeme\u2019nin h\u00fck\u00fcmet \u00fczerindeki denetimini kald\u0131racak yasa tasar\u0131s\u0131n\u0131 \u00fclke \u00e7ap\u0131nda kitlesel protestolar ve yo\u011fun kamuoyu tart\u0131\u015fmalar\u0131na ra\u011fmen 24 Temmuz\u2019da Mecliste muhalefetin boykot etti\u011fi oturumda kabul etmi\u015fti.<\/p>\n<p><img decoding=\"async\" src=\"https:\/\/i01.sozcucdn.com\/wp-content\/uploads\/2023\/09\/02\/ya11.jpg\" alt=\"\" title=\"\"><\/p>\n<p>\u015eu ana kadar yarg\u0131 d\u00fczenlemesi kapsam\u0131nda \u0130srail Meclisinden, yarg\u0131n\u0131n y\u00fcr\u00fctme \u00fczerindeki denetimini s\u0131n\u0131rlayan iki yasa ge\u00e7ti.<\/p>\n<p><img decoding=\"async\" src=\"https:\/\/i01.sozcucdn.com\/wp-content\/uploads\/2023\/09\/02\/ya6.jpg\" alt=\"\" title=\"\"><\/p>\n<p>Bunlar, mart ay\u0131nda, Y\u00fcksek Mahkemenin Netanyahu&#8217;yu g\u00f6revden almas\u0131n\u0131 s\u0131n\u0131rlayan yasa ile temmuz ay\u0131nda \u201cakla uygunluk\u201d ad\u0131yla bilinen yasadan olu\u015fuyor.<\/p>\n<p><img decoding=\"async\" src=\"https:\/\/i01.sozcucdn.com\/wp-content\/uploads\/2023\/09\/02\/ya5.jpg\" alt=\"\" title=\"\"><\/p>\n<p>\u201cAkla Uygunluk Yasas\u0131\u201d, h\u00fck\u00fcmetin ald\u0131\u011f\u0131 bir karar\u0131n makul g\u00f6r\u00fclmedi\u011fi durumlarda Y\u00fcksek Mahkemeye bu karar\u0131 bozma yetkisi veriyor. Buna g\u00f6re, \u201cakla uygun olmayan\u201d bir karar, \u201ckamu yarar\u0131n\u0131 yeterince dikkate almadan orant\u0131s\u0131z bir \u015fekilde siyasi \u00e7\u0131karlara odaklanan karar\u201d olarak tan\u0131mlan\u0131yor.<\/p>\n<p><img decoding=\"async\" src=\"https:\/\/i01.sozcucdn.com\/wp-content\/uploads\/2023\/09\/02\/ya4.jpg\" alt=\"\" title=\"\"><\/p>\n<p>Netanyahu h\u00fck\u00fcmeti, Y\u00fcksek Mahkemenin, Meclisin \u00e7\u0131kard\u0131\u011f\u0131 kanunlar\u0131, Anayasa tasla\u011f\u0131 olarak kabul edilen \u201cTemel Kanunlara\u201d veya insan haklar\u0131na ayk\u0131r\u0131l\u0131k gerek\u00e7esiyle bozma yetkisini ge\u00e7ersiz k\u0131lma maddesi de olmak \u00fczere 6 maddeyi daha yarg\u0131 d\u00fczenlemeleri kapsam\u0131nda y\u00fcr\u00fcrl\u00fc\u011fe koymak istiyor.<\/p>\n<p><img decoding=\"async\" src=\"https:\/\/i01.sozcucdn.com\/wp-content\/uploads\/2023\/09\/02\/ya3.jpg\" alt=\"\" title=\"\"><\/p>\n<p>\u0130srail\u2019de muhalefet partileri, eski milletvekilleri ve baz\u0131 sivil toplum kurulu\u015flar\u0131, Meclisin 24 Temmuz\u2019da ge\u00e7irdi\u011fi \u201cAkla Uygunluk Yasas\u0131\u201dn\u0131n iptali i\u00e7in ba\u015fvurmu\u015ftu.<\/p>\n","protected":false},"excerpt":{"rendered":"<p>\u0130srail Ba\u015fbakan Binyamin Netanyahu \u00f6nc\u00fcl\u00fc\u011f\u00fcndeki koalisyon h\u00fck\u00fcmetinin yarg\u0131 d\u00fczenlemesi kapsam\u0131nda Y\u00fcksek Mahkemenin h\u00fck\u00fcmet \u00fczerindeki denetimini kald\u0131ran yasa tasar\u0131s\u0131n\u0131 Meclis&#8217;ten ge\u00e7irmesini protesto eden 100 binlerce \u0130srailli \u00fclke genelinde yine sokaklara indi.<\/p>\n","protected":false},"author":1,"featured_media":123076,"comment_status":"closed","ping_status":"open","sticky":false,"template":"","format":"standard","meta":{"footnotes":""},"categories":[24],"tags":[3628,349,8683,13084,597],"class_list":["post-123075","post","type-post","status-publish","format-standard","has-post-thumbnail","hentry","category-dunya","tag-hukumeti","tag-israil","tag-netanyahu","tag-yargi-duzenlemesi","tag-yasa"],"_links":{"self":[{"href":"https:\/\/haberulus.net\/index.php?rest_route=\/wp\/v2\/posts\/123075","targetHints":{"allow":["GET"]}}],"collection":[{"href":"https:\/\/haberulus.net\/index.php?rest_route=\/wp\/v2\/posts"}],"about":[{"href":"https:\/\/haberulus.net\/index.php?rest_route=\/wp\/v2\/types\/post"}],"author":[{"embeddable":true,"href":"https:\/\/haberulus.net\/index.php?rest_route=\/wp\/v2\/users\/1"}],"replies":[{"embeddable":true,"href":"https:\/\/haberulus.net\/index.php?rest_route=%2Fwp%2Fv2%2Fcomments&post=123075"}],"version-history":[{"count":1,"href":"https:\/\/haberulus.net\/index.php?rest_route=\/wp\/v2\/posts\/123075\/revisions"}],"predecessor-version":[{"id":123077,"href":"https:\/\/haberulus.net\/index.php?rest_route=\/wp\/v2\/posts\/123075\/revisions\/123077"}],"wp:featuredmedia":[{"embeddable":true,"href":"https:\/\/haberulus.net\/index.php?rest_route=\/wp\/v2\/media\/123076"}],"wp:attachment":[{"href":"https:\/\/haberulus.net\/index.php?rest_route=%2Fwp%2Fv2%2Fmedia&parent=123075"}],"wp:term":[{"taxonomy":"category","embeddable":true,"href":"https:\/\/haberulus.net\/index.php?rest_route=%2Fwp%2Fv2%2Fcategories&post=123075"},{"taxonomy":"post_tag","embeddable":true,"href":"https:\/\/haberulus.net\/index.php?rest_route=%2Fwp%2Fv2%2Ftags&post=123075"}],"curies":[{"name":"wp","href":"https:\/\/api.w.org\/{rel}","templated":true}]}}