{"id":123078,"date":"2023-09-02T21:21:05","date_gmt":"2023-09-02T21:21:05","guid":{"rendered":"https:\/\/haberulus.net\/?p=123078"},"modified":"2023-09-02T21:21:05","modified_gmt":"2023-09-02T21:21:05","slug":"antalyaspor-ile-kayserispor-yenisemedi-1-1","status":"publish","type":"post","link":"https:\/\/haberulus.net\/?p=123078","title":{"rendered":"Antalyaspor ile Kayserispor yeni\u015femedi: 1-1"},"content":{"rendered":"<p>Trendyol S\u00fcper Lig\u2019in 4. haftas\u0131nda Antalyaspor ile Kayserispor kar\u015f\u0131 kar\u015f\u0131ya geldi. Corendon Airlines Park\u2019ta oynanan m\u00fccadele 1-1\u2019lik beraberlikle sona erdi.<\/p>\n<p>Kayserispor 35. dakikada Thiam ile \u00f6ne ge\u00e7erken Antalyaspor 44\u2019te Van de Streek ile cevap verdi.<\/p>\n<p>Ma\u00e7\u0131 ikinci yar\u0131s\u0131nda tak\u0131mlar skoru de\u011fi\u015ftiremedi.<\/p>\n<p>Bu skorun ard\u0131ndan Antalyaspor 3, Kayserispor da 6 puana y\u00fckseldi.<\/p>\n<p>Ligdeki galibiyeti olmayan Antalyaspor milli aran\u0131n ard\u0131ndan Fenerbah\u00e7e deplasman\u0131na \u00e7\u0131kacak. Kayserispor da sahas\u0131nda Gaziantep FK\u2019y\u0131 konuk edecek.<\/p>\n<p><b>MA\u00c7TAN DAK\u0130KALAR<\/b><\/p>\n<p>1. dakikada sa\u011f k\u00f6\u015feden korneri kullanan Larsson\u2019un ceza sahas\u0131na ortas\u0131nda Saric topa kafay\u0131 vurdu. Kaleci Bilal Bayaz\u0131t me\u015fin yuvarla\u011f\u0131 kornere g\u00f6nderdi.<\/p>\n<p>20. dakikada Larsson\u2019un ceza sahas\u0131 d\u0131\u015f\u0131ndan \u015futunda, top yandan auta \u00e7\u0131kt\u0131.<\/p>\n<p>21. dakikada Thiam\u2019\u0131n pas\u0131nda ceza sahas\u0131 d\u0131\u015f\u0131nda topla bulu\u015fan Ramazan Civelek\u2019in \u015futunda, me\u015fin yuvarlak d\u0131\u015far\u0131ya gitti.<\/p>\n<p>34. dakikada konuk ekip \u00f6ne ge\u00e7ti. Ramazan Civelek\u2019in sa\u011f k\u00f6\u015feden kulland\u0131\u011f\u0131 kornerde ceza sahas\u0131nda iyi y\u00fckselen Thiam, kafayla topu kaleci Leite\u2019nin solundan a\u011flara g\u00f6nderdi: 0-1.<\/p>\n<p>44. dakikada Bitexen Antalyaspor e\u015fitli\u011fi yakalad\u0131. Carole\u2019\u00fcn ceza sahas\u0131nda uzakla\u015ft\u0131rmak i\u00e7in vurdu\u011fu top, tak\u0131m arkada\u015f\u0131 Arif Kocaman\u2019a \u00e7arpt\u0131. K\u0131sa d\u00fc\u015fen topu ceza alan\u0131nda \u00f6n\u00fcnde bulan Streek, me\u015fin yuvarla\u011f\u0131 kaleci Bilal Bayaz\u0131t\u2019\u0131n sa\u011f\u0131ndan filelerle bulu\u015fturdu: 1-1.<\/p>\n<p>Kar\u015f\u0131la\u015fman\u0131n ilk yar\u0131s\u0131, 1-1 sona erdi.<\/p>\n","protected":false},"excerpt":{"rendered":"<p>Ligdeki ilk galibiyetini arayan Antalyaspor, sahas\u0131nda Kayserispor&#8217;a kar\u015f\u0131 geri d\u00fc\u015fmesine ra\u011fmen sahadan 1 puanla ayr\u0131ld\u0131.<\/p>\n","protected":false},"author":1,"featured_media":123079,"comment_status":"closed","ping_status":"open","sticky":false,"template":"","format":"standard","meta":{"footnotes":""},"categories":[31],"tags":[448,11137,207],"class_list":["post-123078","post","type-post","status-publish","format-standard","has-post-thumbnail","hentry","category-spor","tag-antalyaspor","tag-ceza-sahasi","tag-top"],"_links":{"self":[{"href":"https:\/\/haberulus.net\/index.php?rest_route=\/wp\/v2\/posts\/123078","targetHints":{"allow":["GET"]}}],"collection":[{"href":"https:\/\/haberulus.net\/index.php?rest_route=\/wp\/v2\/posts"}],"about":[{"href":"https:\/\/haberulus.net\/index.php?rest_route=\/wp\/v2\/types\/post"}],"author":[{"embeddable":true,"href":"https:\/\/haberulus.net\/index.php?rest_route=\/wp\/v2\/users\/1"}],"replies":[{"embeddable":true,"href":"https:\/\/haberulus.net\/index.php?rest_route=%2Fwp%2Fv2%2Fcomments&post=123078"}],"version-history":[{"count":1,"href":"https:\/\/haberulus.net\/index.php?rest_route=\/wp\/v2\/posts\/123078\/revisions"}],"predecessor-version":[{"id":123080,"href":"https:\/\/haberulus.net\/index.php?rest_route=\/wp\/v2\/posts\/123078\/revisions\/123080"}],"wp:featuredmedia":[{"embeddable":true,"href":"https:\/\/haberulus.net\/index.php?rest_route=\/wp\/v2\/media\/123079"}],"wp:attachment":[{"href":"https:\/\/haberulus.net\/index.php?rest_route=%2Fwp%2Fv2%2Fmedia&parent=123078"}],"wp:term":[{"taxonomy":"category","embeddable":true,"href":"https:\/\/haberulus.net\/index.php?rest_route=%2Fwp%2Fv2%2Fcategories&post=123078"},{"taxonomy":"post_tag","embeddable":true,"href":"https:\/\/haberulus.net\/index.php?rest_route=%2Fwp%2Fv2%2Ftags&post=123078"}],"curies":[{"name":"wp","href":"https:\/\/api.w.org\/{rel}","templated":true}]}}