{"id":123093,"date":"2023-09-02T22:35:08","date_gmt":"2023-09-02T22:35:08","guid":{"rendered":"https:\/\/haberulus.net\/?p=123093"},"modified":"2023-09-02T22:35:08","modified_gmt":"2023-09-02T22:35:08","slug":"okan-buruktan-transfer-ve-sergio-oliveira-sozleri","status":"publish","type":"post","link":"https:\/\/haberulus.net\/?p=123093","title":{"rendered":"Okan Buruk\u2019tan transfer ve Sergio Oliveira s\u00f6zleri"},"content":{"rendered":"<p>Trendyol S\u00fcper Lig\u2019in 4. haftas\u0131nda konuk oldu\u011fu Gaziantep FK\u2019yi 3-0 yenen Galatasaray\u2019\u0131n teknik direkt\u00f6r\u00fc Okan Buruk, \u201c\u0130kinci yar\u0131 \u00f6zellikle ikinci gol\u00fc att\u0131\u011f\u0131m\u0131zda ma\u00e7\u0131 bitirebilece\u011fimizi d\u00fc\u015f\u00fcn\u00fcyorduk. Nitekim b\u00f6yle oldu. \u0130kinci ve \u00fc\u00e7\u00fcnc\u00fc gol\u00fc bulduk ve ma\u00e7 bizim a\u00e7\u0131m\u0131zdan g\u00fczel bir \u015fekilde bitti.\u201d dedi.<\/p>\n<p>Buruk, kar\u015f\u0131la\u015fman\u0131n ard\u0131ndan d\u00fczenlenen bas\u0131n toplant\u0131s\u0131na, 6 \u015eubat\u2019taki Kahramanmara\u015f depremlerinde hayat\u0131n\u0131 kaybedenlere Allah\u2019tan rahmet, yak\u0131nlar\u0131na ba\u015fsa\u011fl\u0131\u011f\u0131 dileyerek ba\u015flad\u0131.<\/p>\n<p>Ma\u00e7a iyi ba\u015flad\u0131klar\u0131n\u0131 belirten Buruk, topa sahip olduklar\u0131nda iyi i\u015fler yapt\u0131klar\u0131n\u0131 ve ilk dakikalarda gol bulduklar\u0131n\u0131 s\u00f6yledi.<\/p>\n<p><b>MA\u00c7 DE\u011eERLEND\u0130RMES\u0130<\/b><\/p>\n<p>M\u00fcsabakay\u0131 s\u00fcrekli \u00fcst\u00fcn g\u00f6t\u00fcrd\u00fcklerini aktaran Buruk, \u015funlar\u0131 kaydetti:<\/p>\n<p>\u201cYar\u0131m saat rakibimize \u00e7ok fazla pozisyon vermedik ama ilk yar\u0131n\u0131n sonuna do\u011fru rakibimizin de girdi\u011fi net bir pozisyon vard\u0131. Kalemize daha \u00e7ok gelmeye \u00e7al\u0131\u015ft\u0131lar. \u0130kinci yar\u0131 \u00f6zellikle ikinci gol\u00fc att\u0131\u011f\u0131m\u0131zda ma\u00e7\u0131 bitirebilece\u011fimizi d\u00fc\u015f\u00fcn\u00fcyorduk. Nitekim b\u00f6yle oldu. \u0130kinci ve \u00fc\u00e7\u00fcnc\u00fc gol\u00fc bulduk ve ma\u00e7 bizim a\u00e7\u0131m\u0131zdan g\u00fczel bir \u015fekilde bitti. Oyun olarak da disiplin olarak da konsantrasyon olarak da iyi g\u00fcn\u00fcm\u00fczdeydik. Oyuncular\u0131m\u0131 bu anlamda kutluyorum. Her ge\u00e7en g\u00fcn oynad\u0131k\u00e7a, bir arada oynad\u0131k\u00e7a kendi geli\u015fimleri art\u0131yor. Hem fiziksel olarak geli\u015fiyorlar hem taktiksel olarak geli\u015fiyorlar hem de birbirlerine uyum sa\u011fl\u0131yorlar. Bu ma\u00e7\u0131n \u00f6zelinde bakt\u0131\u011f\u0131m\u0131zda genel olarak oynayan, giren \u00e7\u0131kan hepsi \u00e7ok iyi bir performans sergiledi.\u201d<\/p>\n<p><b>SERGIO OLIVEIRA<\/b><\/p>\n<p>Buruk, Sergio Oliveira ile ilgili soruyu ise \u015f\u00f6yle yan\u0131tlad\u0131:<\/p>\n<p>\u201c\u0130ki g\u00fcn \u00f6nceki antrenmanda bir a\u011fr\u0131 oldu. Antrenman\u0131 b\u0131rakm\u0131\u015ft\u0131. D\u00fcn de konu\u015ftu\u011fumuzda zorlamaya gerek olmad\u0131\u011f\u0131n\u0131 kendi aram\u0131zda konu\u015ftuk. Doktorumuzla konu\u015ftuk. O y\u00fczden buraya getirmedik.\u201d<\/p>\n<p><b>TRANSFER A\u00c7IKLAMASI<\/b><\/p>\n<p>Transfer \u00e7al\u0131\u015fmalar\u0131na da de\u011finen Buruk, s\u00f6zlerini \u015f\u00f6yle tamamlad\u0131:<\/p>\n<p>\u201cTransfer \u00e7al\u0131\u015fmalar\u0131 devam ediyor. Bu anlamda ba\u015fkan\u0131m\u0131z, y\u00f6netim kurulumuz zaten b\u00fcy\u00fck bir fedakarl\u0131kla transferin en ba\u015f\u0131ndan beri i\u015flerini en iyi \u015fekilde yap\u0131yor. Erden Bey b\u00fcy\u00fck bir mesai veriyor. Avrupa\u2019da transferin kapanmas\u0131 bizim burada biliyorsunuz avantajlar\u0131m\u0131zdan biri de \u00f6zellikle y\u00fcksek fiyatlar\u0131n daha a\u015fa\u011f\u0131 \u00e7ekilmesi\u2026 Biraz bekleme nedenlerimizden biri de buydu. Onun yan\u0131nda \u015eampiyonlar Ligi\u2019ne giderek \u00f6nemli bir katk\u0131 sa\u011flad\u0131k kul\u00fcbe ve bu bizim b\u00fct\u00e7emizde \u00f6nemli bir yer a\u00e7t\u0131. \u015eimdi o b\u00fct\u00e7eyi kullanma \u015fans\u0131m\u0131z var. Bunlar\u0131n hepsi birbirine ba\u011flant\u0131l\u0131yd\u0131 zaten. Her \u015fey planl\u0131 gidiyor bizde. En iyi \u015fekilde bitirece\u011fiz.\u201d (AA)<\/p>\n","protected":false},"excerpt":{"rendered":"<p>Galatasaray Teknik Direkt\u00f6r\u00fc Okan Buruk, Gaziantep FK&#8217;y\u0131 3-0 ma\u011flup ettikleri kar\u015f\u0131la\u015fman\u0131n ard\u0131ndan a\u00e7\u0131klamalarda bulundu.<\/p>\n","protected":false},"author":1,"featured_media":123094,"comment_status":"closed","ping_status":"open","sticky":false,"template":"","format":"standard","meta":{"footnotes":""},"categories":[31],"tags":[200,323,273,290,438],"class_list":["post-123093","post","type-post","status-publish","format-standard","has-post-thumbnail","hentry","category-spor","tag-buruk","tag-gol","tag-ikinci","tag-mac","tag-transfer"],"_links":{"self":[{"href":"https:\/\/haberulus.net\/index.php?rest_route=\/wp\/v2\/posts\/123093","targetHints":{"allow":["GET"]}}],"collection":[{"href":"https:\/\/haberulus.net\/index.php?rest_route=\/wp\/v2\/posts"}],"about":[{"href":"https:\/\/haberulus.net\/index.php?rest_route=\/wp\/v2\/types\/post"}],"author":[{"embeddable":true,"href":"https:\/\/haberulus.net\/index.php?rest_route=\/wp\/v2\/users\/1"}],"replies":[{"embeddable":true,"href":"https:\/\/haberulus.net\/index.php?rest_route=%2Fwp%2Fv2%2Fcomments&post=123093"}],"version-history":[{"count":1,"href":"https:\/\/haberulus.net\/index.php?rest_route=\/wp\/v2\/posts\/123093\/revisions"}],"predecessor-version":[{"id":123095,"href":"https:\/\/haberulus.net\/index.php?rest_route=\/wp\/v2\/posts\/123093\/revisions\/123095"}],"wp:featuredmedia":[{"embeddable":true,"href":"https:\/\/haberulus.net\/index.php?rest_route=\/wp\/v2\/media\/123094"}],"wp:attachment":[{"href":"https:\/\/haberulus.net\/index.php?rest_route=%2Fwp%2Fv2%2Fmedia&parent=123093"}],"wp:term":[{"taxonomy":"category","embeddable":true,"href":"https:\/\/haberulus.net\/index.php?rest_route=%2Fwp%2Fv2%2Fcategories&post=123093"},{"taxonomy":"post_tag","embeddable":true,"href":"https:\/\/haberulus.net\/index.php?rest_route=%2Fwp%2Fv2%2Ftags&post=123093"}],"curies":[{"name":"wp","href":"https:\/\/api.w.org\/{rel}","templated":true}]}}