{"id":123102,"date":"2023-09-03T02:49:03","date_gmt":"2023-09-03T02:49:03","guid":{"rendered":"https:\/\/haberulus.net\/?p=123102"},"modified":"2023-09-03T02:49:03","modified_gmt":"2023-09-03T02:49:03","slug":"cok-daha-kotu-gunler-ve-katmerli-zamlar-gelecek","status":"publish","type":"post","link":"https:\/\/haberulus.net\/?p=123102","title":{"rendered":"\u00c7ok daha k\u00f6t\u00fc g\u00fcnler ve katmerli zamlar gelecek"},"content":{"rendered":"<p>DEMOKRAT Parti Genel Ba\u015fkan\u0131 G\u00fcltekin Uysal, \u00fclkenin se\u00e7imlerde b\u00fcy\u00fck bir f\u0131rsat ka\u00e7\u0131rd\u0131\u011f\u0131n\u0131 belirtip, bug\u00fcn bunun ekonomik yans\u0131malar\u0131n\u0131n ya\u015fand\u0131\u011f\u0131n\u0131 s\u00f6yledi. S\u00d6ZC\u00dc&#8217;ye konu\u015fan Alt\u0131l\u0131 Masa&#8217;n\u0131n ortaklar\u0131ndan Demokrat Parti&#8217;nin lideri \u201c\u015eimdi T\u00fcrkiye&#8217;yi katmerli zamlar ve \u00e7ok daha k\u00f6t\u00fc g\u00fcnler bekliyor. 85 milyona y\u00fcklenen maliyet ve yoksulluk daha da derinle\u015fecek. Bundan sonra da zam ve vergi art\u0131\u015flar\u0131 devam edecek&#8221; dedi. Uysal \u015fu de\u011ferlendirmeleri yapt\u0131:<\/p>\n<p><strong>M\u0130LLET\u0130N \u0130K\u0130 TERC\u0130H\u0130 VARDI<\/strong><\/p>\n<p>\u201c\u0130ktidar se\u00e7im \u00f6ncesi \u2018\u00c7\u00f6lden develer gelecek&#8217; misali her \u015feyi hal\u0131n\u0131n alt\u0131na s\u00fcp\u00fcrd\u00fc. \u015eimdi faturay\u0131 85 milyona \u00f6detiyor. 6,5 milyon memur ve emeklisi de sefalete mahkum edildi. Bu se\u00e7imde ka\u00e7\u0131rd\u0131\u011f\u0131m\u0131z f\u0131rsat\u0131n teyidi se\u00e7imden sonra ekonomide ya\u015fanan alt-\u00fcst olu\u015flard\u0131r. Milletimizin \u00f6n\u00fcnde iki tercih vard\u0131. Kaynaklar\u0131 k\u00f6t\u00fc kullan\u0131lan ve yolsuzlukla ya\u011fmalanan T\u00fcrkiye&#8217;de faturay\u0131 bunu yapanlar m\u0131 \u00f6deyecek, yoksa k\u00fc\u00e7\u00fck bir az\u0131nl\u0131\u011f\u0131n d\u0131\u015f\u0131nda 85 milyon mu \u00f6deyecek? Neticede iktidar\u0131n kur korumal\u0131 mevduattan, \u2018faiz sebep enflasyon sonu\u00e7&#8217; tezine ve 85 milyonun kobay olarak kullan\u0131lmas\u0131na kadar t\u00fcm maliyetleri \u00f6d\u00fcyoruz.<\/p>\n<p><strong>YOKSULLUK DER\u0130NLE\u015eECEK<\/strong><\/p>\n<p>\u201cB\u00fcy\u00fck yap\u0131sal sorunlar var ve d\u00fcn doland\u0131r\u0131c\u0131 dediklerinizi bug\u00fcn bakan yap\u0131p, sorunlar\u0131 \u00e7\u00f6zemezsiniz. T\u00fcrkiye&#8217;nin i\u00e7ine d\u00fc\u015ft\u00fc\u011f\u00fc hamaset sarmal\u0131 var. Yalan ve montaj kasetlerini Cumhurba\u015fkan\u0131 da kabul ediyor. Bunlar\u0131 bile kullanmaktan \u00e7ekinmeyen bir ak\u0131l var. O zaman T\u00fcrkiye&#8217;nin Erdo\u011fan ile d\u0131\u015f politikada, Suriye meselesinde, ekonomide ve milli g\u00fcvenli\u011fi tehdit eder hale gelen sistematik yolsuzluklara kar\u015f\u0131 bir de\u011fi\u015fimi ger\u00e7ekle\u015ftirebilme imkan\u0131 yok. Bunlar\u0131n maliyetini de maalesef \u00f6n\u00fcm\u00fczdeki d\u00f6nemde 85 milyonun kar\u015f\u0131layaca\u011f\u0131 ger\u00e7e\u011fi var. Bu da yoksullu\u011fun daha da derinle\u015fmesi demektir.\u201d<\/p>\n<p><b>S\u0131\u011f\u0131nmac\u0131lar zincirleme probleme d\u00f6n\u00fc\u015ft\u00fc<\/b><\/p>\n<p>G\u00fcltekin Uysal a\u00e7\u0131klamalar\u0131nda s\u0131\u011f\u0131nmac\u0131lar sorununa de\u011findi. Demokrat Parti lideri \u201cSadece ve sadece Suriye i\u00e7 sava\u015f\u0131n\u0131n T\u00fcrkiye&#8217;ye yans\u0131mas\u0131 ile bug\u00fcn s\u0131\u011f\u0131nmac\u0131lar, zincirleme bir probleme d\u00f6n\u00fc\u015ft\u00fc. \u0130stanbul ba\u015fta olmak \u00fczere kira meselesi var. \u00dcniversitelerin a\u00e7\u0131l\u0131\u015f\u0131 yakla\u015f\u0131yor. T\u00fcrkiye&#8217;de pek \u00e7ok y\u00fcksek puan alm\u0131\u015f evlad\u0131m\u0131z daha iyi \u00fcniversiteleri tercih edemedi. \u00c7\u00fcnk\u00fc \u00fclkede ya\u015fanan al\u0131m g\u00fcc\u00fc kayb\u0131 var. \u0130stanbul art\u0131k pahal\u0131 ve ya\u015fanmaz halde. T\u00fcm verilere bak\u0131nca \u00fclkeyi daha k\u00f6t\u00fc g\u00fcnler bekliyor. Ama iktidara oy vermi\u015f kitlelerin bu yanl\u0131\u015flar\u0131 onaylad\u0131\u011f\u0131 kanaatinde de de\u011filim\u201d de\u011ferlendirmesini yapt\u0131.<\/p>\n<p><b>Se\u00e7imde muhalefet olarak de\u011fi\u015fimi ba\u015faramad\u0131k<\/b><\/p>\n<p>DP lideri G\u00fcltekin Uysal, milletvekilli\u011fi ve cumhurba\u015fkanl\u0131\u011f\u0131 se\u00e7imleri i\u00e7in \u00f6zele\u015ftiri yaparak \u015funlar\u0131 dile getirdi: \u201cDevletimiz ve demokrasinin en \u00f6nemli hazinesi, kavgas\u0131z d\u00f6v\u00fc\u015fs\u00fcz iktidar\u0131 de\u011fi\u015ftirme kabiliyetiydi. Muhalefet olarak bunu ba\u015farmal\u0131yd\u0131k. Toplumun b\u00fcy\u00fck \u00e7o\u011funlu\u011funun, bu sistem ve keyfi rejime itiraz\u0131 vard\u0131. Biz bunu hem cumhurba\u015fkanl\u0131\u011f\u0131 se\u00e7iminde Millet \u0130ttifak\u0131 aday\u0131n\u0131n arkas\u0131na hem de TBMM se\u00e7imine koyabilmeliydik ama ba\u015faramad\u0131k. G\u00f6n\u00fcl isterdi ki T\u00fcrkiye bir b\u00fcy\u00fck enerjiyle zaman\u0131n ruhunu ve tarihin temposunu yakalayabilsin ama olmad\u0131. Ancak ortada y\u00fczde 48&#8217;lik oy ve bunun y\u00fckledi\u011fi sorumluluk varken k\u00fc\u00e7\u00fck zaferler u\u011fruna y\u00fczde 48&#8217;i kaybetmeden daha a\u011f\u0131r umutsuzlu\u011fa sevk edecek tav\u0131rlardan da ka\u00e7\u0131nmak gerekiyor.\u201d<\/p>\n<p>Uysal, Cumhurba\u015fkan\u0131 Erdo\u011fan&#8217;\u0131n ekonomi politikalar\u0131n\u0131 da \u015f\u00f6yle ele\u015ftirdi: \u201cMerkez Bankas\u0131 \u015fimdi faiz artt\u0131r\u0131yor. Hani \u2018Nas&#8217; vard\u0131, ne oldu? Bu \u00fclkede bir namuslu gazeteci \u00e7\u0131k\u0131p da say\u0131n Erdo\u011fan&#8217;a \u2018Ne oldu?&#8217; diye soram\u0131yor. Ortada \u2018Bir yanl\u0131\u015ftan d\u00f6nd\u00fck&#8217; diyerek nedamet getirmi\u015f, pi\u015fmanl\u0131k duymu\u015f, sorgulama yapm\u0131\u015f bir iktidar da yok. Maliyetler yeniden ve katmerli bir bi\u00e7imde milletimize ciro edilecek. Bakan Mehmet \u015eim\u015fek de bunu saklam\u0131yor. Zamlar ile vergi art\u0131\u015flar\u0131n\u0131n devam edece\u011fini s\u00f6yledi. Bu uygulanan politikalar\u0131n hem itiraf\u0131 hem de \u00f6nceki yanl\u0131\u015flar\u0131n tekzibidir.\u201d<\/p>\n","protected":false},"excerpt":{"rendered":"<p>Uysal, iktidar\u0131n se\u00e7im \u00f6ncesi \u2018\u00c7\u00f6lden develer gelecek\u2019 misali her \u015feyi hal\u0131n\u0131n alt\u0131na s\u00fcp\u00fcrd\u00fc\u011f\u00fcn\u00fc ileri s\u00fcrd\u00fc: \u201c\u015eimdi de faturay\u0131 85 milyona \u00f6detiyorlar\u201d dedi.<\/p>\n","protected":false},"author":1,"featured_media":123103,"comment_status":"closed","ping_status":"open","sticky":false,"template":"","format":"standard","meta":{"footnotes":""},"categories":[26],"tags":[1716,484,320,15,5409],"class_list":["post-123102","post","type-post","status-publish","format-standard","has-post-thumbnail","hentry","category-gundem","tag-iktidar","tag-millet","tag-secim","tag-turkiye","tag-uysal"],"_links":{"self":[{"href":"https:\/\/haberulus.net\/index.php?rest_route=\/wp\/v2\/posts\/123102","targetHints":{"allow":["GET"]}}],"collection":[{"href":"https:\/\/haberulus.net\/index.php?rest_route=\/wp\/v2\/posts"}],"about":[{"href":"https:\/\/haberulus.net\/index.php?rest_route=\/wp\/v2\/types\/post"}],"author":[{"embeddable":true,"href":"https:\/\/haberulus.net\/index.php?rest_route=\/wp\/v2\/users\/1"}],"replies":[{"embeddable":true,"href":"https:\/\/haberulus.net\/index.php?rest_route=%2Fwp%2Fv2%2Fcomments&post=123102"}],"version-history":[{"count":1,"href":"https:\/\/haberulus.net\/index.php?rest_route=\/wp\/v2\/posts\/123102\/revisions"}],"predecessor-version":[{"id":123104,"href":"https:\/\/haberulus.net\/index.php?rest_route=\/wp\/v2\/posts\/123102\/revisions\/123104"}],"wp:featuredmedia":[{"embeddable":true,"href":"https:\/\/haberulus.net\/index.php?rest_route=\/wp\/v2\/media\/123103"}],"wp:attachment":[{"href":"https:\/\/haberulus.net\/index.php?rest_route=%2Fwp%2Fv2%2Fmedia&parent=123102"}],"wp:term":[{"taxonomy":"category","embeddable":true,"href":"https:\/\/haberulus.net\/index.php?rest_route=%2Fwp%2Fv2%2Fcategories&post=123102"},{"taxonomy":"post_tag","embeddable":true,"href":"https:\/\/haberulus.net\/index.php?rest_route=%2Fwp%2Fv2%2Ftags&post=123102"}],"curies":[{"name":"wp","href":"https:\/\/api.w.org\/{rel}","templated":true}]}}