{"id":123105,"date":"2023-09-03T02:49:04","date_gmt":"2023-09-03T02:49:04","guid":{"rendered":"https:\/\/haberulus.net\/?p=123105"},"modified":"2023-09-03T02:49:04","modified_gmt":"2023-09-03T02:49:04","slug":"misafir-oldugu-evin-dedesi-fetocu-cikti","status":"publish","type":"post","link":"https:\/\/haberulus.net\/?p=123105","title":{"rendered":"Misafir oldu\u011fu evin dedesi FET\u00d6\u2019c\u00fc \u00e7\u0131kt\u0131"},"content":{"rendered":"<p><strong>\u0130\u00e7i\u015fleri<\/strong> Bakan\u0131 Ali Yerlikaya, 31 A\u011fustos&#8217;ta sosyal medya hesab\u0131ndan yapt\u0131\u011f\u0131 payla\u015f\u0131mda, bakanl\u0131\u011f\u0131n ter\u00f6r arananlar listesinde turuncu kategoride bulunan FET\u00d6 firarisi Mehmet \u00c7etinkaya&#8217;n\u0131n Mu\u011fla&#8217;da yakaland\u0131\u011f\u0131n\u0131 duyurdu.<\/p>\n<p>Mehmet \u00c7etinkaya&#8217;n\u0131n 1992-1994 y\u0131llar\u0131nda \u00d6zbekistan&#8217;da FET\u00d6 okullar\u0131n\u0131n genel m\u00fcd\u00fcrl\u00fc\u011f\u00fcn\u00fc yapt\u0131\u011f\u0131 ve bu \u00fclkenin s\u00f6zde ilk FET\u00d6\/PDY imam\u0131 oldu\u011fu, ge\u00e7mi\u015fte \u00f6rg\u00fctte s\u00f6zde Mu\u011fla K\u00f6yce\u011fiz il\u00e7e imam\u0131 ve Mu\u011fla il imam\u0131 olarak faaliyet y\u00fcr\u00fctt\u00fc\u011f\u00fcyle ilgili bilgiler de payla\u015f\u0131ld\u0131.<\/p>\n<p><img decoding=\"async\" src=\"https:\/\/i01.sozcucdn.com\/wp-content\/uploads\/2023\/09\/02\/12erdogan2.jpg\" alt=\"\" title=\"\"><\/p>\n<p>Firari Mehmet \u00c7etinkaya&#8217;n\u0131n, Cumhurba\u015fkan\u0131 Erdo\u011fan&#8217;\u0131n evinde ziyaret etti\u011fi Serta\u00e7 So\u011fanc\u0131&#8217;n\u0131n kay\u0131npederi oldu\u011fu ortaya \u00e7\u0131kt\u0131. Erdo\u011fan, ge\u00e7en ocak ay\u0131nda Mu\u011fla&#8217;da toplu a\u00e7\u0131l\u0131\u015f t\u00f6reninin ard\u0131ndan kendisini davet eden 19 ya\u015f\u0131ndaki gen\u00e7 k\u0131z\u0131n evine konuk olmu\u015ftu. Erdo\u011fan, baba Serta\u00e7 So\u011fanc\u0131 ve di\u011fer aile \u00fcyeleriyle sohbet etmi\u015f ve foto\u011fraf \u00e7ektirmi\u015fti.<\/p>\n","protected":false},"excerpt":{"rendered":"<p>Cumhurba\u015fkan\u0131 Erdo\u011fan\u2019\u0131n evinde ziyaret etti\u011fi Serta\u00e7 So\u011fanc\u0131\u2019n\u0131n kay\u0131npederinin firari Mehmet \u00c7etinkaya oldu\u011fu ortaya \u00e7\u0131kt\u0131.<\/p>\n","protected":false},"author":1,"featured_media":123106,"comment_status":"closed","ping_status":"open","sticky":false,"template":"","format":"standard","meta":{"footnotes":""},"categories":[26],"tags":[],"class_list":["post-123105","post","type-post","status-publish","format-standard","has-post-thumbnail","hentry","category-gundem"],"_links":{"self":[{"href":"https:\/\/haberulus.net\/index.php?rest_route=\/wp\/v2\/posts\/123105","targetHints":{"allow":["GET"]}}],"collection":[{"href":"https:\/\/haberulus.net\/index.php?rest_route=\/wp\/v2\/posts"}],"about":[{"href":"https:\/\/haberulus.net\/index.php?rest_route=\/wp\/v2\/types\/post"}],"author":[{"embeddable":true,"href":"https:\/\/haberulus.net\/index.php?rest_route=\/wp\/v2\/users\/1"}],"replies":[{"embeddable":true,"href":"https:\/\/haberulus.net\/index.php?rest_route=%2Fwp%2Fv2%2Fcomments&post=123105"}],"version-history":[{"count":1,"href":"https:\/\/haberulus.net\/index.php?rest_route=\/wp\/v2\/posts\/123105\/revisions"}],"predecessor-version":[{"id":123107,"href":"https:\/\/haberulus.net\/index.php?rest_route=\/wp\/v2\/posts\/123105\/revisions\/123107"}],"wp:featuredmedia":[{"embeddable":true,"href":"https:\/\/haberulus.net\/index.php?rest_route=\/wp\/v2\/media\/123106"}],"wp:attachment":[{"href":"https:\/\/haberulus.net\/index.php?rest_route=%2Fwp%2Fv2%2Fmedia&parent=123105"}],"wp:term":[{"taxonomy":"category","embeddable":true,"href":"https:\/\/haberulus.net\/index.php?rest_route=%2Fwp%2Fv2%2Fcategories&post=123105"},{"taxonomy":"post_tag","embeddable":true,"href":"https:\/\/haberulus.net\/index.php?rest_route=%2Fwp%2Fv2%2Ftags&post=123105"}],"curies":[{"name":"wp","href":"https:\/\/api.w.org\/{rel}","templated":true}]}}