{"id":123108,"date":"2023-09-03T02:49:05","date_gmt":"2023-09-03T02:49:05","guid":{"rendered":"https:\/\/haberulus.net\/?p=123108"},"modified":"2023-09-03T02:49:05","modified_gmt":"2023-09-03T02:49:05","slug":"suudi-insaat-sirketine-kamulastirma-kalkani","status":"publish","type":"post","link":"https:\/\/haberulus.net\/?p=123108","title":{"rendered":"Suudi in\u015faat \u015firketine \u2018kamula\u015ft\u0131rma kalkan\u0131\u2019"},"content":{"rendered":"<p><strong>\u0130stanbul<\/strong> B\u00fcy\u00fck\u015fehir Belediyesi&#8217;nin (\u0130BB) kente kar\u015f\u0131 i\u015flenen su\u00e7lar\u0131 \u00f6nleme giri\u015fimlerinin \u00f6n\u00fcne engel \u00e7\u0131kar\u0131lmaya devam ediliyor. Zeytinburnu&#8217;ndaki ka\u00e7ak plazan\u0131n y\u0131k\u0131m\u0131 valilik karar\u0131yla engellendikten sonra \u00c7evre, \u015eehircilik ve \u0130klim De\u011fi\u015fikli\u011fi Bakanl\u0131\u011f\u0131 plazaya kalkan oldu ve acele kamula\u015ft\u0131rma karar\u0131 \u00e7\u0131kard\u0131. Seyitnizam Mahallesi&#8217;ndeki kamuya ait ye\u015fil alana Suudi Arabistan merkezli Al Qemam Holding&#8217;in T\u00fcrkiye&#8217;deki \u015firketi AkZirve Gayrimenkul ka\u00e7ak \u015fekilde \u00e7ok katl\u0131 plaza in\u015fa etti.<\/p>\n<p><strong>ZABITA-POL\u0130S KAR\u015eI KAR\u015eIYA <\/strong><\/p>\n<p>\u0130BB \u0130mar M\u00fcd\u00fcrl\u00fc\u011f\u00fc 2021&#8217;de yap\u0131n\u0131n ka\u00e7ak oldu\u011funu tespit etti. Ka\u00e7ak plazay\u0131 y\u0131kmak isteyen \u0130BB ekipleri engellemelerle kar\u015f\u0131la\u015ft\u0131. Y\u0131k\u0131m s\u00fcrecine ili\u015fkin mahkeme \u0130BB lehine karar verse de bu kez \u0130stanbul Valisi Davut G\u00fcl devreye girdi. 29 A\u011fustos sabah\u0131 ka\u00e7ak yap\u0131y\u0131 y\u0131kmaya giden \u0130BB ekiplerinin kar\u015f\u0131s\u0131na polis \u00e7\u0131kar\u0131ld\u0131. Valinin imzas\u0131yla resmi yaz\u0131 g\u00f6nderilerek yap\u0131n\u0131n Hazine&#8217;ye ge\u00e7ti\u011fi, AkZirve \u015eirketi&#8217;nin ise kiralamak i\u00e7in m\u00fcracaat etti\u011fi, talebin de\u011ferlendirildi\u011fi gerek\u00e7e g\u00f6sterilerek y\u0131k\u0131m yap\u0131lmamas\u0131n\u0131 istendi.<\/p>\n<p><img decoding=\"async\" src=\"https:\/\/i01.sozcucdn.com\/wp-content\/uploads\/2023\/09\/03\/03szt05a_ist_izm_ant_ank_trb_adn.jpg\" alt=\"\" title=\"\"><\/p>\n<p><strong>AKP&#8217;L\u0130 BELED\u0130YEYE GE\u00c7T\u0130<\/strong><\/p>\n<p>B\u00f6lge, \u00f6nce 28 A\u011fustos tarihli Resmi Gazete&#8217;de yay\u0131mlanan Cumhurba\u015fkanl\u0131\u011f\u0131 kararnamesiyle AKP&#8217;li Zeytinburnu Belediye Ba\u015fkanl\u0131\u011f\u0131 taraf\u0131ndan acil kamula\u015ft\u0131r\u0131lacak yer stat\u00fcs\u00fcne sokuldu. Hemen ard\u0131ndan 31 A\u011fustos&#8217;ta ise \u00c7evre, \u015eehircilik ve \u0130klim De\u011fi\u015fikli\u011fi Bakanl\u0131\u011f\u0131 taraf\u0131ndan yeni imar planlar\u0131 ask\u0131ya \u00e7\u0131kar\u0131ld\u0131. Plazan\u0131n oldu\u011fu ye\u015fil alan acele kamula\u015ft\u0131rma ile Zeytinburnu Belediyesi&#8217;ne ge\u00e7irilirken plazan\u0131n oldu\u011fu alan\u0131n sosyal tesis olarak d\u00fczenlenmesine karar verildi.<\/p>\n<p><b>Mahkemeler \u0130BB&#8217;nin lehine sonu\u00e7land\u0131<\/b><\/p>\n<p><strong>\u0130BB <\/strong>\u0130mar M\u00fcd\u00fcrl\u00fc\u011f\u00fc, 2021&#8217;de ka\u00e7ak tespitini yapt\u0131\u011f\u0131 plaza i\u00e7in 775 say\u0131l\u0131 Gecekondu Kanunu&#8217;na dayanarak i\u015flem ba\u015flatt\u0131. AkZirve Gayrimenkul mahkemeye ta\u015f\u0131d\u0131. Mahkeme \u0130BB lehinde karar vererek, bakanl\u0131\u011f\u0131n plan de\u011fi\u015fikli\u011fini iptal etti ve 775 say\u0131l\u0131 kanuna g\u00f6re yap\u0131lan i\u015flemi hukuka uygun buldu. \u0130BB ekipleri buna dayanarak may\u0131s ay\u0131nda y\u0131k\u0131m i\u00e7in harekete ge\u00e7ti. AkZirve yine mahkemeye gidip y\u00fcr\u00fctmeye durdurma karar\u0131 ald\u0131rd\u0131. \u0130BB&#8217;nin itiraz\u0131n\u0131 bir \u00fcst mahkeme hakl\u0131 bularak y\u00fcr\u00fctmeyi durdurma karar\u0131n\u0131 kald\u0131rd\u0131. 29 A\u011fustos&#8217;taki y\u0131kma giri\u015fimi de \u00f6nce valilik sonra bakanl\u0131k arac\u0131l\u0131\u011f\u0131 ile engellendi.<\/p>\n<p>\u00a0<\/p>\n","protected":false},"excerpt":{"rendered":"<p>\u00c7evre, \u015eehircilik ve \u0130klim De\u011fi\u015fikli\u011fi Bakanl\u0131\u011f\u0131, ye\u015fil alana yap\u0131lan ka\u00e7ak plazay\u0131 kurtarmak i\u00e7in imar plan\u0131nda de\u011fi\u015fiklik yap\u0131p, acele kamula\u015ft\u0131rma karar\u0131 \u00e7\u0131kard\u0131.<\/p>\n","protected":false},"author":1,"featured_media":123109,"comment_status":"closed","ping_status":"open","sticky":false,"template":"","format":"standard","meta":{"footnotes":""},"categories":[26],"tags":[548,694,580,505,13976],"class_list":["post-123108","post","type-post","status-publish","format-standard","has-post-thumbnail","hentry","category-gundem","tag-ibb","tag-kacak","tag-karar","tag-mahkeme","tag-plaza"],"_links":{"self":[{"href":"https:\/\/haberulus.net\/index.php?rest_route=\/wp\/v2\/posts\/123108","targetHints":{"allow":["GET"]}}],"collection":[{"href":"https:\/\/haberulus.net\/index.php?rest_route=\/wp\/v2\/posts"}],"about":[{"href":"https:\/\/haberulus.net\/index.php?rest_route=\/wp\/v2\/types\/post"}],"author":[{"embeddable":true,"href":"https:\/\/haberulus.net\/index.php?rest_route=\/wp\/v2\/users\/1"}],"replies":[{"embeddable":true,"href":"https:\/\/haberulus.net\/index.php?rest_route=%2Fwp%2Fv2%2Fcomments&post=123108"}],"version-history":[{"count":1,"href":"https:\/\/haberulus.net\/index.php?rest_route=\/wp\/v2\/posts\/123108\/revisions"}],"predecessor-version":[{"id":123110,"href":"https:\/\/haberulus.net\/index.php?rest_route=\/wp\/v2\/posts\/123108\/revisions\/123110"}],"wp:featuredmedia":[{"embeddable":true,"href":"https:\/\/haberulus.net\/index.php?rest_route=\/wp\/v2\/media\/123109"}],"wp:attachment":[{"href":"https:\/\/haberulus.net\/index.php?rest_route=%2Fwp%2Fv2%2Fmedia&parent=123108"}],"wp:term":[{"taxonomy":"category","embeddable":true,"href":"https:\/\/haberulus.net\/index.php?rest_route=%2Fwp%2Fv2%2Fcategories&post=123108"},{"taxonomy":"post_tag","embeddable":true,"href":"https:\/\/haberulus.net\/index.php?rest_route=%2Fwp%2Fv2%2Ftags&post=123108"}],"curies":[{"name":"wp","href":"https:\/\/api.w.org\/{rel}","templated":true}]}}