{"id":12313,"date":"2022-07-22T13:36:05","date_gmt":"2022-07-22T13:36:05","guid":{"rendered":"https:\/\/haberulus.net\/?p=12313"},"modified":"2022-07-22T13:36:05","modified_gmt":"2022-07-22T13:36:05","slug":"kan-donduran-cinayette-karar-cikti-40-yillik-esi-serbest-kaldi","status":"publish","type":"post","link":"https:\/\/haberulus.net\/?p=12313","title":{"rendered":"Kan donduran cinayette karar \u00e7\u0131kt\u0131: 40 y\u0131ll\u0131k e\u015fi serbest kald\u0131"},"content":{"rendered":"<p><b>\u0130ngiltere&#8217;de ge\u00e7en y\u0131l kanser olan e\u015finin r\u0131zas\u0131yla bo\u011faz\u0131n\u0131 kesen ve daha sonra intihar etmeye \u00e7al\u0131\u015fan adam d\u00fcn hakim kar\u015f\u0131s\u0131na \u00e7\u0131kt\u0131. <\/b><\/p>\n<p>\u0130ngiltere\u2019de g\u00fcndem 2021 y\u0131l\u0131n\u0131n Mart ay\u0131nda intihar etmek isteyen e\u015finin bo\u011faz\u0131n\u0131 kesen ve daha sonra intihar etmeye \u00e7al\u0131\u015fan 71 ya\u015f\u0131ndaki Graham Mansfield\u2019\u0131n davas\u0131\u2026<\/p>\n<p>D\u00fcn g\u00f6r\u00fclen davada 40 y\u0131ll\u0131k evli \u00e7iftin korkun\u00e7 plan\u0131n\u0131n perde arkas\u0131 ortaya \u00e7\u0131kt\u0131. D\u00fcn hakim kar\u015f\u0131s\u0131na \u00e7\u0131kan 73 ya\u015f\u0131ndaki Graham Mansfield, 71 ya\u015f\u0131ndaki e\u015fi Dyanne ile nas\u0131l bir anla\u015fma yapt\u0131klar\u0131n\u0131n b\u00fct\u00fcn detaylar\u0131n\u0131 payla\u015ft\u0131. 40\u2019\u0131nc\u0131 evlilik y\u0131ld\u00f6n\u00fcmlerini kutlad\u0131ktan sonra Dyanne\u2019e kanser te\u015fhisi kondu\u011funu s\u00f6yleyen Mansfield, e\u015finin intihar etmek istedi\u011fini ve kendisinin yard\u0131mc\u0131 oldu\u011funu s\u00f6yledi.<\/p>\n<p>\u0130ngiltere\u2019de \u201cetik\u201d tart\u0131\u015fmas\u0131 ba\u015flatan Mansfield, \u201cOna, \u2018haz\u0131r m\u0131s\u0131n\u2019 diye sordum ve o da bana, \u2018Evet haz\u0131r\u0131m, hi\u00e7 ses \u00e7\u0131karmayaca\u011f\u0131m\u2019 dedi\u201d ifadesini kulland\u0131. Bo\u011faz\u0131n\u0131 kesmeden \u00f6nce evlerinin bah\u00e7esinde son bir kez daha i\u00e7ki i\u00e7tiklerini s\u00f6yleyen Mansfield daha sonra intihara te\u015febb\u00fcs etmi\u015f fakat hayatta kalm\u0131\u015ft\u0131.<\/p>\n<div><img decoding=\"async\" src=\"https:\/\/i01.sozcucdn.com\/wp-content\/uploads\/2022\/07\/22\/adam-bbc.jpg\" alt=\"\" title=\"\"><\/p>\n<p>Avukat\u0131yla adliye salonu \u00f6n\u00fcnde a\u00e7\u0131klama yapan Mansfield, \u0130ngiltere\u2019de \u00f6tenazi hakk\u0131n\u0131n getirilmesi gerekti\u011fini s\u00f6yledi.<\/p>\n<\/div>\n<p>Hale\u2019de ya\u015fanan olay\u0131 inceleyen hakim, d\u00fcn karar\u0131n\u0131 verdi. E\u015finin b\u00fcy\u00fck ac\u0131lar i\u00e7inde oldu\u011funu ve \u00f6lmek istedi\u011fini s\u00f6yleyen Mansfield, e\u015finin kanser te\u015fhisi konduktan sonra, \u201cE\u011fer i\u015fler k\u00f6t\u00fcye giderse benim can\u0131m\u0131 alman\u0131 istiyorum\u201d dedi\u011fini de s\u00f6yledi.<\/p>\n<p><strong>TEK B\u0130R \u015eARTLA KABUL ETM\u0130\u015e<\/strong><\/p>\n<p>Mansfield, \u201cBu s\u00f6zler hayat\u0131mda duydu\u011fum en \u00fcz\u00fcc\u00fc s\u00f6zlerdi\u201d ifadesini kulland\u0131. Mansfield, bunu tek bir \u015fartla ve kendisinin de intihar etmesine izin vermesi \u015fart\u0131yla yapt\u0131\u011f\u0131n\u0131 dile getirdi.<\/p>\n<p>Hakim, Mansfield\u2019\u0131 su\u00e7suz bularak serbest b\u0131rak\u0131ld\u0131. \u00d6zg\u00fcrl\u00fc\u011f\u00fcne kavu\u015fan adam, adliye binas\u0131 \u00f6n\u00fcnde a\u00e7\u0131klamalarda bulundu.<\/p>\n<p>Mansfield, \u201cYasalar de\u011fi\u015fmeli ve \u00f6tenazi hakk\u0131 gelmeli. Kimse bizim ya\u015fad\u0131klar\u0131m\u0131z\u0131 ya\u015famamal\u0131. E\u015fim, bu barbarca \u015fartlarda \u00f6lmemeli. Bunu yapmak zorundayd\u0131k\u201d dedi.<\/p>\n","protected":false},"excerpt":{"rendered":"<p>\u0130ngiltere&#8217;de ge\u00e7en y\u0131l kanser olan e\u015finin r\u0131zas\u0131yla bo\u011faz\u0131n\u0131 kesen ve daha sonra intihar etmeye \u00e7al\u0131\u015fan adam d\u00fcn hakim kar\u015f\u0131s\u0131na \u00e7\u0131kt\u0131 &#8230;<\/p>\n","protected":false},"author":1,"featured_media":12314,"comment_status":"open","ping_status":"open","sticky":false,"template":"","format":"standard","meta":{"footnotes":""},"categories":[24],"tags":[3450,1170],"class_list":["post-12313","post","type-post","status-publish","format-standard","has-post-thumbnail","hentry","category-dunya","tag-esinin","tag-intihar"],"_links":{"self":[{"href":"https:\/\/haberulus.net\/index.php?rest_route=\/wp\/v2\/posts\/12313","targetHints":{"allow":["GET"]}}],"collection":[{"href":"https:\/\/haberulus.net\/index.php?rest_route=\/wp\/v2\/posts"}],"about":[{"href":"https:\/\/haberulus.net\/index.php?rest_route=\/wp\/v2\/types\/post"}],"author":[{"embeddable":true,"href":"https:\/\/haberulus.net\/index.php?rest_route=\/wp\/v2\/users\/1"}],"replies":[{"embeddable":true,"href":"https:\/\/haberulus.net\/index.php?rest_route=%2Fwp%2Fv2%2Fcomments&post=12313"}],"version-history":[{"count":1,"href":"https:\/\/haberulus.net\/index.php?rest_route=\/wp\/v2\/posts\/12313\/revisions"}],"predecessor-version":[{"id":12315,"href":"https:\/\/haberulus.net\/index.php?rest_route=\/wp\/v2\/posts\/12313\/revisions\/12315"}],"wp:featuredmedia":[{"embeddable":true,"href":"https:\/\/haberulus.net\/index.php?rest_route=\/wp\/v2\/media\/12314"}],"wp:attachment":[{"href":"https:\/\/haberulus.net\/index.php?rest_route=%2Fwp%2Fv2%2Fmedia&parent=12313"}],"wp:term":[{"taxonomy":"category","embeddable":true,"href":"https:\/\/haberulus.net\/index.php?rest_route=%2Fwp%2Fv2%2Fcategories&post=12313"},{"taxonomy":"post_tag","embeddable":true,"href":"https:\/\/haberulus.net\/index.php?rest_route=%2Fwp%2Fv2%2Ftags&post=12313"}],"curies":[{"name":"wp","href":"https:\/\/api.w.org\/{rel}","templated":true}]}}